{"id":126129,"date":"2009-01-30T09:04:03","date_gmt":"2009-01-30T08:04:03","guid":{"rendered":"http:\/\/www.monblogdefille.com\/blog\/?p=126129"},"modified":"2011-12-31T18:09:22","modified_gmt":"2011-12-31T17:09:22","slug":"le-baume-nuxe-le-plus-cher-du-monde","status":"publish","type":"post","link":"https:\/\/www.monblogdefille.com\/blog\/le-baume-nuxe-le-plus-cher-du-monde\/","title":{"rendered":"Le baume Nuxe le plus cher du monde"},"content":{"rendered":"<p class=\"MsoNormal\"><span style=\"font-size: 10pt; font-family: Arial;\"><img loading=\"lazy\" decoding=\"async\" class=\"alignnone size-full wp-image-126130\" title=\"nuxe-belgique\" src=\"http:\/\/www.monblogdefille.com\/blog\/wp-content\/uploads\/2009\/01\/nuxe-belgique.jpg\" alt=\"nuxe-belgique\" width=\"500\" height=\"667\" \/><\/span><\/p>\n<p class=\"MsoNormal\"><span style=\"font-size: 10pt; font-family: Arial;\">Le week-end dernier j\u2019\u00e9tais \u00e0 Bruxelles, je suis tomb\u00e9e en arr\u00eat devant le baume \u00e0 l\u00e8vres Nuxe le plus cher que j\u2019ai jamais crois\u00e9\u00a0: 14,20 \u20ac le pot\u00a0!!!!!!<\/span><\/p>\n<p class=\"MsoNormal\"><span style=\"font-size: 10pt; font-family: Arial;\">Sa race, \u00e7a rigole pas l\u00e0-haut.<\/span><\/p>\n<p class=\"MsoNormal\"><span style=\"font-size: 10pt; font-family: Arial;\"> <\/span><\/p>\n<p class=\"MsoNormal\"><span style=\"font-size: 10pt; font-family: Arial;\">J\u2019\u00e9tais tellement sci\u00e9e que j\u2019ai fait une photo. <\/span><\/p>\n<p class=\"MsoNormal\"><span style=\"font-size: 10pt; font-family: Arial;\">Moi qui me plaignais de le payer 8,10 \u20ac \u00e0 Paris, je ne dis plus rien (en m\u00eame temps les apparts co\u00fbtent exactement deux fois moins cher qu\u2019ici, \u00e7a n\u2019est que justice que le baume \u00e0 l\u00e8vres y soit vendu le double, hin hin\u00a0;-).<\/span><\/p>\n","protected":false},"excerpt":{"rendered":"<p>Le week-end dernier j\u2019\u00e9tais \u00e0 Bruxelles, je suis tomb\u00e9e en arr\u00eat devant le baume \u00e0 l\u00e8vres Nuxe le plus cher que j\u2019ai jamais crois\u00e9\u00a0: 14,20 \u20ac le pot\u00a0!!!!!! Sa race, \u00e7a rigole pas l\u00e0-haut. J\u2019\u00e9tais&#8230;<br \/> <a class=\"read-more\" href=\"https:\/\/www.monblogdefille.com\/blog\/le-baume-nuxe-le-plus-cher-du-monde\/\">Lire la suite \u00bb<\/a><\/p>\n","protected":false},"author":3,"featured_media":126130,"comment_status":"open","ping_status":"open","sticky":false,"template":"","format":"standard","meta":{"footnotes":""},"categories":[1489],"tags":[19951],"class_list":["post-126129","post","type-post","status-publish","format-standard","has-post-thumbnail","hentry","category-le-soin","tag-baume-a-levres"],"_links":{"self":[{"href":"https:\/\/www.monblogdefille.com\/blog\/wp-json\/wp\/v2\/posts\/126129","targetHints":{"allow":["GET"]}}],"collection":[{"href":"https:\/\/www.monblogdefille.com\/blog\/wp-json\/wp\/v2\/posts"}],"about":[{"href":"https:\/\/www.monblogdefille.com\/blog\/wp-json\/wp\/v2\/types\/post"}],"author":[{"embeddable":true,"href":"https:\/\/www.monblogdefille.com\/blog\/wp-json\/wp\/v2\/users\/3"}],"replies":[{"embeddable":true,"href":"https:\/\/www.monblogdefille.com\/blog\/wp-json\/wp\/v2\/comments?post=126129"}],"version-history":[{"count":0,"href":"https:\/\/www.monblogdefille.com\/blog\/wp-json\/wp\/v2\/posts\/126129\/revisions"}],"wp:featuredmedia":[{"embeddable":true,"href":"https:\/\/www.monblogdefille.com\/blog\/wp-json\/wp\/v2\/media\/126130"}],"wp:attachment":[{"href":"https:\/\/www.monblogdefille.com\/blog\/wp-json\/wp\/v2\/media?parent=126129"}],"wp:term":[{"taxonomy":"category","embeddable":true,"href":"https:\/\/www.monblogdefille.com\/blog\/wp-json\/wp\/v2\/categories?post=126129"},{"taxonomy":"post_tag","embeddable":true,"href":"https:\/\/www.monblogdefille.com\/blog\/wp-json\/wp\/v2\/tags?post=126129"}],"curies":[{"name":"wp","href":"https:\/\/api.w.org\/{rel}","templated":true}]}}