{"id":126122,"date":"2009-01-30T08:28:57","date_gmt":"2009-01-30T07:28:57","guid":{"rendered":"http:\/\/www.monblogdefille.com\/blog\/?p=126122"},"modified":"2009-01-31T10:34:44","modified_gmt":"2009-01-31T09:34:44","slug":"les-yeux-de-vero","status":"publish","type":"post","link":"https:\/\/www.monblogdefille.com\/blog\/les-yeux-de-vero\/","title":{"rendered":"Les yeux de V\u00e9ro"},"content":{"rendered":"<p class=\"MsoNormal\"><span style=\"font-size: 10pt; font-family: Arial;\"><img loading=\"lazy\" decoding=\"async\" class=\"alignnone size-full wp-image-126123\" title=\"vero-1\" src=\"http:\/\/www.monblogdefille.com\/blog\/wp-content\/uploads\/2009\/01\/vero-1.jpg\" alt=\"vero-1\" width=\"500\" height=\"196\" \/><\/span><\/p>\n<p class=\"MsoNormal\"><span style=\"font-size: 10pt; font-family: Arial;\">\u00ab\u00a0Je me suis enfin d\u00e9cid\u00e9e \u00e0 te demander des conseils en maquillage. J&rsquo;ai 24 ans. Je suis ch\u00e2tain fonc\u00e9 avec la peau claire et des t\u00e2ches de rousseur. Je ne porte plus de lentilles ni de lunettes depuis que je me suis faite op\u00e9r\u00e9e au laser il y a 4 mois. Une renaissance et de nouvelles envies !<\/span><\/p>\n<p class=\"MsoNormal\"><span style=\"font-size: 10pt; font-family: Arial;\">Je m&rsquo;\u00e9pile un peu les sourcils mais je trouve qu&rsquo;ils ont quand m\u00eame une ligne assez singuli\u00e8re.<\/span><\/p>\n<p class=\"MsoNormal\"><span style=\"font-size: 10pt; font-family: Arial;\">Tous les jours, je suis au naturel avec juste du blush et du labello. Si j&rsquo;ai le temps le matin, je mets un peu de mascara (Inimitable de Chanel). Et les jours de f\u00eate, j&rsquo;ajoute un trait de crayon gris.<\/span><\/p>\n<p class=\"MsoNormal\"><span style=\"font-size: 10pt; font-family: Arial;\"><img loading=\"lazy\" decoding=\"async\" class=\"alignnone size-full wp-image-126124\" title=\"vero-2\" src=\"http:\/\/www.monblogdefille.com\/blog\/wp-content\/uploads\/2009\/01\/vero-2.jpg\" alt=\"vero-2\" width=\"500\" height=\"213\" \/><br \/>\n<\/span><\/p>\n<p class=\"MsoNormal\"><span style=\"font-size: 10pt; font-family: Arial;\">Le truc, c&rsquo;est que je ne m&rsquo;\u00e9tais jamais rendu compte que le crayon faisait ainsi ressortir le \u00ab\u00a0tombant\u00a0\u00bb de mes yeux, et je n&rsquo;aime plus trop finalement. De plus, j&rsquo;ai les yeux assez enfonc\u00e9s, donc les fards \u00e0 paupi\u00e8res ne se voient pas beaucoup.<br \/>\nQue puis-je faire pour souligner un peu mon regard ?<\/span>\n<\/p>\n<p class=\"MsoNormal\"><span style=\"font-size: 10pt; font-family: Arial;\">Merci d&rsquo;avance pour tes pr\u00e9cieux conseils !\u00a0\u00bb<\/span><\/p>\n<p class=\"MsoNormal\"><span style=\"font-size: 10pt; font-family: Arial;\"> <\/span><\/p>\n<p class=\"MsoNormal\"><span style=\"text-decoration: underline;\"><span style=\"font-size: 10pt; font-family: Arial;\">J\u2019en dis\u00a0:<\/span><\/span><\/p>\n<p class=\"MsoNormal\"><span style=\"font-size: 10pt; font-family: Arial;\"> <\/span><\/p>\n<p class=\"MsoNormal\"><span style=\"font-size: 10pt; font-family: Arial;\">Dis donc tu tombes pile poil, <a href=\"http:\/\/www.monblogdefille.com\/blog\/20090126comment-maquiller-des-yeux-matures-ou-enfonces-par-lullaby77\" target=\"_blank\">l\u2019article de Lullaby<\/a> et fait pour toi\u00a0! Oui bon, j\u2019en rajoute, je ne trouve pas que tu aies les yeux particuli\u00e8rement enfonc\u00e9s, j\u2019ai vu bien pire\u00a0;-)<\/span><\/p>\n<p class=\"MsoNormal\"><span style=\"font-size: 10pt; font-family: Arial;\"> <\/span><\/p>\n<p class=\"MsoNormal\"><span style=\"font-size: 10pt; font-family: Arial;\">En revanche, effectivement, le crayon tel que tu le portes, ne met pas tes yeux en valeur comme il pourrait le faire\u00a0: tu peux tout \u00e0 fait continuer \u00e0 en porter, simplement ne suis pas le bord des cils sup\u00e9rieurs jusqu\u2019au coin externe\u00a0: \u00e0 partir du deuxi\u00e8me tiers, en allant du centre vers l\u2019ext\u00e9rieur, continue tout droit au lieu de descendre, de fa\u00e7on \u00e0 corriger l\u00e9g\u00e8rement la ligne naturelle de l\u2019\u0153il.<\/span><\/p>\n<p class=\"MsoNormal\"><span style=\"font-size: 10pt; font-family: Arial;\"> <\/span><\/p>\n<p class=\"MsoNormal\"><span style=\"font-size: 10pt; font-family: Arial;\">Et en bas, ne va pas jusqu\u2019au milieu comme tu le fais, arr\u00eate-toi au tiers externe.<\/span><\/p>\n<p class=\"MsoNormal\"><span style=\"font-size: 10pt; font-family: Arial;\"> <\/span><\/p>\n<p class=\"MsoNormal\"><span style=\"font-size: 10pt; font-family: Arial;\">Tu peux aussi repasser avec un pinceau fin, sur le trait de crayon, pour le flouter et le rendre moins dur pour le regard et plus naturel.<\/span><\/p>\n<p class=\"MsoNormal\"><span style=\"font-size: 10pt; font-family: Arial;\"> <\/span><\/p>\n<p class=\"MsoNormal\"><span style=\"font-size: 10pt; font-family: Arial;\">C\u00f4t\u00e9 fards tu peux t\u2019amuser avec pas mal de choses vu que tu as les yeux tirant sur le kaki (tu peux donc piocher des id\u00e9es de couleurs dans les autres yeux kaki\u00a0;-).<\/span><\/p>\n<p class=\"MsoNormal\"><span style=\"font-size: 10pt; font-family: Arial;\">Simplement, que tu poses ton fard en halo, en smoky ou dieu sait quoi d\u2019autre qui te fera plaisir, veille \u00e0 toujours remonter au-dessus du pli, sur le tiers externe, pour remonter l\u2019\u0153il par illusion d\u2019optique.<\/span><\/p>\n<p class=\"MsoNormal\"><span style=\"font-size: 10pt; font-family: Arial;\"> <\/span><\/p>\n<p class=\"MsoNormal\"><span style=\"font-size: 10pt; font-family: Arial;\">Je pense que tu devrais essayer le violet (pas trop fonc\u00e9 et bien lumineux), \u00e7a devrait faire ressortir le vert de tes yeux de mani\u00e8re vraiment sympa.<\/span><\/p>\n<p class=\"MsoNormal\"><span style=\"font-size: 10pt; font-family: Arial;\"> <\/span><\/p>\n<p class=\"MsoNormal\"><span style=\"font-size: 10pt; font-family: Arial;\">N\u2019h\u00e9site pas \u00e0 forcer sur le mascara \u00e9paississant et recourbant, en en mettant une couche de plus sur les cils externes (en haut, \u0153uf corse), \u00e7a devrait bien t\u2019aller.<\/span><\/p>\n<p class=\"MsoNormal\"><span style=\"font-size: 10pt; font-family: Arial;\"> <\/span><\/p>\n<p class=\"MsoNormal\"><span style=\"font-size: 10pt; font-family: Arial;\">Tes sourcils sont tr\u00e8s bien, ils pourraient \u00eatre un poil plus larges sur la partie externe si vraiment on d\u00e9cidait d\u2019\u00eatre tatillonnes, mais si \u00e7a te prend le chou de les laisser repousser, laisse-les comme \u00e7a, perso je les trouve tr\u00e8s bien.<\/span><\/p>\n<p class=\"MsoNormal\"><span style=\"font-size: 10pt; font-family: Arial;\"> <\/span><\/p>\n<p class=\"MsoNormal\"><span style=\"font-size: 10pt; font-family: Arial;\">Bref, tu as un tr\u00e8s bon \u00ab\u00a0mat\u00e9riau de base\u00a0\u00bb, il y a de quoi faire de jolies choses\u00a0!<\/span><\/p>\n<p class=\"MsoNormal\"><span style=\"font-size: 10pt; font-family: Arial;\"> <\/span><\/p>\n<p class=\"MsoNormal\"><span style=\"font-size: 10pt; font-family: Arial;\">Que t\u2019en semble\u00a0? Les girls\u00a0?<\/span><\/p>\n<p class=\"MsoNormal\"><span style=\"font-size: 10pt; font-family: Arial;\"> <\/span><\/p>\n<p class=\"MsoNormal\"><span style=\"font-size: 10pt; font-family: Arial;\"> <\/span><\/p>\n<p class=\"MsoNormal\"><span style=\"font-size: 10pt; font-family: Arial;\"> <\/span><\/p>\n<p class=\"MsoNormal\"><span style=\"font-size: 10pt; font-family: Arial;\"> <\/span><\/p>\n","protected":false},"excerpt":{"rendered":"<p><img loading=\"lazy\" decoding=\"async\" class=\"alignnone size-full wp-image-126139\" title=\"vero-200\" src=\"http:\/\/www.monblogdefille.com\/blog\/wp-content\/uploads\/2009\/01\/vero-200.jpg\" alt=\"vero-200\" width=\"200\" height=\"78\" \/><\/p>\n","protected":false},"author":3,"featured_media":126123,"comment_status":"open","ping_status":"open","sticky":false,"template":"","format":"standard","meta":{"footnotes":""},"categories":[1],"tags":[],"class_list":["post-126122","post","type-post","status-publish","format-standard","has-post-thumbnail","hentry","category-uncategorized"],"_links":{"self":[{"href":"https:\/\/www.monblogdefille.com\/blog\/wp-json\/wp\/v2\/posts\/126122","targetHints":{"allow":["GET"]}}],"collection":[{"href":"https:\/\/www.monblogdefille.com\/blog\/wp-json\/wp\/v2\/posts"}],"about":[{"href":"https:\/\/www.monblogdefille.com\/blog\/wp-json\/wp\/v2\/types\/post"}],"author":[{"embeddable":true,"href":"https:\/\/www.monblogdefille.com\/blog\/wp-json\/wp\/v2\/users\/3"}],"replies":[{"embeddable":true,"href":"https:\/\/www.monblogdefille.com\/blog\/wp-json\/wp\/v2\/comments?post=126122"}],"version-history":[{"count":0,"href":"https:\/\/www.monblogdefille.com\/blog\/wp-json\/wp\/v2\/posts\/126122\/revisions"}],"wp:featuredmedia":[{"embeddable":true,"href":"https:\/\/www.monblogdefille.com\/blog\/wp-json\/wp\/v2\/media\/126123"}],"wp:attachment":[{"href":"https:\/\/www.monblogdefille.com\/blog\/wp-json\/wp\/v2\/media?parent=126122"}],"wp:term":[{"taxonomy":"category","embeddable":true,"href":"https:\/\/www.monblogdefille.com\/blog\/wp-json\/wp\/v2\/categories?post=126122"},{"taxonomy":"post_tag","embeddable":true,"href":"https:\/\/www.monblogdefille.com\/blog\/wp-json\/wp\/v2\/tags?post=126122"}],"curies":[{"name":"wp","href":"https:\/\/api.w.org\/{rel}","templated":true}]}}