{"id":125799,"date":"2009-01-23T08:02:38","date_gmt":"2009-01-23T07:02:38","guid":{"rendered":"http:\/\/www.monblogdefille.com\/blog\/?p=125799"},"modified":"2009-01-26T08:43:14","modified_gmt":"2009-01-26T07:43:14","slug":"les-yeux-de-melanie","status":"publish","type":"post","link":"https:\/\/www.monblogdefille.com\/blog\/les-yeux-de-melanie\/","title":{"rendered":"Les yeux de M\u00e9lanie"},"content":{"rendered":"<p class=\"MsoNormal\"><span style=\"font-size: 10pt; font-family: Arial;\">\u00ab <\/span><span style=\"font-size: 10pt; font-family: Arial;\" lang=\"FR-BE\">Je suis loin d\u2019\u00eatre une pro du maquillage, surtout par manque de temps le matin. L\u2019\u00e9t\u00e9 en g\u00e9n\u00e9ral je me contente de mascara et parfois d\u2019un trait de crayon noir sur la paupi\u00e8re sup\u00e9rieure. Par contre l\u2019hiver c\u2019est un peu plus souvent la totale, fard, poudre etc. \u2026<\/span><\/p>\n<p class=\"MsoNormal\"><span style=\"font-size: 10pt; font-family: Arial;\" lang=\"FR-BE\"> <\/span><\/p>\n<p class=\"MsoNormal\"><span style=\"font-size: 10pt; font-family: Arial;\" lang=\"FR-BE\">Je ne mets jamais de rouge, \u00e7a m\u2019emb\u00eate et je le bouffe toute la journ\u00e9e, de plus comme j\u2019ai les l\u00e8vres super s\u00e8ches je me tartine de beurre de cacao \u2026 que je bouffe \u00e9galement toute la journ\u00e9e mais bon.<\/span><\/p>\n<p class=\"MsoNormal\"><span style=\"font-size: 10pt; font-family: Arial;\" lang=\"FR-BE\"> <\/span><\/p>\n<p class=\"MsoNormal\"><span style=\"font-size: 10pt; font-family: Arial;\" lang=\"FR-BE\">J\u2019ai achet\u00e9 cette palette L\u2019Or\u00e9al et j\u2019ai tent\u00e9 ce truc, mais j\u2019aimerais savoir si je genre de couleur me vont ou si je devrais me diriger vers les gris.<\/span><\/p>\n<p class=\"MsoNormal\"><span style=\"font-size: 10pt; font-family: Arial;\" lang=\"FR-BE\"><img loading=\"lazy\" decoding=\"async\" class=\"alignnone size-full wp-image-125800\" title=\"melanie-1\" src=\"http:\/\/www.monblogdefille.com\/blog\/wp-content\/uploads\/2009\/01\/melanie-1.jpg\" alt=\"melanie-1\" width=\"500\" height=\"254\" \/><\/span><\/p>\n<p class=\"MsoNormal\"><span style=\"font-size: 10pt; font-family: Arial;\" lang=\"FR-BE\"><img loading=\"lazy\" decoding=\"async\" class=\"alignnone size-full wp-image-125801\" title=\"melanie-2\" src=\"http:\/\/www.monblogdefille.com\/blog\/wp-content\/uploads\/2009\/01\/melanie-2.jpg\" alt=\"melanie-2\" width=\"500\" height=\"208\" \/><br \/>\n<\/span>\n<\/p>\n<p class=\"MsoNormal\"><span style=\"font-size: 10pt; font-family: Arial;\" lang=\"FR-BE\"> <\/span><\/p>\n<p class=\"MsoNormal\"><span style=\"font-size: 10pt; font-family: Arial;\" lang=\"FR-BE\">J\u2019aimerais aussi masquer mes cernes mais je ne trouve pas le bon produit, j\u2019ai aussi un peu de mal avec son application.<\/span><\/p>\n<p class=\"MsoNormal\"><span style=\"font-size: 10pt; font-family: Arial;\" lang=\"FR-BE\"> <\/span><\/p>\n<p class=\"MsoNormal\"><span style=\"font-size: 10pt; font-family: Arial;\" lang=\"FR-BE\">En me voyant comme \u00e7a, je remarque que l\u2019\u00e9pilation de mes sourcils est un peu foireuse, je laisse pourtant \u00e7a \u00e0 une esth\u00e9ticienne bon sang\u00a0! <\/span><\/p>\n<p class=\"MsoNormal\"><span style=\"font-size: 10pt; font-family: Arial;\" lang=\"FR-BE\"> <\/span><\/p>\n<p class=\"MsoNormal\"><span style=\"font-size: 10pt; font-family: Arial;\" lang=\"FR-BE\">Merci pour les conseils.\u00a0\u00bb<\/span><\/p>\n<p class=\"MsoNormal\"><span style=\"font-size: 10pt; font-family: Arial;\" lang=\"FR-BE\"> <\/span><\/p>\n<p class=\"MsoNormal\"><span style=\"text-decoration: underline;\"><span style=\"font-size: 10pt; font-family: Arial;\" lang=\"FR-BE\">J\u2019en dis\u00a0: <\/span><\/span><\/p>\n<p class=\"MsoNormal\"><span style=\"font-size: 10pt; font-family: Arial;\" lang=\"FR-BE\"> <\/span><\/p>\n<p class=\"MsoNormal\"><span style=\"font-size: 10pt; font-family: Arial;\" lang=\"FR-BE\">Waaa, tu es des super beaux yeux\u00a0! J\u2019adore le contraste de leur couleur, un peu kaki, avec le noir de tes cheveux et avec tes immenses cils, c\u2019est magnifique\u00a0!<\/span><\/p>\n<p class=\"MsoNormal\"><span style=\"font-size: 10pt; font-family: Arial;\" lang=\"FR-BE\">Leur forme est parfaite, les paupi\u00e8res ont une taille id\u00e9ale, bref, tu as des yeux \u00e0 maquiller, profites-en \u00e0 fond\u00a0!\u00a0;-)<\/span><\/p>\n<p class=\"MsoNormal\"><span style=\"font-size: 10pt; font-family: Arial;\" lang=\"FR-BE\"> <\/span><\/p>\n<p class=\"MsoNormal\"><span style=\"font-size: 10pt; font-family: Arial;\" lang=\"FR-BE\">Je suis d\u2019accord sur l\u2019\u00e9pilation des sourcils, et \u00e0 mon avis c\u2019est justement parce que tu la fais faire \u00e7a par une esth\u00e9ticienne\u00a0: ils ont l\u2019allure typique des sourcils \u00e9pil\u00e9s en institut\u2026 donc trop \u00e9pil\u00e9s, trop fins (et pas sym\u00e9triques, hem\u00a0;-).<\/span><\/p>\n<p class=\"MsoNormal\"><span style=\"font-size: 10pt; font-family: Arial;\" lang=\"FR-BE\">A mon avis la bonne \u00e9paisseur pour toi serait celle de la t\u00eate du sourcil droit (le bout qui est vers le nez, donc). Si tu as le courage, prend rep\u00e8re l\u00e0-dessus et laisse repousser en \u00e9paisseur (et change d\u2019esth\u00e9ticienne, ou mieux, fais \u00e7a toi-m\u00eame \u00e0 la pince).<\/span><\/p>\n<p class=\"MsoNormal\"><span style=\"font-size: 10pt; font-family: Arial;\" lang=\"FR-BE\"> <\/span><\/p>\n<p class=\"MsoNormal\"><span style=\"font-size: 10pt; font-family: Arial;\" lang=\"FR-BE\">Pour le maquillage, ce que tu fais est super joli et te va tr\u00e8s bien. Je ne pense pas que du gris serait g\u00e9nial, \u00e7a risque de faire un peu terne\u00a0et d\u2019assourdir ton regard, ce qui serait dommage. Ou alors un gris tr\u00e8s fonc\u00e9, mari\u00e9 avec du kaki, mais je suis pas s\u00fbre que le mariage soit heureux\u00a0;-)<\/span><\/p>\n<p class=\"MsoNormal\"><span style=\"font-size: 10pt; font-family: Arial;\" lang=\"FR-BE\"> <\/span><\/p>\n<p class=\"MsoNormal\"><span style=\"font-size: 10pt; font-family: Arial;\" lang=\"FR-BE\">Du kaki devrait \u00eatre sublime sur toi, genre Somptuous Olive (kaki jaune) et Greensmoke (kaki gris) chez MAC (ils sont tr\u00e8s diff\u00e9rents l\u2019un de l\u2019autre, je trouve que \u00e7a vaut le coup d\u2019avoir les deux).<\/span><\/p>\n<p class=\"MsoNormal\"><span style=\"font-size: 10pt; font-family: Arial;\" lang=\"FR-BE\">En brun je verrais bien le Tempting pour le c\u00f4t\u00e9 dor\u00e9, et le Brun satin pour le c\u00f4t\u00e9 pratique qui va avec tout.<\/span><\/p>\n<p class=\"MsoNormal\"><span style=\"font-size: 10pt; font-family: Arial;\" lang=\"FR-BE\">Si tu veux tenter une couleur plus flashy, je pense que le violet serait tr\u00e8s int\u00e9ressant sur toi (mais le vrai violet hein, pas du parme d\u00e9lav\u00e9\u00a0;-)\u00a0; \u00e0 l\u2019occasion, regarde (et essaye, si tu peux) les violets chez MAC, pour et faire une id\u00e9e\u00a0;-)<\/span><\/p>\n<p class=\"MsoNormal\"><span style=\"font-size: 10pt; font-family: Arial;\" lang=\"FR-BE\"> <\/span><\/p>\n<p class=\"MsoNormal\"><span style=\"font-size: 10pt; font-family: Arial;\" lang=\"FR-BE\">Contrairement \u00e0 ce que tu penses, tu as tr\u00e8s peu de cernes, et le fond de tient devrait suffire \u00e0 le couvrir. Si \u00e7a te g\u00eane quand m\u00eame, vois chez MAC ou Make Up Forever, dans les textures tr\u00e8s fluides, en te faisant conseiller pour la couleur parce que c\u2019est assez difficile \u00e0 d\u00e9terminer soi-m\u00eame.<\/span><\/p>\n<p class=\"MsoNormal\"><span style=\"font-size: 10pt; font-family: Arial;\" lang=\"FR-BE\">Tu mets une toute petite quantit\u00e9 de produit sur ton index (genre un grain de riz pour les deux yeux), et tu tapotes \u00e7a au coin interne de l\u2019\u0153il. Tu \u00e9tires un tout petit peu vers l\u2019ext\u00e9rieur, mais pas trop, le produit doit rester au maximum sur la zone sombre du cerne.<\/span><\/p>\n<p class=\"MsoNormal\"><span style=\"font-size: 10pt; font-family: Arial;\" lang=\"FR-BE\">Mais honn\u00eatement, \u00e0 ta place, je m\u2019en passerais\u00a0: l\u2019anti-cernes vieillit in\u00e9vitablement le regard, h\u00e9las.<\/span><\/p>\n<p class=\"MsoNormal\"><span style=\"font-size: 10pt; font-family: Arial;\" lang=\"FR-BE\"> <\/span><\/p>\n<p class=\"MsoNormal\"><span style=\"font-size: 10pt; font-family: Arial;\" lang=\"FR-BE\">Que t\u2019en semble\u00a0? Les filles\u00a0?<\/span><\/p>\n","protected":false},"excerpt":{"rendered":"<p><img loading=\"lazy\" decoding=\"async\" class=\"alignnone size-full wp-image-126093\" title=\"melanie-200\" src=\"http:\/\/www.monblogdefille.com\/blog\/wp-content\/uploads\/2009\/01\/melanie-200.jpg\" alt=\"melanie-200\" width=\"200\" height=\"102\" \/><\/p>\n","protected":false},"author":3,"featured_media":125800,"comment_status":"open","ping_status":"open","sticky":false,"template":"","format":"standard","meta":{"footnotes":""},"categories":[1],"tags":[],"class_list":["post-125799","post","type-post","status-publish","format-standard","has-post-thumbnail","hentry","category-uncategorized"],"_links":{"self":[{"href":"https:\/\/www.monblogdefille.com\/blog\/wp-json\/wp\/v2\/posts\/125799","targetHints":{"allow":["GET"]}}],"collection":[{"href":"https:\/\/www.monblogdefille.com\/blog\/wp-json\/wp\/v2\/posts"}],"about":[{"href":"https:\/\/www.monblogdefille.com\/blog\/wp-json\/wp\/v2\/types\/post"}],"author":[{"embeddable":true,"href":"https:\/\/www.monblogdefille.com\/blog\/wp-json\/wp\/v2\/users\/3"}],"replies":[{"embeddable":true,"href":"https:\/\/www.monblogdefille.com\/blog\/wp-json\/wp\/v2\/comments?post=125799"}],"version-history":[{"count":0,"href":"https:\/\/www.monblogdefille.com\/blog\/wp-json\/wp\/v2\/posts\/125799\/revisions"}],"wp:featuredmedia":[{"embeddable":true,"href":"https:\/\/www.monblogdefille.com\/blog\/wp-json\/wp\/v2\/media\/125800"}],"wp:attachment":[{"href":"https:\/\/www.monblogdefille.com\/blog\/wp-json\/wp\/v2\/media?parent=125799"}],"wp:term":[{"taxonomy":"category","embeddable":true,"href":"https:\/\/www.monblogdefille.com\/blog\/wp-json\/wp\/v2\/categories?post=125799"},{"taxonomy":"post_tag","embeddable":true,"href":"https:\/\/www.monblogdefille.com\/blog\/wp-json\/wp\/v2\/tags?post=125799"}],"curies":[{"name":"wp","href":"https:\/\/api.w.org\/{rel}","templated":true}]}}