{"id":125775,"date":"2009-01-20T08:05:04","date_gmt":"2009-01-20T07:05:04","guid":{"rendered":"http:\/\/www.monblogdefille.com\/blog\/?p=125775"},"modified":"2010-11-25T13:39:35","modified_gmt":"2010-11-25T12:39:35","slug":"ateliers-teint-peaux-noires-chez-mac-saint-dominique-du-20-au-31-janvier","status":"publish","type":"post","link":"https:\/\/www.monblogdefille.com\/blog\/ateliers-teint-peaux-noires-chez-mac-saint-dominique-du-20-au-31-janvier\/","title":{"rendered":"Ateliers teint peaux noires chez MAC Saint Dominique du 20 au 31 janvier"},"content":{"rendered":"<p class=\"MsoNormal\"><span style=\"font-size: 10pt; font-family: Arial;\"><img loading=\"lazy\" decoding=\"async\" class=\"alignnone size-full wp-image-125776\" title=\"mac-teint\" src=\"http:\/\/www.monblogdefille.com\/blog\/wp-content\/uploads\/2009\/01\/mac-teint.jpg\" alt=\"mac-teint\" width=\"500\" height=\"566\" \/><\/span><\/p>\n<p class=\"MsoNormal\"><span style=\"font-size: 10pt; font-family: Arial;\">Bon les girls, apr\u00e8s les yeux on passe au teint, et on fait \u00e7a dans les r\u00e8gles de l\u2019art. <\/span><\/p>\n<p class=\"MsoNormal\"><span style=\"font-size: 10pt; font-family: Arial;\"> <\/span><\/p>\n<p class=\"MsoNormal\"><span style=\"font-size: 10pt; font-family: Arial;\">On commence par les peaux noires\u00a0(ou m\u00e9tisses \/ fonc\u00e9es) : \u00e7a se passe \u00e0 la boutique <strong>MAC<\/strong> de la rue Saint Dominique (101 rue Saint Dominique, 75007 Paris, 01.44.18.70.31), dont Christian est aussi <span> <\/span>responsable.<\/span><\/p>\n<p class=\"MsoNormal\"><span style=\"font-size: 10pt; font-family: Arial;\"> <\/span><\/p>\n<p class=\"MsoNormal\"><span style=\"font-size: 10pt; font-family: Arial;\">Appelez d\u00e8s aujourd\u2019hui 11h pour prendre rendez-vous (pr\u00e9cisez bien que vous venez de la part de MBDF, sinon \u00e7a sera pas gratuit\u00a0;-), \u00e7a dure jusqu\u2019au 31 janvier\u00a0!<\/span><\/p>\n<p class=\"MsoNormal\"><span style=\"font-size: 10pt; font-family: Arial;\"> <\/span><\/p>\n<p class=\"MsoNormal\"><span style=\"font-size: 10pt; font-family: Arial;\">Merci Christian\u00a0;-)<\/span><\/p>\n","protected":false},"excerpt":{"rendered":"<p>Bon les girls, apr\u00e8s les yeux on passe au teint, et on fait \u00e7a dans les r\u00e8gles de l\u2019art. On commence par les peaux noires\u00a0(ou m\u00e9tisses \/ fonc\u00e9es) : \u00e7a se passe \u00e0 la boutique&#8230;<br \/> <a class=\"read-more\" href=\"https:\/\/www.monblogdefille.com\/blog\/ateliers-teint-peaux-noires-chez-mac-saint-dominique-du-20-au-31-janvier\/\">Lire la suite \u00bb<\/a><\/p>\n","protected":false},"author":3,"featured_media":125776,"comment_status":"open","ping_status":"open","sticky":false,"template":"","format":"standard","meta":{"footnotes":""},"categories":[14974,1485],"tags":[20088,19963,19975],"class_list":["post-125775","post","type-post","status-publish","format-standard","has-post-thumbnail","hentry","category-bons-plans","category-le-maquillage","tag-fond-de-teint","tag-mac","tag-teint-parfait"],"_links":{"self":[{"href":"https:\/\/www.monblogdefille.com\/blog\/wp-json\/wp\/v2\/posts\/125775","targetHints":{"allow":["GET"]}}],"collection":[{"href":"https:\/\/www.monblogdefille.com\/blog\/wp-json\/wp\/v2\/posts"}],"about":[{"href":"https:\/\/www.monblogdefille.com\/blog\/wp-json\/wp\/v2\/types\/post"}],"author":[{"embeddable":true,"href":"https:\/\/www.monblogdefille.com\/blog\/wp-json\/wp\/v2\/users\/3"}],"replies":[{"embeddable":true,"href":"https:\/\/www.monblogdefille.com\/blog\/wp-json\/wp\/v2\/comments?post=125775"}],"version-history":[{"count":0,"href":"https:\/\/www.monblogdefille.com\/blog\/wp-json\/wp\/v2\/posts\/125775\/revisions"}],"wp:featuredmedia":[{"embeddable":true,"href":"https:\/\/www.monblogdefille.com\/blog\/wp-json\/wp\/v2\/media\/125776"}],"wp:attachment":[{"href":"https:\/\/www.monblogdefille.com\/blog\/wp-json\/wp\/v2\/media?parent=125775"}],"wp:term":[{"taxonomy":"category","embeddable":true,"href":"https:\/\/www.monblogdefille.com\/blog\/wp-json\/wp\/v2\/categories?post=125775"},{"taxonomy":"post_tag","embeddable":true,"href":"https:\/\/www.monblogdefille.com\/blog\/wp-json\/wp\/v2\/tags?post=125775"}],"curies":[{"name":"wp","href":"https:\/\/api.w.org\/{rel}","templated":true}]}}