{"id":125541,"date":"2009-01-13T08:40:46","date_gmt":"2009-01-13T06:40:46","guid":{"rendered":"http:\/\/www.monblogdefille.com\/blog\/?p=125541"},"modified":"2009-08-22T13:58:26","modified_gmt":"2009-08-22T11:58:26","slug":"lecons-de-maquillage-chez-mac-lyon-et-mac-marseille","status":"publish","type":"post","link":"https:\/\/www.monblogdefille.com\/blog\/lecons-de-maquillage-chez-mac-lyon-et-mac-marseille\/","title":{"rendered":"Le\u00e7ons de maquillage chez MAC Lyon et MAC Marseille !"},"content":{"rendered":"<p class=\"MsoNormal\"><img loading=\"lazy\" decoding=\"async\" class=\"alignnone size-full wp-image-125079\" title=\"lecons-mac\" src=\"http:\/\/www.monblogdefille.com\/blog\/wp-content\/uploads\/2008\/11\/lecons-mac.jpg\" alt=\"\" width=\"500\" height=\"383\" \/><\/p>\n<p class=\"MsoNormal\"><span style=\"font-size: 10pt; font-family: Arial;\">La tour de France continue\u00a0!\u00a0;-)<\/span><\/p>\n<p class=\"MsoNormal\"><span style=\"font-size: 10pt; font-family: Arial;\">Pour vous les filles, des le\u00e7ons de maquillage d\u20191h30 (valeur = 86 \u20ac), gratuites et sans obligation d\u2019achat, chez <strong><span style=\"font-family: Arial;\">MAC Lyon<\/span><\/strong> (\u00e0 la boutique Victor Hugo uniquement, 30, rue Victor Hugo, 69002 Lyon, 04.78.37.80.81) et <strong>MAC Marseille<\/strong> (35, rue paradis, 13001 Marseille, 04.91.15.74.16),<span> <\/span>du <strong><span style=\"font-family: Arial;\">13 au 31 janvier<\/span><\/strong> !<\/span><\/p>\n<p class=\"MsoNormal\"><span style=\"font-size: 10pt; font-family: Arial;\">T\u00e9l\u00e9phonez d\u00e8s l\u2019ouverture des boutiques aujourd\u2019hui de la part de mon blog de fille (et ajoutez une pierre \u00e0 l\u2019autel d\u00e9di\u00e9 \u00e0 Christian ;-)<\/span><\/p>\n","protected":false},"excerpt":{"rendered":"<p>La tour de France continue\u00a0!\u00a0;-) Pour vous les filles, des le\u00e7ons de maquillage d\u20191h30 (valeur = 86 \u20ac), gratuites et sans obligation d\u2019achat, chez MAC Lyon (\u00e0 la boutique Victor Hugo uniquement, 30, rue Victor&#8230;<br \/> <a class=\"read-more\" href=\"https:\/\/www.monblogdefille.com\/blog\/lecons-de-maquillage-chez-mac-lyon-et-mac-marseille\/\">Lire la suite \u00bb<\/a><\/p>\n","protected":false},"author":3,"featured_media":125079,"comment_status":"open","ping_status":"open","sticky":false,"template":"","format":"standard","meta":{"footnotes":""},"categories":[14974,1485],"tags":[19963],"class_list":["post-125541","post","type-post","status-publish","format-standard","has-post-thumbnail","hentry","category-bons-plans","category-le-maquillage","tag-mac"],"_links":{"self":[{"href":"https:\/\/www.monblogdefille.com\/blog\/wp-json\/wp\/v2\/posts\/125541","targetHints":{"allow":["GET"]}}],"collection":[{"href":"https:\/\/www.monblogdefille.com\/blog\/wp-json\/wp\/v2\/posts"}],"about":[{"href":"https:\/\/www.monblogdefille.com\/blog\/wp-json\/wp\/v2\/types\/post"}],"author":[{"embeddable":true,"href":"https:\/\/www.monblogdefille.com\/blog\/wp-json\/wp\/v2\/users\/3"}],"replies":[{"embeddable":true,"href":"https:\/\/www.monblogdefille.com\/blog\/wp-json\/wp\/v2\/comments?post=125541"}],"version-history":[{"count":0,"href":"https:\/\/www.monblogdefille.com\/blog\/wp-json\/wp\/v2\/posts\/125541\/revisions"}],"wp:featuredmedia":[{"embeddable":true,"href":"https:\/\/www.monblogdefille.com\/blog\/wp-json\/wp\/v2\/media\/125079"}],"wp:attachment":[{"href":"https:\/\/www.monblogdefille.com\/blog\/wp-json\/wp\/v2\/media?parent=125541"}],"wp:term":[{"taxonomy":"category","embeddable":true,"href":"https:\/\/www.monblogdefille.com\/blog\/wp-json\/wp\/v2\/categories?post=125541"},{"taxonomy":"post_tag","embeddable":true,"href":"https:\/\/www.monblogdefille.com\/blog\/wp-json\/wp\/v2\/tags?post=125541"}],"curies":[{"name":"wp","href":"https:\/\/api.w.org\/{rel}","templated":true}]}}