{"id":125331,"date":"2008-12-19T12:05:29","date_gmt":"2008-12-19T11:05:29","guid":{"rendered":"http:\/\/www.monblogdefille.com\/blog\/?p=125331"},"modified":"2011-12-31T18:09:36","modified_gmt":"2011-12-31T17:09:36","slug":"mbdf-chez-aufeminincom","status":"publish","type":"post","link":"https:\/\/www.monblogdefille.com\/blog\/mbdf-chez-aufeminincom\/","title":{"rendered":"MBDF chez Auf\u00e9minin.com"},"content":{"rendered":"<p class=\"MsoNormal\"><img loading=\"lazy\" decoding=\"async\" class=\"alignnone size-full wp-image-125323\" title=\"160x260-beaute\" src=\"http:\/\/www.monblogdefille.com\/blog\/wp-content\/uploads\/2008\/12\/160x260-beaute.jpg\" alt=\"\" width=\"160\" height=\"260\" align=\"left\" \/><span style=\"font-size: 10pt; font-family: Arial;\">Les girls, j&rsquo;ai \u00e9crit un petit truc pour Auf\u00e9minin.com ; <a href=\"http:\/\/www.aufeminin.com\/beaute-fetes-soiree\/protection-de-la-peau-en-hiver-beaute-en-hiver-d5592.html?wysistatpr=ads_Ope-blogueuses_Helene&amp;utm_source=Helene&amp;utm_medium=Ope-blogueuses\" target=\"_blank\" rel=\"noopener\">c&rsquo;est l\u00e0<\/a>, et c&rsquo;est de saison (et tous les produits mentionn\u00e9s sont pour de vrai dans ma salle de bain\u00a0 &#8211; enfin dans mon salon et ma chambre et limite la cuisine, plut\u00f4t, vue la taille de ma salle de bains ;-)<\/span><\/p>\n<p class=\"MsoNormal\"><span style=\"font-size: 10pt; font-family: Arial;\">Pis ils ont \u00e9crit <a href=\"http:\/\/www.aufeminin.com\/beaute-fetes-soiree\/helene-notre-coup-de-coeur-beaute-n26883.html?wysistatpr=ads_Ope-blogueuses_Helene&amp;utm_source=Helene&amp;utm_medium=Ope-blogueuses\" target=\"_blank\" rel=\"noopener\">des trucs vachement gentils sur moi<\/a>, les gens d&rsquo;Auf\u00e9minin, \u00e7a me fait super plaisir alors je m&rsquo;autorise \u00e0 en parler ici ;-)<\/span><\/p>\n<p class=\"MsoNormal\">\n<p class=\"MsoNormal\">\n","protected":false},"excerpt":{"rendered":"<p>Les girls, j&rsquo;ai \u00e9crit un petit truc pour Auf\u00e9minin.com ; c&rsquo;est l\u00e0, et c&rsquo;est de saison (et tous les produits mentionn\u00e9s sont pour de vrai dans ma salle de bain\u00a0 &#8211; enfin dans mon salon&#8230;<br \/> <a class=\"read-more\" href=\"https:\/\/www.monblogdefille.com\/blog\/mbdf-chez-aufeminincom\/\">Lire la suite \u00bb<\/a><\/p>\n","protected":false},"author":3,"featured_media":125323,"comment_status":"open","ping_status":"open","sticky":false,"template":"","format":"standard","meta":{"footnotes":""},"categories":[1489],"tags":[],"class_list":["post-125331","post","type-post","status-publish","format-standard","has-post-thumbnail","hentry","category-le-soin"],"_links":{"self":[{"href":"https:\/\/www.monblogdefille.com\/blog\/wp-json\/wp\/v2\/posts\/125331","targetHints":{"allow":["GET"]}}],"collection":[{"href":"https:\/\/www.monblogdefille.com\/blog\/wp-json\/wp\/v2\/posts"}],"about":[{"href":"https:\/\/www.monblogdefille.com\/blog\/wp-json\/wp\/v2\/types\/post"}],"author":[{"embeddable":true,"href":"https:\/\/www.monblogdefille.com\/blog\/wp-json\/wp\/v2\/users\/3"}],"replies":[{"embeddable":true,"href":"https:\/\/www.monblogdefille.com\/blog\/wp-json\/wp\/v2\/comments?post=125331"}],"version-history":[{"count":0,"href":"https:\/\/www.monblogdefille.com\/blog\/wp-json\/wp\/v2\/posts\/125331\/revisions"}],"wp:featuredmedia":[{"embeddable":true,"href":"https:\/\/www.monblogdefille.com\/blog\/wp-json\/wp\/v2\/media\/125323"}],"wp:attachment":[{"href":"https:\/\/www.monblogdefille.com\/blog\/wp-json\/wp\/v2\/media?parent=125331"}],"wp:term":[{"taxonomy":"category","embeddable":true,"href":"https:\/\/www.monblogdefille.com\/blog\/wp-json\/wp\/v2\/categories?post=125331"},{"taxonomy":"post_tag","embeddable":true,"href":"https:\/\/www.monblogdefille.com\/blog\/wp-json\/wp\/v2\/tags?post=125331"}],"curies":[{"name":"wp","href":"https:\/\/api.w.org\/{rel}","templated":true}]}}