{"id":125223,"date":"2008-12-09T08:01:50","date_gmt":"2008-12-09T07:01:50","guid":{"rendered":"http:\/\/www.monblogdefille.com\/blog\/?p=125223"},"modified":"2019-08-07T12:35:23","modified_gmt":"2019-08-07T10:35:23","slug":"le-ouikende-du-vaice-%c2%a9-sonia","status":"publish","type":"post","link":"https:\/\/www.monblogdefille.com\/blog\/le-ouikende-du-vaice-%c2%a9-sonia\/","title":{"rendered":"Le ouikende du vice"},"content":{"rendered":"<p class=\"MsoNormal\"><img loading=\"lazy\" decoding=\"async\" class=\"alignnone size-full wp-image-125224\" title=\"edimbourg-decembre-08-001\" src=\"http:\/\/www.monblogdefille.com\/blog\/wp-content\/uploads\/2008\/12\/edimbourg-decembre-08-001.jpg\" alt=\"\" width=\"500\" height=\"667\" \/><\/p>\n<p class=\"MsoNormal\"><span style=\"font-size: 10pt; font-family: Arial;\">Or donc ce ouikende j\u2019\u00e9tais \u00e0 Edimbourg la merveilleuse et la lointaine.<\/span><\/p>\n<p class=\"MsoNormal\"><span style=\"font-size: 10pt; font-family: Arial;\"> <\/span><\/p>\n<p class=\"MsoNormal\"><span style=\"font-size: 10pt; font-family: Arial;\">J\u2019ai une passion d\u00e9mentielle pour Edimbourg, me demandez pas pourquoi (en dehors du fait que l\u2019architecture est sublime, les gens adorables, le climat parfait \u2013 \u00e0 nouveau 3 jours de beau temps \u2013 les soldes permanentes, les pubs accueillants et la mer au bout de la rue).<\/span><\/p>\n<p class=\"MsoNormal\"><img loading=\"lazy\" decoding=\"async\" class=\"alignnone size-full wp-image-125225\" title=\"edimbourg-decembre-08-014\" src=\"http:\/\/www.monblogdefille.com\/blog\/wp-content\/uploads\/2008\/12\/edimbourg-decembre-08-014.jpg\" alt=\"\" width=\"500\" height=\"375\" \/><\/p>\n<p class=\"MsoNormal\"><span style=\"font-size: 10pt; font-family: Arial;\"> <\/span><\/p>\n<p class=\"MsoNormal\"><span style=\"font-size: 10pt; font-family: Arial;\">J\u2019ai fait toutes sortes de choses amusantes, notamment failli me faire tatouer (pas du tout, j\u2019\u00e9tais pas bourr\u00e9e, \u00e7a c\u2019\u00e9tait la veille)\u00a0; mais le tatoueur dessinait comme un pied du coup j\u2019ai sagement d\u00e9cid\u00e9 de delete le projet (en fait j\u2019avais trop la gueule de bois pour lui expliquer que les rayons de son soleil \u00e9taient pas droits, surtout).<\/span><\/p>\n<p class=\"MsoNormal\"><span style=\"font-size: 10pt; font-family: Arial;\"> <\/span><\/p>\n<p class=\"MsoNormal\"><span style=\"font-size: 10pt; font-family: Arial;\">Avec l\u2019amie qui m\u2019accueillait courageusement,\u00a0on est all\u00e9e danser avec nos nouvelles robes et nos nouvelles bottes apr\u00e8s avoir bu des quantit\u00e9s surprenants de\u00a0minuscules verres de vodka \u00e0 toutes sortes de parfums exotiques (mais \u00e0 70\u00b0 quand m\u00eame, ce qui explique l\u2019\u00e9tat comateux du lendemain dans la boutique de tatouage), limite on aurait pu passer pour des \u00e9cossaises.<\/span><\/p>\n<p class=\"MsoNormal\"><img loading=\"lazy\" decoding=\"async\" class=\"alignnone size-full wp-image-125226\" title=\"edimbourg-decembre-08-020\" src=\"http:\/\/www.monblogdefille.com\/blog\/wp-content\/uploads\/2008\/12\/edimbourg-decembre-08-020.jpg\" alt=\"\" width=\"500\" height=\"364\" \/><\/p>\n<p class=\"MsoNormal\"><span style=\"font-size: 10pt; font-family: Arial;\"> <\/span><\/p>\n<p class=\"MsoNormal\"><span style=\"font-size: 10pt; font-family: Arial;\">On a d\u00een\u00e9 dans le meilleur resto de la ville qui est DEMENT tellement joli et charmant et ancien et pittoresque et \u00e0 20 m\u00e8tres du ch\u00e2teau (bon on mange pas terrible hein, faut pas d\u00e9conner, \u00e7a reste de la cuisine \u00e9cossaise).<\/span><\/p>\n<p class=\"MsoNormal\"><span style=\"font-size: 10pt; font-family: Arial;\"> <\/span><\/p>\n<p class=\"MsoNormal\"><span style=\"font-size: 10pt; font-family: Arial;\">J\u2019ai d\u00e9couvert avec stup\u00e9faction des lisseurs \u00e0 cheveux dans les toilettes de l\u2019a\u00e9roport\u00a0: <\/span><\/p>\n<p class=\"MsoNormal\"><img loading=\"lazy\" decoding=\"async\" class=\"alignnone size-full wp-image-125227\" title=\"edimbourg-decembre-08-038\" src=\"http:\/\/www.monblogdefille.com\/blog\/wp-content\/uploads\/2008\/12\/edimbourg-decembre-08-038.jpg\" alt=\"\" width=\"500\" height=\"375\" \/><\/p>\n<p class=\"MsoNormal\"><span style=\"font-size: 10pt; font-family: Arial;\"> <\/span><\/p>\n<p class=\"MsoNormal\"><span style=\"font-size: 10pt; font-family: Arial;\">Vous avez vu \u00e7a\u00a0? Pour 1 \u00a3 (1 \u20ac 27), crac, vous vous raidissez la tignasse entre deux avions.<\/span><\/p>\n<p class=\"MsoNormal\"><span style=\"font-size: 10pt; font-family: Arial;\">Pas de doute, ces Ecossais savent vivre.<\/span><\/p>\n<p class=\"MsoNormal\"><span style=\"font-size: 10pt; font-family: Arial;\"> <\/span><\/p>\n<p class=\"MsoNormal\"><span style=\"font-size: 10pt; font-family: Arial;\">Moi je dis, <a href=\"http:\/\/leschroniquesdesonia.com\/\" target=\"_blank\" rel=\"noopener noreferrer\">y\u2019en a des <\/a>qui vont \u00e0 Lyon se faire des ouikendes du va\u00efce, je crois que d\u00e9sormais je passerai les miens \u00e0 Edimbourg (ah oui, pour moi le va\u00efce c\u2019est claquer du fric et picoler \u2013 choses que je fais d\u00e9j\u00e0 \u00e0 Paris, mais c\u2019est plus savoureux \u00e0 l\u2019\u00e9tranger \u2013 chacun sa vie hein ;-) <\/span><\/p>\n","protected":false},"excerpt":{"rendered":"<p>Or donc ce ouikende j\u2019\u00e9tais \u00e0 Edimbourg la merveilleuse et la lointaine. J\u2019ai une passion d\u00e9mentielle pour Edimbourg, me demandez pas pourquoi (en dehors du fait que l\u2019architecture est sublime, les gens adorables, le climat&#8230;<br \/> <a class=\"read-more\" href=\"https:\/\/www.monblogdefille.com\/blog\/le-ouikende-du-vaice-%c2%a9-sonia\/\">Lire la suite \u00bb<\/a><\/p>\n","protected":false},"author":3,"featured_media":125224,"comment_status":"open","ping_status":"open","sticky":false,"template":"","format":"standard","meta":{"footnotes":""},"categories":[20176,20116],"tags":[20063,20164],"class_list":["post-125223","post","type-post","status-publish","format-standard","has-post-thumbnail","hentry","category-lifestyle","category-voyages","tag-ecosse","tag-voyages"],"_links":{"self":[{"href":"https:\/\/www.monblogdefille.com\/blog\/wp-json\/wp\/v2\/posts\/125223","targetHints":{"allow":["GET"]}}],"collection":[{"href":"https:\/\/www.monblogdefille.com\/blog\/wp-json\/wp\/v2\/posts"}],"about":[{"href":"https:\/\/www.monblogdefille.com\/blog\/wp-json\/wp\/v2\/types\/post"}],"author":[{"embeddable":true,"href":"https:\/\/www.monblogdefille.com\/blog\/wp-json\/wp\/v2\/users\/3"}],"replies":[{"embeddable":true,"href":"https:\/\/www.monblogdefille.com\/blog\/wp-json\/wp\/v2\/comments?post=125223"}],"version-history":[{"count":0,"href":"https:\/\/www.monblogdefille.com\/blog\/wp-json\/wp\/v2\/posts\/125223\/revisions"}],"wp:featuredmedia":[{"embeddable":true,"href":"https:\/\/www.monblogdefille.com\/blog\/wp-json\/wp\/v2\/media\/125224"}],"wp:attachment":[{"href":"https:\/\/www.monblogdefille.com\/blog\/wp-json\/wp\/v2\/media?parent=125223"}],"wp:term":[{"taxonomy":"category","embeddable":true,"href":"https:\/\/www.monblogdefille.com\/blog\/wp-json\/wp\/v2\/categories?post=125223"},{"taxonomy":"post_tag","embeddable":true,"href":"https:\/\/www.monblogdefille.com\/blog\/wp-json\/wp\/v2\/tags?post=125223"}],"curies":[{"name":"wp","href":"https:\/\/api.w.org\/{rel}","templated":true}]}}