{"id":125182,"date":"2008-12-03T08:11:46","date_gmt":"2008-12-03T07:11:46","guid":{"rendered":"http:\/\/www.monblogdefille.com\/blog\/?p=125182"},"modified":"2009-07-24T18:42:00","modified_gmt":"2009-07-24T16:42:00","slug":"des-fois-quand-meme-la-vie-est-une-sacree-s%e2%80%a6-par-fleur","status":"publish","type":"post","link":"https:\/\/www.monblogdefille.com\/blog\/des-fois-quand-meme-la-vie-est-une-sacree-s%e2%80%a6-par-fleur\/","title":{"rendered":"Des fois, quand m\u00eame, la vie est une sacr\u00e9e s\u2026, par Fleur"},"content":{"rendered":"<p class=\"MsoNormal\" style=\"text-align: justify;\"><img loading=\"lazy\" decoding=\"async\" class=\"alignnone size-full wp-image-123973\" title=\"tanjore_ecolieres\" src=\"http:\/\/www.monblogdefille.com\/blog\/wp-content\/uploads\/2008\/03\/tanjore_ecolieres.jpg\" alt=\"\" width=\"250\" height=\"188\" align=\"left\" \/><span style=\"font-size: 10pt; line-height: 115%; font-family: Arial;\">\u00ab\u00a0J\u2019ai toujours su qu\u2019un jour je serais m\u00e8re. Je ne sais pas pourquoi, \u00e7a fait partie de moi, un besoin imp\u00e9rieux, plus fort que moi. Des fois quand je vois le monde tel qu\u2019il est, ce que l\u2019avenir semble nous r\u00e9server, je me dis que c\u2019est un dr\u00f4le de cadeau \u00e0 faire \u00e0 un enfant que de le faire na\u00eetre. Et pourtant ce d\u00e9sir est toujours l\u00e0, tr\u00e8s profond\u00e9ment ancr\u00e9.<\/span><\/p>\n<p class=\"MsoNormal\" style=\"text-align: justify;\"><span style=\"font-size: 10pt; line-height: 115%; font-family: Arial;\">Je suis avec mon compagnon depuis presque sept ans, nous vivons ensemble depuis quatre ans et quand il y a 3 ans j\u2019ai d\u00e9cid\u00e9 d\u2019arr\u00eater la pilule parce que je ne la supportais plus, c\u2019est lui-m\u00eame qui m\u2019a dit qu\u2019on pourrait en profiter pour avoir un enfant. C\u2019est venu tout seul, il avait connaissance de mon d\u00e9sir mais \u00e7a n\u2019a jamais \u00e9t\u00e9 une obsession, il savait que je pouvais patienter jusqu\u2019\u00e0 ce que lui soit pr\u00eat.<\/span><\/p>\n<p><!--more--><\/p>\n<p class=\"MsoNormal\" style=\"text-align: justify;\"><span style=\"font-size: 10pt; line-height: 115%; font-family: Arial;\">Depuis trois ans, donc, nous avons ce que nos amis gyn\u00e9cologues appellent des \u00ab\u00a0rapports non prot\u00e9g\u00e9s\u00a0\u00bb. Depuis trois ans j\u2019attends l\u2019arriv\u00e9e de mes r\u00e8gles chaque mois ou mois et demi, avec plus ou moins d\u2019attention, plus ou moins d\u2019appr\u00e9hension et plus ou moins de tristesse quand elles arrivent. Mois ou mois et demi parce que je n\u2019ai jamais eu de cycle r\u00e9gulier, toujours entre 30 et 45 jours mais jamais la m\u00eame dur\u00e9e. <\/span><\/p>\n<p class=\"MsoNormal\" style=\"text-align: justify;\"><span style=\"font-size: 10pt; line-height: 115%; font-family: Arial;\">En trois ans j\u2019ai vu deux gyn\u00e9cologues diff\u00e9rents. La premi\u00e8re, m\u2019a assur\u00e9 que tout allait bien chez moi, que les cycles longs et irr\u00e9guliers \u00e9taient courants chez la femme n\u2019ayant pas eu d\u2019enfants. Je l\u2019ai vue une fois et bien qu\u2019elle ait \u00e9t\u00e9 fort sympathique et m\u2019ait sembl\u00e9 professionnelle, je n\u2019ai plus eu envie de la revoir, quelque chose n\u2019\u00e9tait pas pass\u00e9.<\/span><\/p>\n<p class=\"MsoNormal\" style=\"text-align: justify;\"><span style=\"font-size: 10pt; line-height: 115%; font-family: Arial;\">Il y a dix jours, j\u2019ai rencontr\u00e9 mon nouveau gyn\u00e9cologue, premier rendez-vous depuis deux ans. Pourquoi un d\u00e9lai si long\u00a0? Je n\u2019en sais rien. J\u2019ai toujours une r\u00e9ticence \u00e0 aller voir un m\u00e9decin, j\u2019ai toujours peur du diagnostic et pr\u00e9f\u00e8re d\u2019une certaine mani\u00e8re rester dans l\u2019ignorance. Je c\u2019est que c\u2019est idiot mais c\u2019est plus fort que moi.<\/span><\/p>\n<p class=\"MsoNormal\" style=\"text-align: justify;\"><span style=\"font-size: 10pt; line-height: 115%; font-family: Arial;\">Donc mon nouveau gyn\u00e9cologue. Tout d\u2019abord, j\u2019ai d\u00e9lib\u00e9r\u00e9ment choisi un homme, je n\u2019arrive pas \u00e0 faire enti\u00e8rement confiance aux femmes qui me semblent trop bien conna\u00eetre leurs cong\u00e9n\u00e8res pour \u00eatre vraiment efficaces. Ensuite, je l\u2019ai choisi pour son excellente r\u00e9putation dans la r\u00e9gion. Et je ne le regrette pas, malgr\u00e9 ce qu\u2019il a pu me dire. Une seule consultation et il a d\u00e9j\u00e0 mon enti\u00e8re confiance et je sais qu\u2019il sera pr\u00e9sent quoiqu\u2019il arrive par la suite, quelles que soient les \u00e9preuves que mon compagnon et moi traverserons.<\/span><\/p>\n<p class=\"MsoNormal\" style=\"text-align: justify;\"><span style=\"font-size: 10pt; line-height: 115%; font-family: Arial;\">Car oui, des \u00e9preuves nous allons en traverser. La premi\u00e8re de toute \u00e9tant d\u2019accepter que l\u2019un de nous, voire les deux, a un probl\u00e8me de fertilit\u00e9. Il est le premier et le seul \u00e0 m\u2019avoir dit qu\u2019il est anormal pour une femme m\u00eame nullipare (comme on dit) d\u2019avoir des cycles si longs et irr\u00e9guliers. Il aussi m\u2019a dit clairement qu\u2019il est anormal qu\u2019en trois ans de relations non prot\u00e9g\u00e9es je ne sois pas une seule fois tomb\u00e9e enceinte (dr\u00f4le de terme d\u2019ailleurs, \u00ab\u00a0tomber enceinte\u00a0\u00bb comme si \u00e7a nous tombait dessus comme \u00e7a, pouf, la belle ironie du langage\u2026). Il m\u2019a dit \u00e9galement qu\u2019il y avait certainement un probl\u00e8me de fertilit\u00e9 dans mon couple et qu\u2019on pouvait supposer qu\u2019une partie au moins venait de moi (\u00e0 cause de ces cycles biscornus). Il a surtout ajout\u00e9 qu\u2019actuellement il existait un tas de solutions plus ou moins longues et difficiles pour qu\u2019un couple \u00ab\u00a0st\u00e9rile\u00a0\u00bb puisse avoir un enfant. Et la recommandation principale qu\u2019il m\u2019ait faite \u00e9tant \u00ab\u00a0n\u2019en parlez pas \u00e0 vos proches. La plupart vous diront d\u2019arr\u00eater d\u2019y penser et \u00e7a viendra tout seul, ce qui est compl\u00e8tement faut. Ce qu\u2019il faut maintenant c\u2019est d\u00e9couvrir d\u2019o\u00f9 vient le probl\u00e8me et le traiter.\u00a0\u00bb.<\/span><\/p>\n<p class=\"MsoNormal\" style=\"text-align: justify;\"><span style=\"font-size: 10pt; line-height: 115%; font-family: Arial;\">J\u2019ai appris cela le 4 octobre. Et bien que je me sois accroch\u00e9e aux espoirs qu\u2019il a tent\u00e9 de me donner, je ressens depuis un mal \u00eatre lancinant que m\u00eame mon compagnon n\u2019arrive pas \u00e0 att\u00e9nuer. Je sens que \u00e7a a ouvert une faille en lui, qui ne ressort qu\u2019au plus profond de l\u2019intimit\u00e9, au moment o\u00f9 le c\u0153ur s\u2019ouvre compl\u00e8tement et qu\u2019il se lib\u00e8re de ce qui l\u2019encombre, quand il cesse d\u2019\u00eatre l\u2019homme fort pour devenir cet \u00eatre si touchant et fragile Dans un de ces moments il n\u2019a pu retenir cette constatation \u00ab\u00a0mais \u00e7a veut dire que je ne suis peut-\u00eatre pas un homme complet\u00a0\u00bb, ce que j\u2019ai fortement rejet\u00e9, le pendant r\u00e9sonnant dans ma t\u00eate, je pourrais \u00eatre une femme incompl\u00e8te. En l\u2019\u00e9crivant je me rends compte \u00e0 quel point il est horrible d\u2019asseoir mon statut de femme sur une f\u00e9condation. Mon cerveau comprend que ce n\u2019est pas le cas mais mon c\u0153ur a pris un sacr\u00e9 coup\u2026 Je sais tr\u00e8s bien que certaines femmes ne veulent pas d\u2019enfants, pour diverses raisons que je respecte et elles n\u2019en sont pas moins femmes \u00e0 mes yeux.<\/span><\/p>\n<p class=\"MsoNormal\" style=\"text-align: justify;\"><span style=\"font-size: 10pt; line-height: 115%; font-family: Arial;\">Je dois vivre maintenant avec ce poids, je dois accepter d\u2019entendre cette<span> <\/span>\u00ab\u00a0amie\u00a0\u00bb me dire \u00ab\u00a0pfiou\u2026 mon deuxi\u00e8me enfant est venu tout seul, juste au moment o\u00f9 j\u2019allais reprendre la pilule. C\u2019est un tel bonheur\u00a0! Et alors, ton ch\u00e9ri et toi vous vous y mettez quand\u00a0?\u00a0\u00bb ou encore ma m\u00e8re me demander quand est-ce qu\u2019elle sera Grand-M\u00e8re (elle qui a \u00e0 peine \u00e9t\u00e9 m\u00e8re\u00a0!) ou tout simplement entendre ces personnes ne d\u00e9sirant pas forc\u00e9ment un enfant et se retrouvant enceinte \u00ab\u00a0par accident\u00a0\u00bb. Je me dis que la vie peut-\u00eatre parfois sacr\u00e9ment injuste mais que c\u2019est une \u00e9preuve qui, si nous la traversons, ne pourra que renforcer notre couple. J\u2019accepte peu \u00e0 peu cette situation que je viens de d\u00e9couvrir et ai d\u00e9cid\u00e9 d\u2019y aller doucement, \u00e9tape par \u00e9tape, sans pr\u00e9cipitation. <\/span><\/p>\n<p class=\"MsoNormal\" style=\"text-align: justify;\"><span style=\"font-size: 10pt; line-height: 115%; font-family: Arial;\">La prochaine \u00e9tape \u00e9tant les premi\u00e8res analyses pour lui et moi. Et la deuxi\u00e8me, une nouvelle rencontre avec ce gyn\u00e9cologue, en qui nous fondons tous nos espoirs\u2026<\/span><\/p>\n<p class=\"MsoNormal\" style=\"text-align: justify;\"><span style=\"font-size: 10pt; line-height: 115%; font-family: Arial;\">Sign\u00e9\u00a0: Fleur\u00a0\u00bb<\/span><\/p>\n","protected":false},"excerpt":{"rendered":"<p>\u00ab\u00a0J\u2019ai toujours su qu\u2019un jour je serais m\u00e8re. Je ne sais pas pourquoi, \u00e7a fait partie de moi, un besoin imp\u00e9rieux, plus fort que moi. Des fois quand je vois le monde tel qu\u2019il est,&#8230;<br \/> <a class=\"read-more\" href=\"https:\/\/www.monblogdefille.com\/blog\/des-fois-quand-meme-la-vie-est-une-sacree-s%e2%80%a6-par-fleur\/\">Lire la suite \u00bb<\/a><\/p>\n","protected":false},"author":3,"featured_media":123973,"comment_status":"open","ping_status":"open","sticky":false,"template":"","format":"standard","meta":{"footnotes":""},"categories":[5377],"tags":[20034],"class_list":["post-125182","post","type-post","status-publish","format-standard","has-post-thumbnail","hentry","category-o-toi-lectrice","tag-maternite"],"_links":{"self":[{"href":"https:\/\/www.monblogdefille.com\/blog\/wp-json\/wp\/v2\/posts\/125182","targetHints":{"allow":["GET"]}}],"collection":[{"href":"https:\/\/www.monblogdefille.com\/blog\/wp-json\/wp\/v2\/posts"}],"about":[{"href":"https:\/\/www.monblogdefille.com\/blog\/wp-json\/wp\/v2\/types\/post"}],"author":[{"embeddable":true,"href":"https:\/\/www.monblogdefille.com\/blog\/wp-json\/wp\/v2\/users\/3"}],"replies":[{"embeddable":true,"href":"https:\/\/www.monblogdefille.com\/blog\/wp-json\/wp\/v2\/comments?post=125182"}],"version-history":[{"count":0,"href":"https:\/\/www.monblogdefille.com\/blog\/wp-json\/wp\/v2\/posts\/125182\/revisions"}],"wp:featuredmedia":[{"embeddable":true,"href":"https:\/\/www.monblogdefille.com\/blog\/wp-json\/wp\/v2\/media\/123973"}],"wp:attachment":[{"href":"https:\/\/www.monblogdefille.com\/blog\/wp-json\/wp\/v2\/media?parent=125182"}],"wp:term":[{"taxonomy":"category","embeddable":true,"href":"https:\/\/www.monblogdefille.com\/blog\/wp-json\/wp\/v2\/categories?post=125182"},{"taxonomy":"post_tag","embeddable":true,"href":"https:\/\/www.monblogdefille.com\/blog\/wp-json\/wp\/v2\/tags?post=125182"}],"curies":[{"name":"wp","href":"https:\/\/api.w.org\/{rel}","templated":true}]}}