{"id":125146,"date":"2008-12-01T08:08:54","date_gmt":"2008-12-01T07:08:54","guid":{"rendered":"http:\/\/www.monblogdefille.com\/blog\/?p=125146"},"modified":"2011-01-04T18:08:32","modified_gmt":"2011-01-04T17:08:32","slug":"coupe-de-cheveux-pour-jelie","status":"publish","type":"post","link":"https:\/\/www.monblogdefille.com\/blog\/coupe-de-cheveux-pour-jelie\/","title":{"rendered":"Coupe de cheveux pour Jelie"},"content":{"rendered":"<p class=\"MsoNormal\"><span style=\"font-size: 10pt; font-family: Arial;\">\u00ab\u00a0Les filles, j\u2019ai besoin de vous. <\/span><\/p>\n<p class=\"MsoNormal\"><span style=\"font-size: 10pt; font-family: Arial;\"> <\/span><\/p>\n<p class=\"MsoNormal\"><span style=\"font-size: 10pt; font-family: Arial;\">J\u2019aimerai me faire couper les cheveux mais j\u2019ai peur. Enfin pas vraiment peur, disons que j\u2019h\u00e9site. Je ne sais pas quelle coupe choisir en fonction de la forme de mon visage et de ce qui est le plus simple \u00e0 refaire le lendemain matin. <\/span><\/p>\n<p class=\"MsoNormal\"><span style=\"font-size: 10pt; font-family: Arial;\"> <\/span><\/p>\n<p class=\"MsoNormal\"><span style=\"font-size: 10pt; font-family: Arial;\">Car c\u2019est bien beau toutes ces jolies coupes de cheveux mais s\u2019il faut avoir un budget de 8 millions d\u2019euros en laque et 6 heures devant soi le matin pour se coiffer \u00e0 peu pr\u00e8s comme on \u00e9tait quand on est sortie de chez le coiffeur, moi je dis non\u00a0! <\/span><\/p>\n<p class=\"MsoNormal\"><span style=\"font-size: 10pt; font-family: Arial;\"> <\/span><\/p>\n<p class=\"MsoNormal\"><span style=\"font-size: 10pt; font-family: Arial;\">Donc j\u2019ai les cheveux tr\u00e8s raides (je ne les lisse pas, ils sont naturellement comme \u00e7a) et je doute donc que leur \u00ab\u00a0texture\u00a0\u00bb soit en ad\u00e9quation avec ces coupes. Les (tr\u00e8s beaux) mod\u00e8les ont l\u2019air d\u2019avoir des cheveux souples. <\/span><\/p>\n<p class=\"MsoNormal\"><img loading=\"lazy\" decoding=\"async\" class=\"alignnone size-full wp-image-125147\" title=\"coupe-1\" src=\"http:\/\/www.monblogdefille.com\/blog\/wp-content\/uploads\/2008\/11\/coupe-1.jpg\" alt=\"\" width=\"250\" height=\"333\" \/> <img loading=\"lazy\" decoding=\"async\" class=\"alignnone size-full wp-image-125148\" title=\"coupe2\" src=\"http:\/\/www.monblogdefille.com\/blog\/wp-content\/uploads\/2008\/11\/coupe2.jpg\" alt=\"\" width=\"250\" height=\"341\" \/><\/p>\n<p class=\"MsoNormal\">&gt;<img loading=\"lazy\" decoding=\"async\" class=\"alignnone size-full wp-image-125149\" title=\"coupe3\" src=\"http:\/\/www.monblogdefille.com\/blog\/wp-content\/uploads\/2008\/11\/coupe3.jpg\" alt=\"\" width=\"250\" height=\"344\" \/> <img loading=\"lazy\" decoding=\"async\" class=\"alignnone size-full wp-image-125150\" title=\"coupe4\" src=\"http:\/\/www.monblogdefille.com\/blog\/wp-content\/uploads\/2008\/11\/coupe4.jpg\" alt=\"\" width=\"250\" height=\"277\" \/><\/p>\n<p class=\"MsoNormal\"><span style=\"font-size: 10pt; font-family: Arial;\">J\u2019ajouterai que j\u2019ai un visage tr\u00e8s rond et on m\u2019a toujours dit de ne pas couper au dessus des joues pour ne pas avoir l\u2019air d\u2019une boule. J\u2019h\u00e9site. <\/span><\/p>\n<p class=\"MsoNormal\"><img loading=\"lazy\" decoding=\"async\" class=\"alignnone size-full wp-image-125151\" title=\"p1030010\" src=\"http:\/\/www.monblogdefille.com\/blog\/wp-content\/uploads\/2008\/11\/p1030010.jpg\" alt=\"\" width=\"250\" height=\"289\" \/><\/p>\n<p class=\"MsoNormal\"><span style=\"font-size: 10pt; font-family: Arial;\"> <\/span><\/p>\n<p class=\"MsoNormal\"><span style=\"font-size: 10pt; font-family: Arial;\">Alors la grande question est\u00a0: Qu\u2019est ce que vous en pensez\u00a0? <\/span><\/p>\n<p class=\"MsoNormal\"><span style=\"font-size: 10pt; font-family: Arial;\"> <\/span><\/p>\n<p class=\"MsoNormal\"><span style=\"font-size: 10pt; font-family: Arial;\">Merci d\u2019avance\u00a0!<\/span><\/p>\n<p class=\"MsoNormal\"><span style=\"font-size: 10pt; font-family: Arial;\"> <\/span><\/p>\n<p class=\"MsoNormal\"><span style=\"font-size: 10pt; font-family: Arial;\">Sign\u00e9\u00a0: Jelie\u00a0\u00bb<\/span><\/p>\n","protected":false},"excerpt":{"rendered":"<p><img loading=\"lazy\" decoding=\"async\" class=\"alignnone size-full wp-image-123889\" title=\"wanted3\" src=\"http:\/\/www.monblogdefille.com\/blog\/wp-content\/uploads\/2008\/03\/wanted3.jpg\" alt=\"\" width=\"166\" height=\"200\" \/><\/p>\n","protected":false},"author":3,"featured_media":125147,"comment_status":"open","ping_status":"open","sticky":false,"template":"","format":"standard","meta":{"footnotes":""},"categories":[20009,20095,1502],"tags":[19946],"class_list":["post-125146","post","type-post","status-publish","format-standard","has-post-thumbnail","hentry","category-beaute","category-les-cheveux","category-wanted","tag-cheveux"],"_links":{"self":[{"href":"https:\/\/www.monblogdefille.com\/blog\/wp-json\/wp\/v2\/posts\/125146","targetHints":{"allow":["GET"]}}],"collection":[{"href":"https:\/\/www.monblogdefille.com\/blog\/wp-json\/wp\/v2\/posts"}],"about":[{"href":"https:\/\/www.monblogdefille.com\/blog\/wp-json\/wp\/v2\/types\/post"}],"author":[{"embeddable":true,"href":"https:\/\/www.monblogdefille.com\/blog\/wp-json\/wp\/v2\/users\/3"}],"replies":[{"embeddable":true,"href":"https:\/\/www.monblogdefille.com\/blog\/wp-json\/wp\/v2\/comments?post=125146"}],"version-history":[{"count":0,"href":"https:\/\/www.monblogdefille.com\/blog\/wp-json\/wp\/v2\/posts\/125146\/revisions"}],"wp:featuredmedia":[{"embeddable":true,"href":"https:\/\/www.monblogdefille.com\/blog\/wp-json\/wp\/v2\/media\/125147"}],"wp:attachment":[{"href":"https:\/\/www.monblogdefille.com\/blog\/wp-json\/wp\/v2\/media?parent=125146"}],"wp:term":[{"taxonomy":"category","embeddable":true,"href":"https:\/\/www.monblogdefille.com\/blog\/wp-json\/wp\/v2\/categories?post=125146"},{"taxonomy":"post_tag","embeddable":true,"href":"https:\/\/www.monblogdefille.com\/blog\/wp-json\/wp\/v2\/tags?post=125146"}],"curies":[{"name":"wp","href":"https:\/\/api.w.org\/{rel}","templated":true}]}}