{"id":125114,"date":"2008-11-27T18:26:05","date_gmt":"2008-11-27T17:26:05","guid":{"rendered":"http:\/\/www.monblogdefille.com\/blog\/?p=125114"},"modified":"2014-01-31T21:01:42","modified_gmt":"2014-01-31T20:01:42","slug":"beaute-bio-chez-yves-rocher","status":"publish","type":"post","link":"https:\/\/www.monblogdefille.com\/blog\/beaute-bio-chez-yves-rocher\/","title":{"rendered":"Beaut\u00e9 bio chez Yves Rocher"},"content":{"rendered":"<p class=\"MsoNormal\"><span style=\"font-size: 10pt; font-family: Arial;\">La c\u00e9l\u00e8bre marque de la Gacilly (<\/span><a href=\"http:\/\/www.ebuzzing.com\/rd\/3878_247_8041_1672_1775\/www.culturebio.com\" target=\"_blank\" rel=\"me nofollow noopener\">Yves Rocher)<\/a> <span style=\"font-size: 10pt; font-family: Arial;\">vient \u00e0 son tour de se lancer dans la beaut\u00e9 bio\u00a0: avec Culture Bio (<\/span><a href=\"http:\/\/www.culturebio.com\/\" target=\"_blank\" rel=\"me nofollow noopener\">http:\/\/www.culturebio.com<\/a><span style=\"font-size: 10pt; font-family: Arial;\">), nouvelle gamme certifi\u00e9e Ecocert, elle saute enfin le pas du naturel vers le biologique.<\/span><\/p>\n<p class=\"MsoNormal\"><span style=\"font-size: 10pt; font-family: Arial;\">Elle s\u2019adresse aux femmes qui se sentent concern\u00e9es par les probl\u00e8mes d\u2019environnement, sans pour autant avoir envie d\u2019aller vivre dans une yourte sans eau ni chauffage\u00a0; parce qu\u2019il faut bien reconna\u00eetre que le bio, souvent, c\u2019est \u00e7a qu\u2019on lui reproche\u00a0: pas fun et vachement contraignant, le truc qui fait moyen envie, donc.<\/span><\/p>\n<p class=\"MsoNormal\"><img loading=\"lazy\" decoding=\"async\" class=\"alignnone size-full wp-image-125115\" title=\"yr-schema-1\" alt=\"\" src=\"http:\/\/www.monblogdefille.com\/blog\/wp-content\/uploads\/2008\/11\/yr-schema-1.jpg\" width=\"500\" height=\"435\" \/><\/p>\n<p class=\"MsoNormal\"><img loading=\"lazy\" decoding=\"async\" class=\"alignnone size-full wp-image-125116\" title=\"yr-schema-2\" alt=\"\" src=\"http:\/\/www.monblogdefille.com\/blog\/wp-content\/uploads\/2008\/11\/yr-schema-2.jpg\" width=\"500\" height=\"310\" \/><\/p>\n<p class=\"MsoNormal\"><span style=\"font-size: 10pt; font-family: Arial;\">Ici il faut reconna\u00eetre que \u00e7a n\u2019est pas du tout contraignant (la boutique Yves Rocher la plus proche de chez moi est certes au bas d\u2019une rue scandaleusement en pente \u2013 je d\u00e9teste les pentes \u2013 mais vraiment tout pr\u00e8s tout pr\u00e8s, pas de carbone \u00e0 \u00e9conomiser ou pas), et assez fun\u00a0: d\u2019abord \u00e7a sent super bon\u00a0! Mais alors vraiment super bon\u00a0! L\u2019huile de nuit a un parfum d\u2019orange que j\u2019adore, moi qui ai une passion pour les odeurs d\u2019agrumes\u00a0!<\/span><\/p>\n<p class=\"MsoNormal\"><img loading=\"lazy\" decoding=\"async\" class=\"alignnone size-full wp-image-125117\" title=\"yr-huile-soir\" alt=\"\" src=\"http:\/\/www.monblogdefille.com\/blog\/wp-content\/uploads\/2008\/11\/yr-huile-soir.jpg\" width=\"221\" height=\"500\" align=\"middle\" \/><\/p>\n<p class=\"MsoNormal\"><span style=\"font-size: 10pt; font-family: Arial;\">Elle est pr\u00e9sent\u00e9e avec une pipette doseuse, j\u2019adore les pipettes doseuses (ah ben ouais hein, le flacon d\u2019huile \u00e0 large ouverture qu\u2019on renverse int\u00e9gralememnt dans le lavabal, merci bien).<\/span><\/p>\n<p class=\"MsoNormal\"><span style=\"font-size: 10pt; font-family: Arial;\">Et enfin, je m\u2019en suis mis sur la figure et rien d\u2019affreux ne s\u2019est produit. Je vous rappelle que je suis normalement allergique \u00e0 tout ce qui est bio, ma peau, comme celle de Sonia, ne tol\u00e9rant que le paraben.<\/span><\/p>\n<p class=\"MsoNormal\"><span style=\"font-size: 10pt; font-family: Arial;\">Ben l\u00e0 z\u00e9ro boutons, pas d\u2019irritation, no gratouille \u00e0 l\u2019horizon.<\/span><\/p>\n<p class=\"MsoNormal\"><span style=\"font-size: 10pt; font-family: Arial;\">Sa race non\u00a0?<\/span><\/p>\n<p><a href=\"http:\/\/www.ebuzzing.com\/\" target=\"_blank\" rel=\"me nofollow noopener\"><em>Billet sponsoris\u00e9<\/em><\/a><\/p>\n","protected":false},"excerpt":{"rendered":"<p>La c\u00e9l\u00e8bre marque de la Gacilly (Yves Rocher) vient \u00e0 son tour de se lancer dans la beaut\u00e9 bio\u00a0: avec Culture Bio (http:\/\/www.culturebio.com), nouvelle gamme certifi\u00e9e Ecocert, elle saute enfin le pas du naturel vers&#8230;<br \/> <a class=\"read-more\" href=\"https:\/\/www.monblogdefille.com\/blog\/beaute-bio-chez-yves-rocher\/\">Lire la suite \u00bb<\/a><\/p>\n","protected":false},"author":3,"featured_media":125115,"comment_status":"open","ping_status":"open","sticky":false,"template":"","format":"standard","meta":{"footnotes":""},"categories":[1],"tags":[],"class_list":["post-125114","post","type-post","status-publish","format-standard","has-post-thumbnail","hentry","category-uncategorized"],"_links":{"self":[{"href":"https:\/\/www.monblogdefille.com\/blog\/wp-json\/wp\/v2\/posts\/125114","targetHints":{"allow":["GET"]}}],"collection":[{"href":"https:\/\/www.monblogdefille.com\/blog\/wp-json\/wp\/v2\/posts"}],"about":[{"href":"https:\/\/www.monblogdefille.com\/blog\/wp-json\/wp\/v2\/types\/post"}],"author":[{"embeddable":true,"href":"https:\/\/www.monblogdefille.com\/blog\/wp-json\/wp\/v2\/users\/3"}],"replies":[{"embeddable":true,"href":"https:\/\/www.monblogdefille.com\/blog\/wp-json\/wp\/v2\/comments?post=125114"}],"version-history":[{"count":0,"href":"https:\/\/www.monblogdefille.com\/blog\/wp-json\/wp\/v2\/posts\/125114\/revisions"}],"wp:featuredmedia":[{"embeddable":true,"href":"https:\/\/www.monblogdefille.com\/blog\/wp-json\/wp\/v2\/media\/125115"}],"wp:attachment":[{"href":"https:\/\/www.monblogdefille.com\/blog\/wp-json\/wp\/v2\/media?parent=125114"}],"wp:term":[{"taxonomy":"category","embeddable":true,"href":"https:\/\/www.monblogdefille.com\/blog\/wp-json\/wp\/v2\/categories?post=125114"},{"taxonomy":"post_tag","embeddable":true,"href":"https:\/\/www.monblogdefille.com\/blog\/wp-json\/wp\/v2\/tags?post=125114"}],"curies":[{"name":"wp","href":"https:\/\/api.w.org\/{rel}","templated":true}]}}