{"id":125090,"date":"2008-11-26T08:06:23","date_gmt":"2008-11-26T07:06:23","guid":{"rendered":"http:\/\/www.monblogdefille.com\/blog\/?p=125090"},"modified":"2009-07-24T18:35:13","modified_gmt":"2009-07-24T16:35:13","slug":"le-ciel-sur-la-tete-par-galliane","status":"publish","type":"post","link":"https:\/\/www.monblogdefille.com\/blog\/le-ciel-sur-la-tete-par-galliane\/","title":{"rendered":"Le ciel sur la t\u00eate, par Gall\u00efane"},"content":{"rendered":"<p class=\"MsoNormal\" style=\"text-align: justify;\"><img loading=\"lazy\" decoding=\"async\" class=\"alignnone size-full wp-image-123973\" style=\"font-size: 10pt; font-family: Arial;\" src=\"http:\/\/www.monblogdefille.com\/blog\/wp-content\/uploads\/2008\/03\/tanjore_ecolieres.jpg\" alt=\"\" width=\"250\" height=\"188\" align=\"left\" \/><span style=\"font-size: 10pt; font-family: Arial;\">\u00ab\u00a0Parfois, il suffit d&rsquo;une seconde pour que votre monde s&rsquo;\u00e9croule.Il suffit d&rsquo;une image, d&rsquo;une parole\u2026<br \/>\nJe viens de vivre les plus longues secondes et minutes de ma vie.<br \/>\nEn un instant, ma vie a bascul\u00e9. Il m&rsquo;a suffi de passer un examen m\u00e9dical.<br \/>\nCet examen c&rsquo;est une \u00e9chographie morphologique, un examen que toute femme enceinte attend avec impatience. Une sorte de rendez-vous avec son futur enfant.<\/span><\/p>\n<p><span style=\"font-size: 10pt; font-family: Arial;\">Il suffit que le m\u00e9decin s&rsquo;attarde un peu sur les pieds de votre enfant, dans un silence absolu.<br \/>\nEt quand il prend enfin la parole, c&rsquo;est pour vous dire qu&rsquo;il y a un probl\u00e8me.<br \/>\nChoc, incompr\u00e9hension, interrogation&#8230; Mais impossible de parler, les mots restent coinc\u00e9s. Silence, mesures, calculs\u2026 J&rsquo;\u00e9change des regards interrogateurs avec le p\u00e8re de l&rsquo;enfant, lui-m\u00eame sondant le regard de l&rsquo;obst\u00e9tricien.<br \/>\nEnfin, le m\u00e9decin se prononce : il s&rsquo;av\u00e8re que l&rsquo;enfant pr\u00e9sente des malformations aux deux pieds, qu&rsquo;il semble \u00eatre incurv\u00e9s vers l&rsquo;int\u00e9rieur.<br \/>\nLe diagnostic est pos\u00e9 : <span>pieds bots varus equins bilat\u00e9raux.<\/span><\/span>\n<\/p>\n<p class=\"MsoNormal\" style=\"text-align: justify;\"><span style=\"font-size: 10pt; font-family: Arial;\"> <\/span><\/p>\n<p class=\"MsoNormal\" style=\"text-align: justify;\"><span style=\"font-size: 10pt; font-family: Arial;\">Il suffit d&rsquo;une phrase pour vous prendre un mur dans la figure, qu&rsquo;on vous coule les pieds dans du b\u00e9ton et qu&rsquo;on vous jette \u00e0 la mer\u2026<br \/>\nVous nagez en eaux troubles. Vous entendez mais vous ne voulez pas \u00e9couter.<br \/>\nImpossible de r\u00e9fl\u00e9chir, le cerveau se fige et le c\u0153ur se g\u00e8le.<br \/>\nHors de question d&rsquo;\u00e9couter \u00e7a, de comprendre ce qu&rsquo;il se passe\u2026<br \/>\nPourtant, tout \u00e0 l&rsquo;air d&rsquo;aller bien, Le b\u00e9b\u00e9 bouge, je suis en pleine forme, je suis \u00e9panouie\u2026. C&rsquo;EST IMPOSSIBLE !!!<\/span>\n<\/p>\n<p class=\"MsoNormal\" style=\"text-align: justify;\"><span style=\"font-size: 10pt; font-family: Arial;\"> <\/span><\/p>\n<p class=\"MsoNormal\" style=\"text-align: justify;\"><span style=\"font-size: 10pt; font-family: Arial;\">A la fin de l&rsquo;examen, l&rsquo;obst\u00e9tricien nous explique qu&rsquo;il va imm\u00e9diatement prendre rendez vous pour nous chez un sp\u00e9cialiste n\u00e9o-natal \u00e0 Clermont Ferrand, qu&rsquo;il va lui r\u00e9diger un courrier, lui transmettre les images de l&rsquo;\u00e9cho, que je vais certainement devoir subir une amniocent\u00e8se.<br \/>\nIl commence \u00e0 nous expliquer qu&rsquo;il est probable que \u00e7a s&rsquo;arrange avec des attelles, ou des chaussures, peut \u00eatre de la chirurgie.<br \/>\nOn me donne le rendez vous chez le sp\u00e9cialiste.<br \/>\nDans dix jours\u2026 Dix jours\u2026mais c&rsquo;est une \u00e9ternit\u00e9 !!!<br \/>\nJe suis effondr\u00e9e, abattue, je me dis qu&rsquo;il ne peuvent pas nous laisser dans l&rsquo;incertitude durant tout ce temps, qu&rsquo;il n&rsquo;est pas concevable d&rsquo;\u00eatre ignorants durant cette p\u00e9riode.<br \/>\nNous sortons de l&rsquo;h\u00f4pital dans le silence, mur\u00e9s dans l&rsquo;incompr\u00e9hension de ce qui nous arrive, dans l&rsquo;interrogation, dans le poids d&rsquo;un \u00e9v\u00e8nement inattendu et absolument impossible \u00e0 concevoir.<\/span>\n<\/p>\n<p class=\"MsoNormal\" style=\"text-align: justify;\"><span style=\"font-size: 10pt; font-family: Arial;\"> <\/span><\/p>\n<p class=\"MsoNormal\" style=\"text-align: justify;\"><span style=\"font-size: 10pt; font-family: Arial;\">Je suis dans l&rsquo;incompr\u00e9hension la plus totale.<br \/>\nJ&rsquo;ai beaucoup de mal \u00e0 r\u00e9aliser, ou plut\u00f4t, je m&rsquo;interdis de r\u00e9aliser ce qui se passe.<br \/>\nPuis je me rends \u00e0 l&rsquo;\u00e9vidence, je ne peux me cacher la v\u00e9rit\u00e9.<br \/>\nLe ciel vient de me tomber sur la t\u00eate, rien ne peut plus me toucher encore.<\/span>\n<\/p>\n<p class=\"MsoNormal\" style=\"text-align: justify;\"><span style=\"font-size: 10pt; font-family: Arial;\"> <\/span><\/p>\n<p class=\"MsoNormal\" style=\"text-align: justify;\"><span style=\"font-size: 10pt; font-family: Arial;\">Je m&#8217;empresse de regarder les sites sp\u00e9cialis\u00e9s sur le net, de me documenter, avide d&rsquo;en savoir plus, avide de comprendre, me rassurer qu&rsquo;il ne s&rsquo;agit de rien du tout, d&rsquo;une chose totalement b\u00e9nigne et qu&rsquo;il n&rsquo;y a pas de quoi s&rsquo;alarmer.<br \/>\nBien \u00e9videmment, il y a deux cas : soit effectivement, rien d&rsquo;irr\u00e9m\u00e9diable et tout va pour le mieux dans le meilleur des mondes\u2026 soit c&rsquo;est la fin du monde !<\/span>\n<\/p>\n<p class=\"MsoNormal\" style=\"text-align: justify;\"><span style=\"font-size: 10pt; font-family: Arial;\"> <\/span><\/p>\n<p class=\"MsoNormal\" style=\"text-align: justify;\"><span style=\"font-size: 10pt; font-family: Arial;\">J&rsquo;imagine le pire comme le meilleur.<br \/>\nJ&rsquo;imagine qu&rsquo;il faille subir la perte de mon enfant en cours de grossesse.<br \/>\nJ&rsquo;imagine la douleur de l&rsquo;enfant durant des ann\u00e9es si il doit subir des interventions chirurgicales \u00e0 r\u00e9p\u00e9tition, sans avoir l&rsquo;absolue certitude qu&rsquo;il marche un jour correctement.<br \/>\nJ&rsquo;imagine le courage, la force, le mental qu&rsquo;il va nous falloir pour traverser ces \u00e9preuves.<br \/>\nJ&rsquo;imagine qu&rsquo;il lui suffira de porter des attelles ou des chaussures orthop\u00e9diques, contraignants, mais si loin du milieu hospitalier.<br \/>\nJ&rsquo;imagine aussi que \u00e7a reviendra tout seul apr\u00e8s la naissance, ou bien m\u00eame avec des bandages durant les premiers mois de sa vie.<br \/>\nJ&rsquo;imagine que l&rsquo;obst\u00e9tricien a fait une erreur de diagnostic et qu&rsquo;en fait, mon enfant n&rsquo;a rien du tout.<br \/>\nJ&rsquo;imagine que je fais un r\u00eave, un cauchemar et que je vais me r\u00e9veiller.<br \/>\nJe me surprends \u00e0 ne plus vouloir cette grossesse.<br \/>\nJe culpabilise.<\/span>\n<\/p>\n<p class=\"MsoNormal\" style=\"text-align: justify;\"><span style=\"font-size: 10pt; font-family: Arial;\"> <\/span><\/p>\n<p class=\"MsoNormal\" style=\"text-align: justify;\"><span style=\"font-size: 10pt; font-family: Arial;\">On me dit que cette culpabilit\u00e9 est normale, mais totalement inutile.<br \/>\nMais comment faire pour la parer ?<br \/>\nJe ne comprends toujours pas ce qui m&rsquo;arrive\u2026<br \/>\nEnfin si, mais disons que j&rsquo;ai l&rsquo;impression de voir un mauvais film, d&rsquo;\u00eatre spectatrice des \u00e9v\u00e8nements.Je me sens seule, et en m\u00eame temps, je suis tr\u00e8s bien entour\u00e9e\u2026<br \/>\nJe me sens seule devant l&rsquo;adversit\u00e9, la fatalit\u00e9, devant les d\u00e9cisions que je vais devoir prendre\u2026<\/span>\n<\/p>\n<p class=\"MsoNormal\" style=\"text-align: justify;\"><span style=\"font-size: 10pt; font-family: Arial;\"> <\/span><\/p>\n<p class=\"MsoNormal\" style=\"text-align: justify;\"><em><span style=\"font-size: 10pt; font-family: Arial;\"> <\/span><\/em><\/p>\n<p class=\"MsoNormal\" style=\"text-align: justify;\"><em><span style=\"font-size: 10pt; font-family: Arial;\">Aujourd&rsquo;hui, novembre 2008, ma petite fille a 5 ans&#8230; et sans chirurgie, juste avec des pl\u00e2tres, des bandages, des attelles et de la kin\u00e9sith\u00e9rapie, ses pieds bots sont d\u00e9sormais de l&rsquo;histoire ancienne&#8230;<\/span><\/em><\/p>\n<p class=\"MsoNormal\" style=\"text-align: justify;\"><em><span style=\"font-size: 10pt; font-family: Arial;\"> <\/span><\/em><\/p>\n<p class=\"MsoNormal\" style=\"text-align: justify;\"><span style=\"font-size: 10pt; font-family: Arial;\">Sign\u00e9\u00a0: Gall\u00efane\u00a0\u00bb<em> <\/em><\/span><\/p>\n","protected":false},"excerpt":{"rendered":"<p>\u00ab\u00a0Parfois, il suffit d&rsquo;une seconde pour que votre monde s&rsquo;\u00e9croule.Il suffit d&rsquo;une image, d&rsquo;une parole\u2026 Je viens de vivre les plus longues secondes et minutes de ma vie. En un instant, ma vie a bascul\u00e9&#8230;.<br \/> <a class=\"read-more\" href=\"https:\/\/www.monblogdefille.com\/blog\/le-ciel-sur-la-tete-par-galliane\/\">Lire la suite \u00bb<\/a><\/p>\n","protected":false},"author":3,"featured_media":123973,"comment_status":"open","ping_status":"open","sticky":false,"template":"","format":"standard","meta":{"footnotes":""},"categories":[5377],"tags":[20034],"class_list":["post-125090","post","type-post","status-publish","format-standard","has-post-thumbnail","hentry","category-o-toi-lectrice","tag-maternite"],"_links":{"self":[{"href":"https:\/\/www.monblogdefille.com\/blog\/wp-json\/wp\/v2\/posts\/125090","targetHints":{"allow":["GET"]}}],"collection":[{"href":"https:\/\/www.monblogdefille.com\/blog\/wp-json\/wp\/v2\/posts"}],"about":[{"href":"https:\/\/www.monblogdefille.com\/blog\/wp-json\/wp\/v2\/types\/post"}],"author":[{"embeddable":true,"href":"https:\/\/www.monblogdefille.com\/blog\/wp-json\/wp\/v2\/users\/3"}],"replies":[{"embeddable":true,"href":"https:\/\/www.monblogdefille.com\/blog\/wp-json\/wp\/v2\/comments?post=125090"}],"version-history":[{"count":0,"href":"https:\/\/www.monblogdefille.com\/blog\/wp-json\/wp\/v2\/posts\/125090\/revisions"}],"wp:featuredmedia":[{"embeddable":true,"href":"https:\/\/www.monblogdefille.com\/blog\/wp-json\/wp\/v2\/media\/123973"}],"wp:attachment":[{"href":"https:\/\/www.monblogdefille.com\/blog\/wp-json\/wp\/v2\/media?parent=125090"}],"wp:term":[{"taxonomy":"category","embeddable":true,"href":"https:\/\/www.monblogdefille.com\/blog\/wp-json\/wp\/v2\/categories?post=125090"},{"taxonomy":"post_tag","embeddable":true,"href":"https:\/\/www.monblogdefille.com\/blog\/wp-json\/wp\/v2\/tags?post=125090"}],"curies":[{"name":"wp","href":"https:\/\/api.w.org\/{rel}","templated":true}]}}