{"id":124982,"date":"2008-11-20T07:51:44","date_gmt":"2008-11-20T06:51:44","guid":{"rendered":"http:\/\/www.monblogdefille.com\/blog\/?p=124982"},"modified":"2011-01-04T18:09:06","modified_gmt":"2011-01-04T17:09:06","slug":"coiffeur-disparu-pour-florasail","status":"publish","type":"post","link":"https:\/\/www.monblogdefille.com\/blog\/coiffeur-disparu-pour-florasail\/","title":{"rendered":"Coiffeur disparu pour Florasail"},"content":{"rendered":"<p class=\"MsoNormal\"><span style=\"font-size: 10pt; font-family: Arial;\">\u00ab\u00a0Bonjour les filles\u00a0!<\/span><\/p>\n<p class=\"MsoNormal\"><span style=\"font-size: 10pt; font-family: Arial;\"> <\/span><\/p>\n<p class=\"MsoNormal\"><span style=\"font-size: 10pt; font-family: Arial;\">Je cloue mon WANTED sur tous les poteaux de la Kapitale\u00a0 pour retrouver MON COIFFEUR ADORE (Fred il s\u2019appelle!) qui a fil\u00e9 du salon JC Biguine o\u00f9 il bossait rue des Francs Bourgeois\u2026<\/span><\/p>\n<p class=\"MsoNormal\"><span style=\"font-size: 10pt; font-family: Arial;\"> <\/span><\/p>\n<p class=\"MsoNormal\"><span style=\"font-size: 10pt; font-family: Arial;\">Et dire qu\u2019il avait r\u00e9ussi \u00e0 donner du gonflant \u00e0 ma tignasse platounette\u2026 <\/span><\/p>\n<p class=\"MsoNormal\"><span style=\"font-size: 10pt; font-family: Arial;\"> <\/span><\/p>\n<p class=\"MsoNormal\"><span style=\"font-size: 10pt; font-family: Arial;\">Bref c\u2019est la CATA en plus avec cette heure d\u2019hiver qui va me sapper le moral\u2026. Bon si vous apercevez MON Fred dans les parages (et pour lui je franchis le p\u00e9riph sans h\u00e9siter !), dites-moi\u00a0;-) <\/span><\/p>\n<p class=\"MsoNormal\"><span style=\"font-size: 10pt; font-family: Arial;\"> <\/span><\/p>\n<p class=\"MsoNormal\"><span style=\"font-size: 10pt; font-family: Arial;\">Merci \u00e0 toutes pour votre aide\u00a0!<\/span><\/p>\n<p class=\"MsoNormal\"><span style=\"font-size: 10pt;\"> <\/span><\/p>\n<p class=\"MsoNormal\"><span style=\"font-size: 10pt; font-family: Arial;\">Sign\u00e9\u00a0: Florasail\u00a0\u00bb<\/span><\/p>\n","protected":false},"excerpt":{"rendered":"<p><img decoding=\"async\" src=\"http:\/\/www.monblogdefille.com\/blog\/wp-content\/uploads\/2008\/03\/wanted3.jpg\" alt=\"wanted3.jpg\" \/><\/p>\n","protected":false},"author":3,"featured_media":0,"comment_status":"open","ping_status":"open","sticky":false,"template":"","format":"standard","meta":{"footnotes":""},"categories":[20009,20095,1502],"tags":[19946],"class_list":["post-124982","post","type-post","status-publish","format-standard","hentry","category-beaute","category-les-cheveux","category-wanted","tag-cheveux"],"_links":{"self":[{"href":"https:\/\/www.monblogdefille.com\/blog\/wp-json\/wp\/v2\/posts\/124982","targetHints":{"allow":["GET"]}}],"collection":[{"href":"https:\/\/www.monblogdefille.com\/blog\/wp-json\/wp\/v2\/posts"}],"about":[{"href":"https:\/\/www.monblogdefille.com\/blog\/wp-json\/wp\/v2\/types\/post"}],"author":[{"embeddable":true,"href":"https:\/\/www.monblogdefille.com\/blog\/wp-json\/wp\/v2\/users\/3"}],"replies":[{"embeddable":true,"href":"https:\/\/www.monblogdefille.com\/blog\/wp-json\/wp\/v2\/comments?post=124982"}],"version-history":[{"count":0,"href":"https:\/\/www.monblogdefille.com\/blog\/wp-json\/wp\/v2\/posts\/124982\/revisions"}],"wp:attachment":[{"href":"https:\/\/www.monblogdefille.com\/blog\/wp-json\/wp\/v2\/media?parent=124982"}],"wp:term":[{"taxonomy":"category","embeddable":true,"href":"https:\/\/www.monblogdefille.com\/blog\/wp-json\/wp\/v2\/categories?post=124982"},{"taxonomy":"post_tag","embeddable":true,"href":"https:\/\/www.monblogdefille.com\/blog\/wp-json\/wp\/v2\/tags?post=124982"}],"curies":[{"name":"wp","href":"https:\/\/api.w.org\/{rel}","templated":true}]}}