{"id":124945,"date":"2008-11-16T12:09:46","date_gmt":"2008-11-16T11:09:46","guid":{"rendered":"http:\/\/www.monblogdefille.com\/blog\/?p=124945"},"modified":"2008-11-20T09:47:03","modified_gmt":"2008-11-20T08:47:03","slug":"soeur-emmanuelle-aurait-eu-100-ans-aujourdhui","status":"publish","type":"post","link":"https:\/\/www.monblogdefille.com\/blog\/soeur-emmanuelle-aurait-eu-100-ans-aujourdhui\/","title":{"rendered":"Soeur Emmanuelle aurait eu 100 ans aujourd&rsquo;hui"},"content":{"rendered":"<p><img loading=\"lazy\" decoding=\"async\" class=\"alignnone size-full wp-image-124949\" title=\"asmae-2\" src=\"http:\/\/www.monblogdefille.com\/blog\/wp-content\/uploads\/2008\/11\/asmae-2.jpg\" alt=\"\" width=\"500\" height=\"132\" \/><\/p>\n<p><span style=\"font-size: 10pt; font-family: Arial;\">Je ne vais pas vous raconter sa vie, vous la connaissez ; je voulais simplement vous parler un peu de l&rsquo;association qu&rsquo;elle a cr\u00e9\u00e9 en 1980 afin d&rsquo;assurer la poursuite de son \u0153uvre et la professionnaliser, et qui s&rsquo;occupe aujourd&rsquo;hui de 74.000 enfants \u00e0 travers le monde.<\/span><\/p>\n<p class=\"MsoNormal\"><span style=\"font-size: 10pt; font-family: Arial;\"><a href=\"http:\/\/www.asmae.fr\/?gclid=CLuB0sLF-ZYCFSHaXgodn0PcXg\" target=\"_blank\" rel=\"noopener\">Asmae <\/a>est une association la\u00efque et apolitique, qui affiche comme principe le respect des diff\u00e9rences et a pour vocation de soutenir  les plus d\u00e9munis quelles que soient leurs croyances, origines ou convictions.<\/span><\/p>\n<p class=\"MsoNormal\"><span style=\"font-size: 10pt; font-family: Arial;\">Cette ONG de d\u00e9veloppement agit pour l\u2019enfance d\u00e9favoris\u00e9e dans 8 pays du monde (France, Egypte, Liban, Soudan,  Philippines, Madagascar, Inde, Burkina Faso &#8211; et bient\u00f4t le Mali).<\/span><\/p>\n<p class=\"MsoNormal\"><span style=\"font-size: 10pt; font-family: Arial;\">Sa mission est de donner aux enfants les moyens de choisir et de construire, dans leur environnement, leur propre voie vers l&rsquo;autonomie.<\/span><\/p>\n<p class=\"MsoNormal\"><span style=\"font-size: 10pt; font-family: Arial;\">L&rsquo;\u00e9ducation, il n&rsquo;y a que \u00e7a de vrai pour faire avancer le monde. <span style=\"font-size: 10pt; font-family: Arial;\">Merci Soeur Emmanuelle.<\/span><\/span><\/p>\n","protected":false},"excerpt":{"rendered":"<p>Je ne vais pas vous raconter sa vie, vous la connaissez ; je voulais simplement vous parler un peu de l&rsquo;association qu&rsquo;elle a cr\u00e9\u00e9 en 1980 afin d&rsquo;assurer la poursuite de son \u0153uvre et la&#8230;<br \/> <a class=\"read-more\" href=\"https:\/\/www.monblogdefille.com\/blog\/soeur-emmanuelle-aurait-eu-100-ans-aujourdhui\/\">Lire la suite \u00bb<\/a><\/p>\n","protected":false},"author":3,"featured_media":124949,"comment_status":"open","ping_status":"open","sticky":false,"template":"","format":"standard","meta":{"footnotes":""},"categories":[1488],"tags":[],"class_list":["post-124945","post","type-post","status-publish","format-standard","has-post-thumbnail","hentry","category-femmes-du-monde"],"_links":{"self":[{"href":"https:\/\/www.monblogdefille.com\/blog\/wp-json\/wp\/v2\/posts\/124945","targetHints":{"allow":["GET"]}}],"collection":[{"href":"https:\/\/www.monblogdefille.com\/blog\/wp-json\/wp\/v2\/posts"}],"about":[{"href":"https:\/\/www.monblogdefille.com\/blog\/wp-json\/wp\/v2\/types\/post"}],"author":[{"embeddable":true,"href":"https:\/\/www.monblogdefille.com\/blog\/wp-json\/wp\/v2\/users\/3"}],"replies":[{"embeddable":true,"href":"https:\/\/www.monblogdefille.com\/blog\/wp-json\/wp\/v2\/comments?post=124945"}],"version-history":[{"count":0,"href":"https:\/\/www.monblogdefille.com\/blog\/wp-json\/wp\/v2\/posts\/124945\/revisions"}],"wp:featuredmedia":[{"embeddable":true,"href":"https:\/\/www.monblogdefille.com\/blog\/wp-json\/wp\/v2\/media\/124949"}],"wp:attachment":[{"href":"https:\/\/www.monblogdefille.com\/blog\/wp-json\/wp\/v2\/media?parent=124945"}],"wp:term":[{"taxonomy":"category","embeddable":true,"href":"https:\/\/www.monblogdefille.com\/blog\/wp-json\/wp\/v2\/categories?post=124945"},{"taxonomy":"post_tag","embeddable":true,"href":"https:\/\/www.monblogdefille.com\/blog\/wp-json\/wp\/v2\/tags?post=124945"}],"curies":[{"name":"wp","href":"https:\/\/api.w.org\/{rel}","templated":true}]}}