{"id":124831,"date":"2008-10-22T08:14:22","date_gmt":"2008-10-22T06:14:22","guid":{"rendered":"http:\/\/www.monblogdefille.com\/blog\/20081022stupeur-et-tremblements-par-scarlett"},"modified":"2009-01-18T15:32:03","modified_gmt":"2009-01-18T14:32:03","slug":"stupeur-et-tremblements-par-scarlett","status":"publish","type":"post","link":"https:\/\/www.monblogdefille.com\/blog\/stupeur-et-tremblements-par-scarlett\/","title":{"rendered":"Stupeur et tremblements, par Scarlett"},"content":{"rendered":"<p class=\"MsoNormal\" style=\"text-align: justify\"><img decoding=\"async\" src=\"http:\/\/www.monblogdefille.com\/blog\/wp-content\/uploads\/2008\/03\/tanjore_ecolieres.jpg\" alt=\"tanjore_ecolieres.jpg\" align=\"left\" \/><span style=\"font-size: 10pt; font-family: Arial\">\u00ab\u00a0Nous sommes le 21 novembre 2000, il est 7h30 et je n\u2019ai pas beaucoup dormi.<br \/>\nJ\u2019ai comme une dr\u00f4le d\u2019impression\u00a0: je tremble sans trembler, je vois flou mais j\u2019y vois clair, j\u2019ai froid mais suis mouill\u00e9e de transpiration\u2026 Je me sens f\u00e9brile et j\u2019ai la gorge nou\u00e9e.<br \/>\nC\u2019est pas grave, me dis-je, tout va bien et je commence \u00e0 me pr\u00e9parer tranquillement pour aller en cours. <\/span>\n<\/p>\n<p class=\"MsoNormal\" style=\"text-align: justify\"><span style=\"font-size: 10pt; font-family: Arial\">Tiens, impossible d\u2019avaler la moindre tartine et le caf\u00e9 est coinc\u00e9 dans ma bouche. Mes mouvements sont saccad\u00e9s, je n\u2019arrive plus \u00e0 organiser mes pens\u00e9es. Je suis obnubil\u00e9e par mes sensations physiques, comme si mon corps r\u00e9agissait \u00e0 mon insu. Ma t\u00eate me dit de me calmer mais rien \u00e0 faire, la peur s\u2019insinue en moi. Malgr\u00e9 moi.<\/span><\/p>\n<p class=\"MsoNormal\" style=\"text-align: justify\"><span style=\"font-size: 10pt; font-family: Arial\">Je lutte, me lave et m\u2019habille tant bien que mal, et m\u2019accroche \u00e0 cette id\u00e9e d\u2019aller en cours. J\u2019ai d\u00e9sesp\u00e9r\u00e9ment besoin d\u2019aller en cours, c\u2019est devenu vital.<\/span><\/p>\n<p class=\"MsoNormal\" style=\"text-align: justify\"><span style=\"font-size: 10pt; font-family: Arial\">Tiens, mon souffle est court et ma respiration rapide. Je prends mes affaires et ouvre la porte, je le fais tous les jours, pourquoi aujourd\u2019hui serait-il diff\u00e9rent\u00a0?<br \/>\nDevant l\u2019ascenseur, mon c\u0153ur s\u2019acc\u00e9l\u00e8re. Je me mets \u00e0 marmonner toute seule, me sermonnant que tout va bien, que toutes ces manifestations physiques vont bien finir par s\u2019arr\u00eater.<\/span><\/p>\n<p class=\"MsoNormal\" style=\"text-align: justify\"><span style=\"font-size: 10pt; font-family: Arial\">Dans la rue j\u2019avance comme un automate, refusant d\u2019\u00e9couter mon corps qui me hurle quelque chose que je ne comprends pas. Je me dirige vers l\u2019arr\u00eat de bus, comme tous les jours, et essaie d\u2019attendre patiemment.<br \/>\n\u00ab <em>Tout va bien, \u00e7a va passer, \u00e7a va passer, \u00e7a va passer<\/em> \u00bb, en boucle dans ma t\u00eate, comme une parole magique sens\u00e9e m\u2019apaiser.<\/span><\/p>\n<p class=\"MsoNormal\" style=\"text-align: justify\"><span style=\"font-size: 10pt; font-family: Arial\">C\u2019est une fois dans le bus que je comprends que \u00e7a ne passera pas.<br \/>\nLes tremblements sont bel et bien l\u00e0. Mon c\u0153ur est \u00e0 deux doigts d\u2019exploser. Ma t\u00eate tourne, mes jambes ne peuvent plus me porter.<br \/>\nTout me parait irr\u00e9el, je ne reconnais plus rien, ne ma\u00eetrise plus rien. Tout n\u2019est qu\u2019agression et danger potentiel. J\u2019ai tr\u00e8s peur et fais alors la seule chose dont je suis capable\u00a0: fuir cet endroit hostile. <\/span><\/p>\n<p class=\"MsoNormal\" style=\"text-align: justify\"><span style=\"font-size: 10pt; font-family: Arial\">C\u2019est en pleurant que je rentre chez moi.<br \/>\nFace \u00e0 l\u2019homme qui partage ma vie, les vannes l\u00e2chent. Hurlements, pleurs, spasmes incontr\u00f4lables, c\u2019est la panique totale et je n\u2019ai plus qu\u2019une seule certitude\u00a0: je suis en train de mourir, ne le voit-il donc pas\u00a0?<\/span><\/p>\n<p class=\"MsoNormal\" style=\"text-align: justify\"><span style=\"font-size: 10pt; font-family: Arial\">Cinq longues minutes, pendant lesquelles j\u2019oscille entre d\u00e9sespoir et folie totale.<br \/>\nCinq longues minutes, qui me para\u00eetront une \u00e9ternit\u00e9 et qui changeront \u00e0 jamais ma personnalit\u00e9 et ma place dans la soci\u00e9t\u00e9.<\/span>\n<\/p>\n<p class=\"MsoNormal\" style=\"text-align: justify\"><span style=\"font-size: 10pt; font-family: Arial\">Dans les mois qui suivirent, je ne fus plus qu\u2019une petite fille tremblante et d\u00e9pendante des autres. Je compris que ce qui m\u2019\u00e9tait arriv\u00e9 \u00e9tait une \u00ab\u00a0attaque de panique\u00a0\u00bb, et que si je n\u2019arrivais plus \u00e0 passer le pas de ma porte, c\u2019\u00e9tait parce que j\u2019\u00e9tais devenue ce qu\u2019on appelle une agoraphobe. Si j\u2019allais dehors je mourrais, l\u2019\u00e9quation \u00e9tait aussi simple que \u00e7a. <\/span><\/p>\n<p class=\"MsoNormal\" style=\"text-align: justify\"><span style=\"font-size: 10pt; font-family: Arial\">Huit ans plus tard, \u00e0 force d\u2019acharnement et gr\u00e2ce aux personnes qui m\u2019entourent et \u00e0 ma famille, j\u2019arrive \u00e0 sortir tous les jours dans les rues de Paris pour aller travailler\u00a0; j\u2019arrive \u00e0 prendre le m\u00e9tro sans claquer des dents\u00a0; je vais au cin\u00e9ma, avec appr\u00e9hension, mais j\u2019y vais quand m\u00eame\u00a0!<br \/>\nAlors oui, c\u2019est vrai, aller dans un endroit qui m\u2019est inconnu m\u2019emp\u00eache de dormir et je suis \u00e0 chaque fois \u00e0 deux doigts de renoncer, mais je finis toujours par ma\u00eetriser cette peur et \u00e0 vaincre ma phobie.<br \/>\nMa victoire \u00e0 moi, c\u2019est de pouvoir ouvrir ma porte d\u2019entr\u00e9e avec le sourire et de regarder le ciel sans ciller\u00a0: car non, il ne va pas me tomber sur la t\u00eate\u2026<\/span>\n<\/p>\n<p class=\"MsoNormal\" style=\"text-align: justify\"><span style=\"font-size: 10pt; font-family: Arial\">Sign\u00e9\u00a0: Scarlett\u00a0\u00bb<\/span><\/p>\n","protected":false},"excerpt":{"rendered":"<p>\u00ab\u00a0Nous sommes le 21 novembre 2000, il est 7h30 et je n\u2019ai pas beaucoup dormi. J\u2019ai comme une dr\u00f4le d\u2019impression\u00a0: je tremble sans trembler, je vois flou mais j\u2019y vois clair, j\u2019ai froid mais suis&#8230;<br \/> <a class=\"read-more\" href=\"https:\/\/www.monblogdefille.com\/blog\/stupeur-et-tremblements-par-scarlett\/\">Lire la suite \u00bb<\/a><\/p>\n","protected":false},"author":3,"featured_media":123973,"comment_status":"open","ping_status":"open","sticky":false,"template":"","format":"standard","meta":{"footnotes":""},"categories":[5377],"tags":[],"class_list":["post-124831","post","type-post","status-publish","format-standard","has-post-thumbnail","hentry","category-o-toi-lectrice"],"_links":{"self":[{"href":"https:\/\/www.monblogdefille.com\/blog\/wp-json\/wp\/v2\/posts\/124831","targetHints":{"allow":["GET"]}}],"collection":[{"href":"https:\/\/www.monblogdefille.com\/blog\/wp-json\/wp\/v2\/posts"}],"about":[{"href":"https:\/\/www.monblogdefille.com\/blog\/wp-json\/wp\/v2\/types\/post"}],"author":[{"embeddable":true,"href":"https:\/\/www.monblogdefille.com\/blog\/wp-json\/wp\/v2\/users\/3"}],"replies":[{"embeddable":true,"href":"https:\/\/www.monblogdefille.com\/blog\/wp-json\/wp\/v2\/comments?post=124831"}],"version-history":[{"count":0,"href":"https:\/\/www.monblogdefille.com\/blog\/wp-json\/wp\/v2\/posts\/124831\/revisions"}],"wp:featuredmedia":[{"embeddable":true,"href":"https:\/\/www.monblogdefille.com\/blog\/wp-json\/wp\/v2\/media\/123973"}],"wp:attachment":[{"href":"https:\/\/www.monblogdefille.com\/blog\/wp-json\/wp\/v2\/media?parent=124831"}],"wp:term":[{"taxonomy":"category","embeddable":true,"href":"https:\/\/www.monblogdefille.com\/blog\/wp-json\/wp\/v2\/categories?post=124831"},{"taxonomy":"post_tag","embeddable":true,"href":"https:\/\/www.monblogdefille.com\/blog\/wp-json\/wp\/v2\/tags?post=124831"}],"curies":[{"name":"wp","href":"https:\/\/api.w.org\/{rel}","templated":true}]}}