{"id":124829,"date":"2008-10-21T11:53:21","date_gmt":"2008-10-21T09:53:21","guid":{"rendered":"http:\/\/www.monblogdefille.com\/blog\/20081021forum-avene-le-23-octobre"},"modified":"2011-12-31T18:10:15","modified_gmt":"2011-12-31T17:10:15","slug":"forum-avene-le-23-octobre","status":"publish","type":"post","link":"https:\/\/www.monblogdefille.com\/blog\/forum-avene-le-23-octobre\/","title":{"rendered":"Forum Av\u00e8ne le 23 octobre"},"content":{"rendered":"<p><img loading=\"lazy\" decoding=\"async\" class=\"alignnone size-full wp-image-133023\" title=\"brumi av\u00e8ne\" src=\"http:\/\/www.monblogdefille.com\/blog\/wp-content\/uploads\/2008\/10\/brumi-av\u00e8ne.jpg\" alt=\"\" width=\"500\" height=\"375\" \/><\/p>\n<p>Or donc quand je suis all\u00e9e \u00e0 Av\u00e8ne, j\u2019\u00e9tais accompagn\u00e9e par Val\u00e9rie, attach\u00e9e de presse de la marque, pharmacienne de formation et d\u00e9licieuse jeune femme.<\/p>\n<p class=\"MsoNormal\"><span style=\"font-size: 10pt; font-family: Arial;\">On a eu une id\u00e9e qui devrait vous int\u00e9resser\u00a0: jeudi, j\u2019ouvrirai un billet sp\u00e9cial Forum et vous pourrez lui poser toutes les questions que vous voulez sur Av\u00e8ne et votre peau. <\/span><\/p>\n<p class=\"MsoNormal\"><span style=\"font-size: 10pt; font-family: Arial;\">Elle sera en ligne toute la journ\u00e9e pour vous r\u00e9pondre.<\/span><\/p>\n<p class=\"MsoNormal\"><span style=\"font-size: 10pt; font-family: Arial;\">En tant qu\u2019attach\u00e9e de presse du groupe Pierre Fabre, elle conna\u00eet aussi les autres marques du groupe (Aderma, Ducray, Furterer, Klorane, Gal\u00e9nic et Elancyl), m\u00eame si celle qu\u2019elle ma\u00eetrise \u00e0 fond, c\u2019est Av\u00e8ne\u00a0;-)<\/span><\/p>\n<p class=\"MsoNormal\"><span style=\"font-size: 10pt; font-family: Arial;\">Cool, non\u00a0?<\/span><\/p>\n","protected":false},"excerpt":{"rendered":"<p>Or donc quand je suis all\u00e9e \u00e0 Av\u00e8ne, j\u2019\u00e9tais accompagn\u00e9e par Val\u00e9rie, attach\u00e9e de presse de la marque, pharmacienne de formation et d\u00e9licieuse jeune femme. On a eu une id\u00e9e qui devrait vous int\u00e9resser\u00a0: jeudi,&#8230;<br \/> <a class=\"read-more\" href=\"https:\/\/www.monblogdefille.com\/blog\/forum-avene-le-23-octobre\/\">Lire la suite \u00bb<\/a><\/p>\n","protected":false},"author":3,"featured_media":133023,"comment_status":"closed","ping_status":"closed","sticky":false,"template":"","format":"standard","meta":{"footnotes":""},"categories":[1489],"tags":[19995],"class_list":["post-124829","post","type-post","status-publish","format-standard","has-post-thumbnail","hentry","category-le-soin","tag-avene"],"_links":{"self":[{"href":"https:\/\/www.monblogdefille.com\/blog\/wp-json\/wp\/v2\/posts\/124829","targetHints":{"allow":["GET"]}}],"collection":[{"href":"https:\/\/www.monblogdefille.com\/blog\/wp-json\/wp\/v2\/posts"}],"about":[{"href":"https:\/\/www.monblogdefille.com\/blog\/wp-json\/wp\/v2\/types\/post"}],"author":[{"embeddable":true,"href":"https:\/\/www.monblogdefille.com\/blog\/wp-json\/wp\/v2\/users\/3"}],"replies":[{"embeddable":true,"href":"https:\/\/www.monblogdefille.com\/blog\/wp-json\/wp\/v2\/comments?post=124829"}],"version-history":[{"count":0,"href":"https:\/\/www.monblogdefille.com\/blog\/wp-json\/wp\/v2\/posts\/124829\/revisions"}],"wp:featuredmedia":[{"embeddable":true,"href":"https:\/\/www.monblogdefille.com\/blog\/wp-json\/wp\/v2\/media\/133023"}],"wp:attachment":[{"href":"https:\/\/www.monblogdefille.com\/blog\/wp-json\/wp\/v2\/media?parent=124829"}],"wp:term":[{"taxonomy":"category","embeddable":true,"href":"https:\/\/www.monblogdefille.com\/blog\/wp-json\/wp\/v2\/categories?post=124829"},{"taxonomy":"post_tag","embeddable":true,"href":"https:\/\/www.monblogdefille.com\/blog\/wp-json\/wp\/v2\/tags?post=124829"}],"curies":[{"name":"wp","href":"https:\/\/api.w.org\/{rel}","templated":true}]}}