{"id":124819,"date":"2008-10-16T08:07:34","date_gmt":"2008-10-16T07:07:34","guid":{"rendered":"http:\/\/www.monblogdefille.com\/blog\/20081016anti-gratte-aux-jambes-pour-milimelaine"},"modified":"2009-01-26T02:10:21","modified_gmt":"2009-01-26T01:10:21","slug":"anti-gratte-aux-jambes-pour-milimelaine","status":"publish","type":"post","link":"https:\/\/www.monblogdefille.com\/blog\/anti-gratte-aux-jambes-pour-milimelaine\/","title":{"rendered":"Anti-gratte aux jambes pour milimelaine"},"content":{"rendered":"<p class=\"MsoNormal\"><span style=\"font-size: 10pt; font-family: Arial\">\u00ab\u00a0Bonjour les filles,<o :p><\/o><\/span><\/p>\n<p class=\"MsoNormal\"><span style=\"font-size: 10pt; font-family: Arial\"><o :p><\/o>Mon probl\u00e8me \u00e0 moi, c&rsquo;est que, lorsque les poils de mes jambes repoussent, c&rsquo;est intenable, \u00e7a d\u00e9mange tellement que j&rsquo;ai envie d&rsquo;y mettre de la cortisone -mais j&rsquo;ai po le droit, \u00e0 cause que sinon, apr\u00e8s, \u00e7a d\u00e9mange encore plus et plus souvent.<br \/>\n<o :p><\/o><\/span><\/p>\n<p class=\"MsoNormal\"><span style=\"font-size: 10pt; font-family: Arial\">J&rsquo;ai les poils blonds, donc pas moyen d&rsquo;envisager l&rsquo;\u00e9pilation d\u00e9finitive au laser (\u00e7a ne marche pas).<br \/>\n<o :p><\/o><\/span><\/p>\n<p class=\"MsoNormal\"><span style=\"font-size: 10pt; font-family: Arial\">J&rsquo;ai essay\u00e9 pas mal de trucs (gommages et \u00e9mollients de toutes sortes), mais si vous \u00eates dans mon cas et que vous d\u00e9tenez le graal anti-prurit, je prends.<br \/>\n<o :p><\/o><\/span>\n<\/p>\n<p class=\"MsoNormal\"><span style=\"font-size: 10pt; font-family: Arial\">Merci\u00a0!<\/span><\/p>\n<p>Sign\u00e9\u00a0: milimelaine\u00a0\u00bb<o :p><\/o><\/p>\n","protected":false},"excerpt":{"rendered":"<p><img decoding=\"async\" src=\"http:\/\/www.monblogdefille.com\/blog\/wp-content\/uploads\/2008\/03\/wanted3.jpg\" alt=\"wanted3.jpg\" \/><\/p>\n","protected":false},"author":3,"featured_media":0,"comment_status":"open","ping_status":"open","sticky":false,"template":"","format":"standard","meta":{"footnotes":""},"categories":[20009,1489,1502],"tags":[],"class_list":["post-124819","post","type-post","status-publish","format-standard","hentry","category-beaute","category-le-soin","category-wanted"],"_links":{"self":[{"href":"https:\/\/www.monblogdefille.com\/blog\/wp-json\/wp\/v2\/posts\/124819","targetHints":{"allow":["GET"]}}],"collection":[{"href":"https:\/\/www.monblogdefille.com\/blog\/wp-json\/wp\/v2\/posts"}],"about":[{"href":"https:\/\/www.monblogdefille.com\/blog\/wp-json\/wp\/v2\/types\/post"}],"author":[{"embeddable":true,"href":"https:\/\/www.monblogdefille.com\/blog\/wp-json\/wp\/v2\/users\/3"}],"replies":[{"embeddable":true,"href":"https:\/\/www.monblogdefille.com\/blog\/wp-json\/wp\/v2\/comments?post=124819"}],"version-history":[{"count":0,"href":"https:\/\/www.monblogdefille.com\/blog\/wp-json\/wp\/v2\/posts\/124819\/revisions"}],"wp:attachment":[{"href":"https:\/\/www.monblogdefille.com\/blog\/wp-json\/wp\/v2\/media?parent=124819"}],"wp:term":[{"taxonomy":"category","embeddable":true,"href":"https:\/\/www.monblogdefille.com\/blog\/wp-json\/wp\/v2\/categories?post=124819"},{"taxonomy":"post_tag","embeddable":true,"href":"https:\/\/www.monblogdefille.com\/blog\/wp-json\/wp\/v2\/tags?post=124819"}],"curies":[{"name":"wp","href":"https:\/\/api.w.org\/{rel}","templated":true}]}}