{"id":124778,"date":"2008-09-25T06:28:55","date_gmt":"2008-09-25T05:28:55","guid":{"rendered":"http:\/\/www.monblogdefille.com\/blog\/20080925modeles-a-coiffer-pour-kro"},"modified":"2011-01-04T18:10:28","modified_gmt":"2011-01-04T17:10:28","slug":"modeles-a-coiffer-pour-kro","status":"publish","type":"post","link":"https:\/\/www.monblogdefille.com\/blog\/modeles-a-coiffer-pour-kro\/","title":{"rendered":"Mod\u00e8les \u00e0 coiffer pour kro"},"content":{"rendered":"<p class=\"MsoNormal\"><span style=\"font-size: 10pt; font-family: Arial\">\u00ab\u00a0Bonjour\u00a0!<o :p><\/o><\/span><\/p>\n<p class=\"MsoNormal\"><span style=\"font-size: 10pt; font-family: Arial\"><o :p><\/o>Je vis sur le bassin d&rsquo;Arcachon et je suis coiffeuse, depuis toujours je suis passionn\u00e9e de coiffure studio et \u00e7a fait d\u00e9j\u00e0 quelques temps que je tente en vain de convaincre mes copines de me servir de mod\u00e8les, mais elles ne veulent pas que, je cite, \u00ab\u00a0les d\u00e9guise \u00e0 mon gr\u00e8s\u00a0\u00bb&#8230; parce que je veux faire les choses bien !!<\/span><\/p>\n<p>Donc pour r\u00e9sumer ma demande je recherche des filles pour me servir de mod\u00e8le pour des photos qui seront destin\u00e9es a mon book.<o :p><\/o><\/p>\n<p class=\"MsoNormal\"><span style=\"font-size: 10pt; font-family: Arial\"><o :p><\/o>Pour cela je dois \u00eatre sure qu&rsquo;elle me feront a 100% confiance et surtout que je puisse avoir carte blanche (promis les cheveux bleus et les cr\u00eates tr\u00e8s peu pour moi&#8230;).<o :p><\/o><\/span><\/p>\n<p class=\"MsoNormal\"><span style=\"font-size: 10pt; font-family: Arial\"><o :p><\/o>Il est bien sur \u00e9vident que si je pense que un petit relooking cheveux serai sympa, je proposerai mes services gratuitement (produits et main d&rsquo;oeuvre). <o :p><\/o><\/span><\/p>\n<p class=\"MsoNormal\"><span style=\"font-size: 10pt; font-family: Arial\"><o :p><\/o>Et je ne suis \u00e9videmment pas contre si quelqu&rsquo;un veut faire les photos et\/ou le maquillage\u00a0;-)<o :p><\/o><\/span><\/p>\n<p class=\"MsoNormal\"><span style=\"font-size: 10pt; font-family: Arial\"><o :p><\/o>Merci\u00a0!<o :p><\/o><\/span><\/p>\n<p class=\"MsoNormal\"><span style=\"font-size: 10pt; font-family: Arial\"><o :p><\/o>Sign\u00e9\u00a0: kro\u00a0\u00bb<\/span><span style=\"font-size: 10pt\"><o :p><\/o><\/span><\/p>\n","protected":false},"excerpt":{"rendered":"<p><img decoding=\"async\" src=\"http:\/\/www.monblogdefille.com\/blog\/wp-content\/uploads\/2008\/03\/wanted3.jpg\" alt=\"wanted3.jpg\" \/><\/p>\n","protected":false},"author":3,"featured_media":0,"comment_status":"open","ping_status":"open","sticky":false,"template":"","format":"standard","meta":{"footnotes":""},"categories":[20009,20095,1502],"tags":[19946],"class_list":["post-124778","post","type-post","status-publish","format-standard","hentry","category-beaute","category-les-cheveux","category-wanted","tag-cheveux"],"_links":{"self":[{"href":"https:\/\/www.monblogdefille.com\/blog\/wp-json\/wp\/v2\/posts\/124778","targetHints":{"allow":["GET"]}}],"collection":[{"href":"https:\/\/www.monblogdefille.com\/blog\/wp-json\/wp\/v2\/posts"}],"about":[{"href":"https:\/\/www.monblogdefille.com\/blog\/wp-json\/wp\/v2\/types\/post"}],"author":[{"embeddable":true,"href":"https:\/\/www.monblogdefille.com\/blog\/wp-json\/wp\/v2\/users\/3"}],"replies":[{"embeddable":true,"href":"https:\/\/www.monblogdefille.com\/blog\/wp-json\/wp\/v2\/comments?post=124778"}],"version-history":[{"count":0,"href":"https:\/\/www.monblogdefille.com\/blog\/wp-json\/wp\/v2\/posts\/124778\/revisions"}],"wp:attachment":[{"href":"https:\/\/www.monblogdefille.com\/blog\/wp-json\/wp\/v2\/media?parent=124778"}],"wp:term":[{"taxonomy":"category","embeddable":true,"href":"https:\/\/www.monblogdefille.com\/blog\/wp-json\/wp\/v2\/categories?post=124778"},{"taxonomy":"post_tag","embeddable":true,"href":"https:\/\/www.monblogdefille.com\/blog\/wp-json\/wp\/v2\/tags?post=124778"}],"curies":[{"name":"wp","href":"https:\/\/api.w.org\/{rel}","templated":true}]}}