{"id":124757,"date":"2008-09-15T19:20:23","date_gmt":"2008-09-15T17:20:23","guid":{"rendered":"http:\/\/www.monblogdefille.com\/blog\/20080915la-soiree-troc-de-samedi-demain-sur-france-inter"},"modified":"2008-09-17T09:26:31","modified_gmt":"2008-09-17T07:26:31","slug":"la-soiree-troc-de-samedi-demain-sur-france-inter","status":"publish","type":"post","link":"https:\/\/www.monblogdefille.com\/blog\/la-soiree-troc-de-samedi-demain-sur-france-inter\/","title":{"rendered":"La soir\u00e9e troc de samedi sur France Inter"},"content":{"rendered":"<p> <a href=\"http:\/\/www.hiboox.fr\/go\/images\/divers\/logo-franceinter,1e633cd0a43db78492774173363b944e.gif.html\" alt=\"H\u00e9berg\u00e9 par Hiboox.fr\" target=\"_blank\" rel=\"noopener\"><img decoding=\"async\" src=\"http:\/\/images4.hiboox.com\/images\/3808\/1e633cd0a43db78492774173363b944e.gif\" align=\"left\" border=\"0\" \/><\/a><\/p>\n<p class=\"MsoNormal\"><span style=\"font-size: 10pt; font-family: Arial\">Bon les girls, y\u2019a un truc que je vous ai pas dit, \u00e0 propos de la soir\u00e9e troc\u00a0: il y avait une journaliste de France Inter, avec sa machine \u00e0 enregistrer et son micro, qui \u00e9tait l\u00e0 pour faire un reportage (il y avait aussi une journaliste \u00ab\u00a0papier\u00a0\u00bb, \u00e0 vrai dire, c\u2019\u00e9tait la soir\u00e9e \u00ab\u00a0troc de journalistes\u00a0\u00bb\u00a0;-).<o><\/o><\/span><\/p>\n<p class=\"MsoNormal\"><span style=\"font-size: 10pt; font-family: Arial\">Elle \u00e9tait vachement sympa, on ne s\u2019est pas du tout senties embarrass\u00e9es par sa pr\u00e9sence (enfin je parle pour moi, les copines troqueuses, z\u2019en pensez quoi\u00a0?).<o><\/o><\/span><\/p>\n<p class=\"MsoNormal\"><span style=\"font-size: 10pt; font-family: Arial\"><o><\/o>Et le reportage (hyyyyper court, genre 1 minute 30) va passer demain \u00e0 la fin des infos de 7h00, 7h30, 8h00 ou 9h00.<o><\/o><\/span><\/p>\n<p class=\"MsoNormal\"><span style=\"font-size: 10pt; font-family: Arial\"><o><\/o>Ah ben non, on sait pas lesquelles, \u00e7a d\u00e9pend de l\u2019actu elle m\u2019a dit la journaliste, y vont d\u00e9cider \u00e7a dans la nuit.<o><\/o><\/span><\/p>\n<p class=\"MsoNormal\"><span style=\"font-size: 10pt; font-family: Arial\"><o><\/o>Moi je suis pas devant ma radio \u00e0 des heures pareilles (enfin 9h y\u2019aurait une chance\u00a0;-), mais si vous y \u00eates, \u00e9coutez, \u00e7a devrait vous donner une bonne id\u00e9e de l\u2019ambiance\u00a0;-)<o><\/o><\/span><\/p>\n<p class=\"MsoNormal\"><span style=\"font-size: 10pt; font-family: Arial\"><o><\/o>Et sinon de toute fa\u00e7on on pourra l\u2019\u00e9couter ensuite sur le site de la radio.<\/span><\/p>\n<p class=\"MsoNormal\"><strong>Edit du 16 septembre :<\/strong> voil\u00e0\u00e0\u00e0\u00e0\u00e0, <a href=\"http:\/\/www.radiofrance.fr\/franceinter\/info\/journaux\/ete.php\" target=\"_blank\" rel=\"noopener\">c&rsquo;est l\u00e0<\/a>. Il faut \u00e9couter le journal de 7h30, et \u00e7a commence \u00e0 la 12\u00e8me minute ;-)<\/p>\n","protected":false},"excerpt":{"rendered":"<p><a href=\"http:\/\/www.hiboox.fr\/go\/images\/divers\/logo-franceinter,1e633cd0a43db78492774173363b944e.gif.html\" alt=\"H\u00e9berg\u00e9 par Hiboox.fr\"><img decoding=\"async\" src=\"http:\/\/images4.hiboox.com\/images\/3808\/1e633cd0a43db78492774173363b944e.gif\" align=\"left\" border=\"0\" \/><\/a><\/p>\n<p class=\"MsoNormal\"><span style=\"font-size: 10pt; font-family: Arial\">Bon les girls, y\u2019a un truc que je vous ai pas dit, \u00e0 propos de la soir\u00e9e troc : il y avait une journaliste de France Inter, avec sa machine \u00e0 enregistrer et son micro, qui \u00e9tait l\u00e0 pour faire un reportage (il y avait aussi une journaliste \u00ab papier \u00bb, \u00e0 vrai dire, c\u2019\u00e9tait la soir\u00e9e \u00ab troc de journalistes \u00bb ;-).<o :p><\/o><\/span><\/p>\n<p class=\"MsoNormal\">&nbsp;<\/p>\n<p class=\"MsoNormal\"><span style=\"font-size: 10pt; font-family: Arial\">Elle \u00e9tait vachement sympa, on ne s\u2019est pas du tout senties embarrass\u00e9es par sa pr\u00e9sence (enfin je parle pour moi, les copines troqueuses, z\u2019en pensez quoi ?).<o :p><\/o><\/span><\/p>\n<p class=\"MsoNormal\">&nbsp;<\/p>\n<p class=\"MsoNormal\"><span style=\"font-size: 10pt; font-family: Arial\"><o :p><\/o>Et le reportage (hyyyyper court, genre 1 minute 30) va passer demain \u00e0 la fin des infos de 7h00, 7h30, 8h00 ou 9h00.<o :p><\/o><\/span><\/p>\n<p class=\"MsoNormal\"><span style=\"font-size: 10pt; font-family: Arial\"><o :p><\/o>Ah ben non, on sait pas lesquelles, \u00e7a d\u00e9pend de l\u2019actu elle m\u2019a dit la journaliste, y vont d\u00e9cider \u00e7a dans la nuit.<o :p><\/o><\/span><\/p>\n<p class=\"MsoNormal\">&nbsp;<\/p>\n<p class=\"MsoNormal\"><span style=\"font-size: 10pt; font-family: Arial\"><o :p><\/o>Moi je suis pas devant ma radio \u00e0 des heures pareilles (enfin 9h y\u2019aurait une chance ;-), mais si vous y \u00eates, \u00e9coutez, \u00e7a devrait vous donner une bonne id\u00e9e de l\u2019ambiance ;-)<o :p><\/o><\/span><\/p>\n<p class=\"MsoNormal\">&nbsp;<\/p>\n<p class=\"MsoNormal\"><span style=\"font-size: 10pt; font-family: Arial\"><o :p><\/o>Et sinon de toute fa\u00e7on on pourra l\u2019\u00e9couter ensuite sur le site de la radio.<o :p><\/o><\/span><\/p>\n<p class=\"MsoNormal\">&nbsp;<\/p>\n<p class=\"MsoNormal\"><strong>Edit du 16 septembre :<\/strong> voil\u00e0\u00e0\u00e0\u00e0\u00e0, <a href=\"http:\/\/www.radiofrance.fr\/franceinter\/info\/journaux\/ete.php\" target=\"_blank\">c&rsquo;est l\u00e0<\/a>. Il faut \u00e9couter le journal de 7h30, et \u00e7a commence \u00e0 la 12\u00e8me minute ;-)<\/p>\n<p class=\"MsoNormal\">&nbsp;<\/p>\n","protected":false},"author":3,"featured_media":139080,"comment_status":"open","ping_status":"open","sticky":false,"template":"","format":"standard","meta":{"footnotes":""},"categories":[1504],"tags":[19942],"class_list":["post-124757","post","type-post","status-publish","format-standard","has-post-thumbnail","hentry","category-revue-de-presse","tag-troc"],"_links":{"self":[{"href":"https:\/\/www.monblogdefille.com\/blog\/wp-json\/wp\/v2\/posts\/124757","targetHints":{"allow":["GET"]}}],"collection":[{"href":"https:\/\/www.monblogdefille.com\/blog\/wp-json\/wp\/v2\/posts"}],"about":[{"href":"https:\/\/www.monblogdefille.com\/blog\/wp-json\/wp\/v2\/types\/post"}],"author":[{"embeddable":true,"href":"https:\/\/www.monblogdefille.com\/blog\/wp-json\/wp\/v2\/users\/3"}],"replies":[{"embeddable":true,"href":"https:\/\/www.monblogdefille.com\/blog\/wp-json\/wp\/v2\/comments?post=124757"}],"version-history":[{"count":0,"href":"https:\/\/www.monblogdefille.com\/blog\/wp-json\/wp\/v2\/posts\/124757\/revisions"}],"wp:featuredmedia":[{"embeddable":true,"href":"https:\/\/www.monblogdefille.com\/blog\/wp-json\/wp\/v2\/media\/139080"}],"wp:attachment":[{"href":"https:\/\/www.monblogdefille.com\/blog\/wp-json\/wp\/v2\/media?parent=124757"}],"wp:term":[{"taxonomy":"category","embeddable":true,"href":"https:\/\/www.monblogdefille.com\/blog\/wp-json\/wp\/v2\/categories?post=124757"},{"taxonomy":"post_tag","embeddable":true,"href":"https:\/\/www.monblogdefille.com\/blog\/wp-json\/wp\/v2\/tags?post=124757"}],"curies":[{"name":"wp","href":"https:\/\/api.w.org\/{rel}","templated":true}]}}