{"id":124730,"date":"2008-09-01T13:50:43","date_gmt":"2008-09-01T12:50:43","guid":{"rendered":"http:\/\/www.monblogdefille.com\/blog\/20080901coiffeur-visagiste-a-paris-pour-pholeme"},"modified":"2011-01-04T18:12:17","modified_gmt":"2011-01-04T17:12:17","slug":"coiffeur-visagiste-a-paris-pour-pholeme","status":"publish","type":"post","link":"https:\/\/www.monblogdefille.com\/blog\/coiffeur-visagiste-a-paris-pour-pholeme\/","title":{"rendered":"Coiffeur visagiste \u00e0 Paris pour Pholeme"},"content":{"rendered":"<p class=\"MsoNormal\"><span style=\"font-size: 10pt; font-family: Arial\">\u00ab\u00a0Bonjour \u00e0 toutes,<o :p><\/o><\/span><\/p>\n<p class=\"MsoNormal\"><span style=\"font-size: 10pt; font-family: Arial\">Je suis \u00e0 la recherche d&rsquo;un bon coiffeur visagiste sur Paris ou l&rsquo;ouest de la r\u00e9gion parisienne.<\/span><\/p>\n<p class=\"MsoNormal\"><span style=\"font-size: 10pt; font-family: Arial\">Mon r\u00eave : je lui explique les imp\u00e9ratifs\u00a0(pas de changement de couleur et un truc simple \u00e0 refaire) et il me trouve ce qui m&rsquo;ira le mieux. L&rsquo;id\u00e9al serait de pouvoir voir \u00e0 l&rsquo;avance si \u00e7a\u00a0me plait vraiment\u00a0(je demande la lune l\u00e0 &#8230; non ?).<o :p><\/o><\/span><\/p>\n<p class=\"MsoNormal\"><span style=\"font-size: 10pt; font-family: Arial\"><o :p><\/o>Le tout pour une somme inf\u00e9rieure \u00e0 100 \u20ac si possible.<o :p><\/o><\/span><\/p>\n<p class=\"MsoNormal\"><span style=\"font-size: 10pt; font-family: Arial\">Merci de votre aide.<o :p><\/o><\/span><\/p>\n<p class=\"MsoNormal\"><span style=\"font-size: 10pt; font-family: Arial\">Sign\u00e9\u00a0: Phlo\u00e8me\u00a0\u00bb<o :p><\/o><\/span><\/p>\n","protected":false},"excerpt":{"rendered":"<p><img src='http:\/\/www.monblogdefille.com\/blog\/wp-content\/uploads\/2008\/03\/wanted3.jpg' alt='wanted3.jpg' \/><\/p>\n","protected":false},"author":3,"featured_media":0,"comment_status":"open","ping_status":"open","sticky":false,"template":"","format":"standard","meta":{"footnotes":""},"categories":[20009,20095,1502],"tags":[19946],"class_list":["post-124730","post","type-post","status-publish","format-standard","hentry","category-beaute","category-les-cheveux","category-wanted","tag-cheveux"],"_links":{"self":[{"href":"https:\/\/www.monblogdefille.com\/blog\/wp-json\/wp\/v2\/posts\/124730","targetHints":{"allow":["GET"]}}],"collection":[{"href":"https:\/\/www.monblogdefille.com\/blog\/wp-json\/wp\/v2\/posts"}],"about":[{"href":"https:\/\/www.monblogdefille.com\/blog\/wp-json\/wp\/v2\/types\/post"}],"author":[{"embeddable":true,"href":"https:\/\/www.monblogdefille.com\/blog\/wp-json\/wp\/v2\/users\/3"}],"replies":[{"embeddable":true,"href":"https:\/\/www.monblogdefille.com\/blog\/wp-json\/wp\/v2\/comments?post=124730"}],"version-history":[{"count":0,"href":"https:\/\/www.monblogdefille.com\/blog\/wp-json\/wp\/v2\/posts\/124730\/revisions"}],"wp:attachment":[{"href":"https:\/\/www.monblogdefille.com\/blog\/wp-json\/wp\/v2\/media?parent=124730"}],"wp:term":[{"taxonomy":"category","embeddable":true,"href":"https:\/\/www.monblogdefille.com\/blog\/wp-json\/wp\/v2\/categories?post=124730"},{"taxonomy":"post_tag","embeddable":true,"href":"https:\/\/www.monblogdefille.com\/blog\/wp-json\/wp\/v2\/tags?post=124730"}],"curies":[{"name":"wp","href":"https:\/\/api.w.org\/{rel}","templated":true}]}}