{"id":124643,"date":"2008-08-06T08:53:55","date_gmt":"2008-08-06T06:53:55","guid":{"rendered":"http:\/\/www.monblogdefille.com\/blog\/20080806redemption-par-cath"},"modified":"2011-12-31T18:38:18","modified_gmt":"2011-12-31T17:38:18","slug":"redemption-par-cath","status":"publish","type":"post","link":"https:\/\/www.monblogdefille.com\/blog\/redemption-par-cath\/","title":{"rendered":"R\u00e9demption, par Cath"},"content":{"rendered":"<p><img decoding=\"async\" src=\"http:\/\/www.monblogdefille.com\/blog\/wp-content\/uploads\/2008\/03\/tanjore_ecolieres.jpg\" alt=\"tanjore_ecolieres.jpg\" align=\"left\" \/><span style=\"font-size: 10pt; font-family: Arial\">\u00ab\u00a0J&rsquo;ai souvent l&rsquo;impression que pour la plupart des gens, l&rsquo;anorexie est bien plus grave que la boulimie&#8230; Lorsque l&rsquo;on parle de troubles alimentaires, l&rsquo;anorexie est \u00ab\u00a0la\u00a0\u00bb maladie, celle qui choque, celle qui fait peur&#8230;Apr\u00e8s quelques r\u00e9flexions, je me suis dit que si l&rsquo;anorexie \u00e9tait pr\u00e9sente dans les m\u00e9dia, contrairement \u00e0 la boulimie, c&rsquo;est parce que les cons\u00e9quences physiques de la maladie sont vraiment choquantes ; tandis qu&rsquo;une personne boulimique pourra sembler normale, manger, peut-\u00eatre plus que la moyenne.<br \/>\nQuand j&rsquo;\u00e9tais petite, il y avait \u00e9norm\u00e9ment de reportages sur l&rsquo;anorexie, mais pas tant que \u00e7a sur la boulimie. Et je dois avouer que je trouvais\u00e7a cool, d&rsquo;\u00eatre anorexique, je me disais que plus tard il faudrait que j&rsquo;essaie, parce que ces filles \u00e9taient quand m\u00eame hors du commun.<br \/>\nApr\u00e8s avoir pass\u00e9 quelques ann\u00e9es \u00e0 me laisser couler par des probl\u00e8mes alimentaires, je me rends compte que ma vision de petite fille \u00e9tait celle d&rsquo;une \u00e9cervel\u00e9e.<\/span><\/p>\n<p>Une&#8230; Deux&#8230; Trois&#8230; Quatre. Quatre ann\u00e9es pass\u00e9e \u00e0 me d\u00e9truire via ces troubles qui ne se voient pas. A 18 ans, je viens de passer quatre ans de ma vie \u00e0 la g\u00e2cher. Soudain la pudeur m&rsquo;assaille, la honte aussi peut-\u00eatre, vais-je oser \u00e9crire ce texte, cette confession ?<\/p>\n<p>Quand j&rsquo;\u00e9tais au coll\u00e8ge, j&rsquo;\u00e9tais la plus mince,\u00a0 et cela me permettait de me d\u00e9finir en tant que personne. Tout le monde cherche \u00e0 \u00eatre unique, et bien moi, cette caract\u00e9ristique \u00e9tait ma marque de fabrique, ma grande fiert\u00e9.<br \/>\nLorsque je suis entr\u00e9e au lyc\u00e9e, mon corps a commenc\u00e9 \u00e0 changer&#8230; Trois kilos de plus, des seins, un peu plus de fesses&#8230; Il me fut tr\u00e8s dur d&rsquo;avoir \u00e0 admettre que je devenais un personne lambda, que je n&rsquo;\u00e9tais plus \u00ab\u00a0la plus mince\u00a0\u00bb&#8230; Ces trois kilos pris en l&rsquo;espace de quelques mois furent d\u00e9clencheurs de ce mal qui me rongea jusqu&rsquo;\u00e0 pr\u00e9sent : la boulimie.<\/p>\n<p>Manger, manger, manger ; je me rappelle de ce jour d&rsquo;avril, peut-\u00eatre le 27 ou le 28. Je rentrais d&rsquo;un ap\u00e9ritif, j&rsquo;avais l&rsquo;estomac lourd et une terrible honte d&rsquo;avoir autant mang\u00e9 ; j&rsquo;\u00e9coutais Lucy in the sky with diamonds et me sentais pr\u00eate. L&rsquo;esprit froid, j&rsquo;ai attendu la fin de la chanson, puis je l&rsquo;ai remise, tournant le volume au maximum, et me suis dirig\u00e9e vers la salle de bain ; me suis agenouill\u00e9e devant la cuvette des WC et ai &#8211; enfin &#8211; vomi. Lorsque je me suis relev\u00e9e, une \u00e9trange euphorie s&rsquo;\u00e9tait empar\u00e9e de moi : j&rsquo;avais r\u00e9ussi ! Puis quelques minutse apr\u00e8s, je me suis mise \u00e0 pleurer et me suis couch\u00e9e, vid\u00e9e, des larmes plein les yeux.<br \/>\nJe me suis vite rendu compte que le fait de vomir me permettait de contr\u00f4ler mes \u00e9motions ; et qu&rsquo;apr\u00e8s l&rsquo;avoir fait, j&rsquo;\u00e9tais certes tr\u00e8s fatigu\u00e9e et triste, mais aussi apais\u00e9e, vid\u00e9e de toutes ces pens\u00e9es pesantes qui m&rsquo;assaillaient en temps normal.<\/p>\n<p>Au d\u00e9but, je m&rsquo;accordais le droit de vomir une fois par semaine ; mais au bout de quelques mois, les pulsions s&rsquo;intensifi\u00e8rent et je ne pus plus les contr\u00f4ler. J&rsquo;\u00e9tais vraimetn stress\u00e9e, et je commencais \u00e0 me sentir immonde, vraiment tr\u00e8s mal dans mon corps. Je ne peux pas dire \u00ab\u00a0dans ma peau\u00a0\u00bb, parce que c&rsquo;\u00e9tait r\u00e9ellement physique : je ne dormais plus, ne pensais qu&rsquo;au fait que j&rsquo;\u00e9tais vraiment grosse et que la graisse \u00e9tait partout sur mon ventre, mes cuisses, mon dos, je la sentais circulerautour de moi, me narguer toutes les nuits.<\/p>\n<p>C&rsquo;est \u00e0 ce moment-la que j&rsquo;ai commenc\u00e9 \u00e0 ne plus manger. Apr\u00e8s calcul, j&rsquo;ai ing\u00e9r\u00e9 entre 700 et 900 calories par jour pendant un peu plus de trois mois. Avoir faim, c&rsquo;est une souffrance tellement moindre que celle engendr\u00e9e par le fait de sentir la graisse et d&rsquo;essayer de se l&rsquo;arracher&#8230; Mes ongles sont devenus bleus par manque de nourriture, je tremblais de froid sans arr\u00eat, j&rsquo;\u00e9tais \u00e9puis\u00e9e au moindre effort. Paradoxalement, cette courte p\u00e9riode de ma vie a \u00e9t\u00e9 celle o\u00f9 j&rsquo;ai le mieux r\u00e9ussi scolairement. J&rsquo;avais dans les 116 de moyenne, faisais 5 \u00e0 6 heures de sport par semaine, avais pas mal d&rsquo;amis&#8230; Tous mes efforts pour petre parfaite furent d&rsquo;ailleurs r\u00e9compens\u00e9s le jour o\u00f9 une camarade de classe me dit que j&rsquo;\u00e9tais \u00ab\u00a0un peu la fille que tout le monde aimerait \u00eatre, qui r\u00e9ussit partout, est sportive, fait de la musique et est cultiv\u00e9e\u00a0\u00bb.<br \/>\nOui, seulement, m\u00eame si je ne m&rsquo;en rendais pas compte \u00e0 l&rsquo;\u00e9poque, je devais vraiment \u00eatre tr\u00e8s malheureuse&#8230;<\/p>\n<p>En fin de premi\u00e8re j&rsquo;ai r\u00e9ussi \u00e0 me stabiliser pendant un ou deux mois, puis ai ensuite repris mon droit \u00e0 vomir une fois par semaine. Mais apr\u00e8s quelques ennuis sentimentaux qui me laiss\u00e8rent pantelante et amaigrie, je repris le\u00a0 chemin des toilettes.<\/p>\n<p>En milieu et fin de terminale, il m&rsquo;arrivait de vomir quate \u00e0 cinq fois par jour pour combler un vide que je n&rsquo;arrivais bien s\u00fbr pas \u00e0 remplir&#8230; La maladie s&rsquo;\u00e9tait r\u00e9ellement empar\u00e9e de moi. Je me voyais arr\u00eater de vomir lorsque je j&rsquo;aurais des enfants, et c&rsquo;\u00e9tait devenu un \u00ab\u00a0mode de vie\u00a0\u00bb, partie int\u00e9grante de mon quotidien. L&rsquo;esprit a la facult\u00e9 \u00e9tonannte d&rsquo;\u00e9clipser ce qui fait trop mal, trop souvent. J&rsquo;ai arr\u00eat\u00e9 de compter les jours, les nombres de fois o\u00f9 je me mettais deux doigts dans la gorge et un poing dans l&rsquo;estoma. Avec le temps, mes techniques se sont affin\u00e9es, mes gestes sont devenus plus pr\u00e9cis. Vomir, vomir, vomir, vomir au restau, vomir dans les f\u00eates, vomir partout, vomir. Je faisais tout pour cacher mon mal, jusqu&rsquo;\u00e0 le faire dans un sac poubelle dans ma chambre, pour que mes parents ne se doutent de rien.<br \/>\nA qui la faute ? Certainement pas la leur, la mienne s\u00fbrement, mais je sais \u00e0 pr\u00e9sent que je ne dois pas me sentir coupable.<\/p>\n<p>Ce n&rsquo;est que lorsque que j&rsquo;ai d\u00e9cid\u00e9 de faire le m\u00e9nage dans ma vie que j&rsquo;ai r\u00e9ussi \u00e0 reprendre peu \u00e0 peu le dessus sur moi-m\u00eame. Je me suis alors rendu compte que la boulimie est un cercle vicieux : vomir nous r\u00e9conforte mais nous plonge aussi dans un endroit tr\u00e8s triste et malsain ; mais plus on tente de quitter cet endroit, plus on vomit&#8230; Il aura fallu plus de trois ann\u00e9es pour que je me rende compte que j&rsquo;\u00e9tais malade, et une de plus pour arriver \u00e0 reprendre le contr\u00f4le. Le cheminement n&rsquo;a bien s\u00fbr pas \u00e9t\u00e9 facile&#8230; Je n&rsquo;ai pas d\u00e9cid\u00e9 que j&rsquo;allais soigner mon trouble alimentaire, plut\u00f4t que j&rsquo;allais me soigner, moi. Il m&rsquo;a fallu apprendre \u00e0 accepter que l&rsquo;on ne peut pas \u00eatre parfait, et surtout que ce n&rsquo;est pas grave de ne pas l&rsquo;\u00eatre, pour enfin me refaire un peu confiance et arriver \u00e0 r\u00e9gler mes probl\u00e8mes, gr\u00e2ce \u00e0 l&rsquo;\u00e9criture&#8230; Je ne suis pas all\u00e9e voir de psychologue, j&rsquo;ai juste \u00e9crit, r\u00e9fl\u00e9chi \u00e0 mon comportement et \u00e0 ce qu&rsquo;il laissait transpara\u00eetre de moi.<\/p>\n<p>Je n&rsquo;aurais de toute fa\u00e7on jamais accept\u00e9 que quelqu&rsquo;un qui n&rsquo;a jamais v\u00e9cu une exp\u00e9rience de ce genre me donne des le\u00e7ons inutiles. Il m&rsquo;\u00e9tait insupportable de me faire dicter ma conduite par des gens (bien intentionn\u00e9s) qui tentaient de me faire prendre conscience de ma maladie ; je pense que la personne malade doit accepter d&rsquo;elle-m\u00eame sa maladie et le fait qu&rsquo;elle doit se faire soigner ; le fait de dire \u00e0 une telle personne qu&rsquo;elle doit se faire soigner la renvoie \u00e0 son imperfection et la fait se repleir sur elle-m\u00eame&#8230;<\/p>\n<p>Quatre ans et une confession, que j&rsquo;\u00e9cris pour accepter une fois de plus ma maladie,\u00a0 et peut-\u00eatre aider les personnes qui souffrent comem j&rsquo;ai pu souffrir et qui la liront. Cela fait maintenant six mois que je n&rsquo;ai pas vomi &#8211; un exploit pour moi. Un environnement sain, un petit ami formidable qui me laisse me sentir \u00e0 ma place, et surtout une envie folle de dire adieu une derni\u00e8re fois \u00e0 ma compagne ignoble, la boulimie.<\/p>\n<p>Sign\u00e9 : Cath\u00a0\u00bb<\/p>\n","protected":false},"excerpt":{"rendered":"<p>\u00ab\u00a0J&rsquo;ai souvent l&rsquo;impression que pour la plupart des gens, l&rsquo;anorexie est bien plus grave que la boulimie&#8230; Lorsque l&rsquo;on parle de troubles alimentaires, l&rsquo;anorexie est \u00ab\u00a0la\u00a0\u00bb maladie, celle qui choque, celle qui fait peur&#8230;Apr\u00e8s quelques&#8230;<br \/> <a class=\"read-more\" href=\"https:\/\/www.monblogdefille.com\/blog\/redemption-par-cath\/\">Lire la suite \u00bb<\/a><\/p>\n","protected":false},"author":3,"featured_media":123973,"comment_status":"open","ping_status":"open","sticky":false,"template":"","format":"standard","meta":{"footnotes":""},"categories":[5377],"tags":[],"class_list":["post-124643","post","type-post","status-publish","format-standard","has-post-thumbnail","hentry","category-o-toi-lectrice"],"_links":{"self":[{"href":"https:\/\/www.monblogdefille.com\/blog\/wp-json\/wp\/v2\/posts\/124643","targetHints":{"allow":["GET"]}}],"collection":[{"href":"https:\/\/www.monblogdefille.com\/blog\/wp-json\/wp\/v2\/posts"}],"about":[{"href":"https:\/\/www.monblogdefille.com\/blog\/wp-json\/wp\/v2\/types\/post"}],"author":[{"embeddable":true,"href":"https:\/\/www.monblogdefille.com\/blog\/wp-json\/wp\/v2\/users\/3"}],"replies":[{"embeddable":true,"href":"https:\/\/www.monblogdefille.com\/blog\/wp-json\/wp\/v2\/comments?post=124643"}],"version-history":[{"count":0,"href":"https:\/\/www.monblogdefille.com\/blog\/wp-json\/wp\/v2\/posts\/124643\/revisions"}],"wp:featuredmedia":[{"embeddable":true,"href":"https:\/\/www.monblogdefille.com\/blog\/wp-json\/wp\/v2\/media\/123973"}],"wp:attachment":[{"href":"https:\/\/www.monblogdefille.com\/blog\/wp-json\/wp\/v2\/media?parent=124643"}],"wp:term":[{"taxonomy":"category","embeddable":true,"href":"https:\/\/www.monblogdefille.com\/blog\/wp-json\/wp\/v2\/categories?post=124643"},{"taxonomy":"post_tag","embeddable":true,"href":"https:\/\/www.monblogdefille.com\/blog\/wp-json\/wp\/v2\/tags?post=124643"}],"curies":[{"name":"wp","href":"https:\/\/api.w.org\/{rel}","templated":true}]}}