{"id":124640,"date":"2008-08-05T08:58:12","date_gmt":"2008-08-05T07:58:12","guid":{"rendered":"http:\/\/www.monblogdefille.com\/blog\/20080805bonnes-adresses-metisses-a-paris-pour-poppy"},"modified":"2011-01-04T18:13:46","modified_gmt":"2011-01-04T17:13:46","slug":"bonnes-adresses-metisses-a-paris-pour-poppy","status":"publish","type":"post","link":"https:\/\/www.monblogdefille.com\/blog\/bonnes-adresses-metisses-a-paris-pour-poppy\/","title":{"rendered":"Bonnes adresses m\u00e9tisses \u00e0 Paris pour Poppy"},"content":{"rendered":"<p class=\"MsoNormal\"><span style=\"font-size: 10pt; font-family: Arial\">\u00ab\u00a0Bonjour\u00a0!<o :p><\/o><\/span><\/p>\n<p class=\"MsoNormal\"><span style=\"font-size: 10pt; font-family: Arial\"><o :p><\/o>Mon probl\u00e8me est (presque) simple : m\u00e9tisse, j&rsquo;ai du mal \u00e0 trouver des produits adapt\u00e9s \u00e0 ma peau et \u00e0 mes cheveux. <o :p><\/o><\/span><\/p>\n<p class=\"MsoNormal\"><span style=\"font-size: 10pt; font-family: Arial\"><o :p><\/o>Malgr\u00e9 des recherches plus que fr\u00e9quentes sur internet, je n&rsquo;arrive pas \u00e0 trouver un dermatologue \u00e0 la hauteur de mes pr\u00e9occupations pigmentaires, un coiffeur qui me propose autre chose que la coupe (inadapt\u00e9e) de victoria Beckam ou un d\u00e9frisage, quand mes cheveux fris\u00e9s me conviennent et que je voudrais juste qu&rsquo;on les coupe en tenant compte de leur nature. <o :p><\/o><\/span><\/p>\n<p class=\"MsoNormal\"><span style=\"font-size: 10pt; font-family: Arial\"><o :p><\/o>Mon wanted perso et permanent porte donc sur les bonnes adresses, les produits, les astuces pour les \u00ab\u00a0moiti\u00e9-moiti\u00e9\u00a0\u00bb.<o :p><\/o><\/span><\/p>\n<p class=\"MsoNormal\"><span style=\"font-size: 10pt; font-family: Arial\"><o :p><\/o>Merci d\u2019avance pour votre aide\u00a0;-)<o :p><\/o><\/span><\/p>\n<p class=\"MsoNormal\"><span style=\"font-size: 10pt; font-family: Arial\"><o :p><\/o>Sign\u00e9\u00a0: Poppy<o :p><\/o><\/span><\/p>\n","protected":false},"excerpt":{"rendered":"<p><img decoding=\"async\" src=\"http:\/\/www.monblogdefille.com\/blog\/wp-content\/uploads\/2008\/03\/wanted3.jpg\" alt=\"wanted3.jpg\" \/><\/p>\n","protected":false},"author":3,"featured_media":0,"comment_status":"open","ping_status":"open","sticky":false,"template":"","format":"standard","meta":{"footnotes":""},"categories":[20009,20095,1502],"tags":[19946],"class_list":["post-124640","post","type-post","status-publish","format-standard","hentry","category-beaute","category-les-cheveux","category-wanted","tag-cheveux"],"_links":{"self":[{"href":"https:\/\/www.monblogdefille.com\/blog\/wp-json\/wp\/v2\/posts\/124640","targetHints":{"allow":["GET"]}}],"collection":[{"href":"https:\/\/www.monblogdefille.com\/blog\/wp-json\/wp\/v2\/posts"}],"about":[{"href":"https:\/\/www.monblogdefille.com\/blog\/wp-json\/wp\/v2\/types\/post"}],"author":[{"embeddable":true,"href":"https:\/\/www.monblogdefille.com\/blog\/wp-json\/wp\/v2\/users\/3"}],"replies":[{"embeddable":true,"href":"https:\/\/www.monblogdefille.com\/blog\/wp-json\/wp\/v2\/comments?post=124640"}],"version-history":[{"count":0,"href":"https:\/\/www.monblogdefille.com\/blog\/wp-json\/wp\/v2\/posts\/124640\/revisions"}],"wp:attachment":[{"href":"https:\/\/www.monblogdefille.com\/blog\/wp-json\/wp\/v2\/media?parent=124640"}],"wp:term":[{"taxonomy":"category","embeddable":true,"href":"https:\/\/www.monblogdefille.com\/blog\/wp-json\/wp\/v2\/categories?post=124640"},{"taxonomy":"post_tag","embeddable":true,"href":"https:\/\/www.monblogdefille.com\/blog\/wp-json\/wp\/v2\/tags?post=124640"}],"curies":[{"name":"wp","href":"https:\/\/api.w.org\/{rel}","templated":true}]}}