{"id":124488,"date":"2008-07-04T08:12:56","date_gmt":"2008-07-04T06:12:56","guid":{"rendered":"http:\/\/www.monblogdefille.com\/blog\/20080704christian-tu-peux-remballer-ton-diorshow%e2%80%a6"},"modified":"2008-07-05T21:48:31","modified_gmt":"2008-07-05T19:48:31","slug":"christian-tu-peux-remballer-ton-diorshow%e2%80%a6","status":"publish","type":"post","link":"https:\/\/www.monblogdefille.com\/blog\/christian-tu-peux-remballer-ton-diorshow%e2%80%a6\/","title":{"rendered":"Christian*, tu peux remballer ton Diorshow\u2026"},"content":{"rendered":"<p class=\"MsoNormal\"><img decoding=\"async\" src=\"http:\/\/www.monblogdefille.com\/blog\/wp-content\/uploads\/2008\/07\/smoky-lash.jpg\" alt=\"smoky-lash.jpg\" align=\"left\" \/><span style=\"font-size: 10pt; font-family: Arial\">\u2026 la concurrence est arriv\u00e9e.<o><\/o><br \/>\nJe pensais pas dire \u00e7a un jour vu comme je suis fan des mascaras Dior, mais l\u00e0 je m\u2019incline, il y a mieux.<o><\/o><\/span><\/p>\n<p class=\"MsoNormal\"><span style=\"font-size: 10pt; font-family: Arial\"><o><\/o>Ce mieux \u00e9tant le Smoky Lash de MUFE, une vraie tuerie.<o><\/o><br \/>\nJe vous raconte \u00e7a en d\u00e9tails, j\u2019ai pass\u00e9 un tellement bon moment gr\u00e2ce \u00e0 ce mascara, il faut que je partage \u00e7a avec vous\u00a0:<o><\/o><\/span><\/p>\n<p class=\"MsoNormal\"><span style=\"font-size: 10pt; font-family: Arial\"><o><\/o>Or donc la semaine derni\u00e8re, j\u2019\u00e9tais invit\u00e9e par Make Up For Ever \u00e0 la pr\u00e9sentation presse de ce fameux mascara.<o><\/o><br \/>\nLaquelle avait lieu \u00e0 la Make Up Academy, l\u2019\u00e9cole de maquillage de la marque, qui m\u2019int\u00e9resse beaucoup pour des raisons persos (je veuuuux faire une formation chez eux\u00a0!!!).<o><\/o><br \/>\nC\u2019est la fondatrice de MUFE herself, Dany Sanz, qui nous a fait la pr\u00e9sentation\u00a0; je l\u00e9vitais litt\u00e9ralement de joie sur mon si\u00e8ge en la regardant maquiller le mannequin \u00a0et en l&rsquo;\u00e9coutant parler !<o><\/o><br \/>\nSans d\u00e9c\u2019, je crois que je suis grave barr\u00e9e, on me montre un nouveau fard \u00e0 paupi\u00e8res, limite j\u2019ai un orgasme (enfin \u00e7a vaut toujours mieux que de vendre de la drogue \u00e0 des enfants, si on va par l\u00e0).<o><\/o><\/span><\/p>\n<p class=\"MsoNormal\"><span style=\"font-size: 10pt; font-family: Arial\"><o><\/o>Br\u00e8fle, revenons \u00e0 nos mascaras. Dany Sanz nous a racont\u00e9 qu\u2019il faut 2 ans en moyenne pour en fabriquer un nouveau, il y a toujours un truc qui d\u00e9conne avec la p\u00e2te ou la brosse, il faut recommencer les tests, c\u2019est compliqu\u00e9 le mascara. <o><\/o><br \/>\nTant qu\u2019on n\u2019obtient pas un \u00ab\u00a0waou\u00a0!!\u00a0\u00bb (je cite) des testeuses des pays arabes (les plus exigeantes pour le mascara), on recommence. <o><\/o><br \/>\nLe waou est arriv\u00e9 pour ce mod\u00e8le, et c\u2019est aussi ce que j\u2019ai dit quand je l\u2019ai vue en mettre au mannequin, puis quand j\u2019en ai mis sur mes cils\u00a0\u00e0 moi (hin hin, j\u2019\u00e9tais venue sans maquillage, je me doutais bien qu\u2019on ferait atelier apr\u00e8s la pr\u00e9sentation) : en une couche \u00e7a allonge, recourbe, \u00e9paissit, et il est super noir (d\u2019o\u00f9 son nom).<o><\/o><br \/>\nEn plus il ne fait pas de miettes dans les yeux comme d\u2019autres, moi qui ai en permanence les yeux qui grattent je trouve \u00e7a dr\u00f4lement cool.<o><\/o><br \/>\nEt pour celles qui n\u2019aimaient pas la tr\u00e8s grosse brosse du Diorshow, celle-ci est de taille normale (avec des poils un peu strange, mais de taille normale).<o><\/o><\/span>\n<\/p>\n<p class=\"MsoNormal\"><span style=\"font-size: 10pt; font-family: Arial\"><o><\/o>NEANMOINS (et c\u2019est l\u00e0 que tout le monde part en pleurant) il ne sortira que mi-ao\u00fbt au Sepho des Champs (pouark), et d\u00e9but septembre dans tous les autres. Patience petits scarab\u00e9es, le cil qui d\u00e9chire sa m\u00e8re est au bout de l\u2019\u00e9t\u00e9.<o><\/o><\/span><\/p>\n<p class=\"MsoNormal\"><span style=\"font-size: 10pt; font-family: Arial\"><o><\/o>* Oui je sais, m\u00eame de son vivant Christian Dior ne fabriquait pas du mascara de ses propres mains, collant patiemment des petites \u00e9tiquettes \u00ab\u00a0Diorshow\u00a0\u00bb sur les tubes. Sans blagues.<o><\/o><\/span><\/p>\n","protected":false},"excerpt":{"rendered":"<p class=\"MsoNormal\"><img decoding=\"async\" src=\"http:\/\/www.monblogdefille.com\/blog\/wp-content\/uploads\/2008\/07\/smoky-lash.jpg\" alt=\"smoky-lash.jpg\" align=\"left\" \/><span style=\"font-size: 10pt; font-family: Arial\">\u2026 la concurrence est arriv\u00e9e.<o :p><\/o><br \/>\nJe pensais pas dire \u00e7a un jour vu comme je suis fan des mascaras Dior, mais l\u00e0 je m\u2019incline, il y a mieux.<o :p><\/o><\/span>\n<\/p>\n<p class=\"MsoNormal\">&nbsp;<\/p>\n<p class=\"MsoNormal\"><span style=\"font-size: 10pt; font-family: Arial\"><o :p><\/o>Ce mieux \u00e9tant le Smoky Lash de MUFE, une vraie tuerie.<o :p><\/o><br \/>\nJe vous raconte \u00e7a en d\u00e9tails, j\u2019ai pass\u00e9 un tellement bon moment gr\u00e2ce \u00e0 ce mascara, il faut que je partage \u00e7a avec vous :<o :p><\/o><\/span>\n<\/p>\n<p class=\"MsoNormal\">&nbsp;<\/p>\n<p class=\"MsoNormal\"><span style=\"font-size: 10pt; font-family: Arial\"><o :p><\/o>Or donc la semaine derni\u00e8re, j\u2019\u00e9tais invit\u00e9e par Make Up For Ever \u00e0 la pr\u00e9sentation presse de ce fameux mascara.<o :p><\/o><br \/>\nLaquelle avait lieu \u00e0 la Make Up Academy, l\u2019\u00e9cole de maquillage de la marque, qui m\u2019int\u00e9resse beaucoup pour des raisons persos (je veuuuux faire une formation chez eux !!!).<o :p><\/o><br \/>\nC\u2019est la fondatrice de MUFE herself, Dany Sanz, qui nous a fait la pr\u00e9sentation ; je l\u00e9vitais litt\u00e9ralement de joie sur mon si\u00e8ge en la regardant maquiller le mannequin  et en l&rsquo;\u00e9coutant parler !<o :p><\/o><br \/>\nSans d\u00e9c\u2019, je crois que je suis grave barr\u00e9e, on me montre un nouveau fard \u00e0 paupi\u00e8res, limite j\u2019ai un orgasme (enfin \u00e7a vaut toujours mieux que de vendre de la drogue \u00e0 des enfants, si on va par l\u00e0).<o :p><\/o><\/span>\n<\/p>\n<p class=\"MsoNormal\">&nbsp;<\/p>\n<p class=\"MsoNormal\"><span style=\"font-size: 10pt; font-family: Arial\"><o :p><\/o>Br\u00e8fle, revenons \u00e0 nos mascaras. Dany Sanz nous a racont\u00e9 qu\u2019il faut 2 ans en moyenne pour en fabriquer un nouveau, il y a toujours un truc qui d\u00e9conne avec la p\u00e2te ou la brosse, il faut recommencer les tests, c\u2019est compliqu\u00e9 le mascara. <o :p><\/o><br \/>\nTant qu\u2019on n\u2019obtient pas un \u00ab waou !! \u00bb (je cite) des testeuses des pays arabes (les plus exigeantes pour le mascara), on recommence. <o :p><\/o><br \/>\nLe waou est arriv\u00e9 pour ce mod\u00e8le, et c\u2019est aussi ce que j\u2019ai dit quand je l\u2019ai vue en mettre au mannequin, puis quand j\u2019en ai mis sur mes cils \u00e0 moi (hin hin, j\u2019\u00e9tais venue sans maquillage, je me doutais bien qu\u2019on ferait atelier apr\u00e8s la pr\u00e9sentation) : en une couche \u00e7a allonge, recourbe, \u00e9paissit, et il est super noir (d\u2019o\u00f9 son nom).<o :p><\/o><br \/>\nEn plus il ne fait pas de miettes dans les yeux comme d\u2019autres, moi qui ai en permanence les yeux qui grattent je trouve \u00e7a dr\u00f4lement cool.<o :p><\/o><br \/>\nEt pour celles qui n\u2019aimaient pas la tr\u00e8s grosse brosse du Diorshow, celle-ci est de taille normale (avec des poils un peu strange, mais de taille normale).<o :p><\/o><\/span>\n<\/p>\n<p class=\"MsoNormal\">&nbsp;<\/p>\n<p class=\"MsoNormal\"><span style=\"font-size: 10pt; font-family: Arial\"><o :p><\/o>NEANMOINS (et c\u2019est l\u00e0 que tout le monde part en pleurant) il ne sortira que mi-ao\u00fbt au Sepho des Champs (pouark), et d\u00e9but septembre dans tous les autres. Patience petits scarab\u00e9es, le cil qui d\u00e9chire sa m\u00e8re est au bout de l\u2019\u00e9t\u00e9.<o :p><\/o><\/span><\/p>\n<p class=\"MsoNormal\">&nbsp;<\/p>\n<p class=\"MsoNormal\"><span style=\"font-size: 10pt; font-family: Arial\"><o :p><\/o>* Oui je sais, m\u00eame de son vivant Christian Dior ne fabriquait pas du mascara de ses propres mains, collant patiemment des petites \u00e9tiquettes \u00ab Diorshow \u00bb sur les tubes. Sans blagues.<o :p><\/o><\/span><\/p>\n<p class=\"MsoNormal\">&nbsp;<\/p>\n","protected":false},"author":3,"featured_media":124489,"comment_status":"open","ping_status":"open","sticky":false,"template":"","format":"standard","meta":{"footnotes":""},"categories":[1485],"tags":[19952],"class_list":["post-124488","post","type-post","status-publish","format-standard","has-post-thumbnail","hentry","category-le-maquillage","tag-mascara"],"_links":{"self":[{"href":"https:\/\/www.monblogdefille.com\/blog\/wp-json\/wp\/v2\/posts\/124488","targetHints":{"allow":["GET"]}}],"collection":[{"href":"https:\/\/www.monblogdefille.com\/blog\/wp-json\/wp\/v2\/posts"}],"about":[{"href":"https:\/\/www.monblogdefille.com\/blog\/wp-json\/wp\/v2\/types\/post"}],"author":[{"embeddable":true,"href":"https:\/\/www.monblogdefille.com\/blog\/wp-json\/wp\/v2\/users\/3"}],"replies":[{"embeddable":true,"href":"https:\/\/www.monblogdefille.com\/blog\/wp-json\/wp\/v2\/comments?post=124488"}],"version-history":[{"count":0,"href":"https:\/\/www.monblogdefille.com\/blog\/wp-json\/wp\/v2\/posts\/124488\/revisions"}],"wp:featuredmedia":[{"embeddable":true,"href":"https:\/\/www.monblogdefille.com\/blog\/wp-json\/wp\/v2\/media\/124489"}],"wp:attachment":[{"href":"https:\/\/www.monblogdefille.com\/blog\/wp-json\/wp\/v2\/media?parent=124488"}],"wp:term":[{"taxonomy":"category","embeddable":true,"href":"https:\/\/www.monblogdefille.com\/blog\/wp-json\/wp\/v2\/categories?post=124488"},{"taxonomy":"post_tag","embeddable":true,"href":"https:\/\/www.monblogdefille.com\/blog\/wp-json\/wp\/v2\/tags?post=124488"}],"curies":[{"name":"wp","href":"https:\/\/api.w.org\/{rel}","templated":true}]}}