{"id":124446,"date":"2008-06-27T07:40:41","date_gmt":"2008-06-27T05:40:41","guid":{"rendered":"http:\/\/www.monblogdefille.com\/blog\/20080627stich-et-les-hortensias"},"modified":"2011-12-31T21:14:01","modified_gmt":"2011-12-31T20:14:01","slug":"stich-et-les-hortensias","status":"publish","type":"post","link":"https:\/\/www.monblogdefille.com\/blog\/stich-et-les-hortensias\/","title":{"rendered":"Stich et les hortensias"},"content":{"rendered":"<p class=\"MsoNormal\"><img decoding=\"async\" src=\"http:\/\/www.monblogdefille.com\/blog\/wp-content\/uploads\/2008\/06\/stitch-hortensias.jpg\" alt=\"stitch-hortensias.jpg\" \/><\/p>\n<p class=\"MsoNormal\"><span style=\"font-size: 10pt; font-family: Arial\">Ce week-end, Stitch a d\u00e9couvert les hortensias en vrai. Parce qu\u2019il connaissait d\u00e9j\u00e0 ceux de mon balcon, mais c\u2019est pas du tout pareil sur site quand ils font douze m\u00e8tres de haut.<o><\/o><\/span><\/p>\n<p class=\"MsoNormal\"><span style=\"font-size: 10pt; font-family: Arial\"><o><\/o>Et surtout, ceux de mon balcon ils ont pas de fleurs cette ann\u00e9e, les petits cons. Courrouc\u00e9e de cette injustice, j\u2019ai questionn\u00e9 la population locale, laquelle m\u2019a r\u00e9pondu que si on coupe les tiges pendant l\u2019hiver il ne repousse que des feuilles. <o><\/o><\/span><\/p>\n<p class=\"MsoNormal\"><span style=\"font-size: 10pt; font-family: Arial\">Evidemment j\u2019avais tout coup\u00e9 \u00e0 ras l\u2019hiver dernier vu que c\u2019\u00e9tait tout mort et sec. Or si on veut que \u00e7a refleurisse il ne faut rien couper du tout (m\u00eame si c\u2019est moche et que \u00e7a ressemble \u00e0 un vieux fagot), ou au maximum une tige sur deux.<o><\/o><\/span><\/p>\n<p class=\"MsoNormal\"><span style=\"font-size: 10pt; font-family: Arial\"><o><\/o>Ah ah, vous ne pensiez pas prendre une le\u00e7on d\u2019horticulture ici hein\u00a0? Remerciez Stitch, c\u2019est gr\u00e2ce \u00e0 lui\u00a0;-)<o><\/o><\/span><\/p>\n","protected":false},"excerpt":{"rendered":"<p class=\"MsoNormal\"><img decoding=\"async\" src=\"http:\/\/www.monblogdefille.com\/blog\/wp-content\/uploads\/2008\/06\/stitch-hortensias.jpg\" alt=\"stitch-hortensias.jpg\" \/><\/p>\n<p class=\"MsoNormal\">&nbsp;<\/p>\n<p class=\"MsoNormal\"><span style=\"font-size: 10pt; font-family: Arial\">Ce week-end, Stitch a d\u00e9couvert les hortensias en vrai. Parce qu\u2019il connaissait d\u00e9j\u00e0 ceux de mon balcon, mais c\u2019est pas du tout pareil sur site quand ils font douze m\u00e8tres de haut.<o :p><\/o><\/span><\/p>\n<p class=\"MsoNormal\">&nbsp;<\/p>\n<p class=\"MsoNormal\"><span style=\"font-size: 10pt; font-family: Arial\"><o :p><\/o>Et surtout, ceux de mon balcon ils ont pas de fleurs cette ann\u00e9e, les petits cons. Courrouc\u00e9e de cette injustice, j\u2019ai questionn\u00e9 la population locale, laquelle m\u2019a r\u00e9pondu que si on coupe les tiges pendant l\u2019hiver il ne repousse que des feuilles. <o :p><\/o><\/span><\/p>\n<p class=\"MsoNormal\">&nbsp;<\/p>\n<p class=\"MsoNormal\"><span style=\"font-size: 10pt; font-family: Arial\">Evidemment j\u2019avais tout coup\u00e9 \u00e0 ras l\u2019hiver dernier vu que c\u2019\u00e9tait tout mort et sec. Or si on veut que \u00e7a refleurisse il ne faut rien couper du tout (m\u00eame si c\u2019est moche et que \u00e7a ressemble \u00e0 un vieux fagot), ou au maximum une tige sur deux.<o :p><\/o><\/span><\/p>\n<p class=\"MsoNormal\">&nbsp;<\/p>\n<p class=\"MsoNormal\"><span style=\"font-size: 10pt; font-family: Arial\"><o :p><\/o>Ah ah, vous ne pensiez pas prendre une le\u00e7on d\u2019horticulture ici hein ? Remerciez Stitch, c\u2019est gr\u00e2ce \u00e0 lui ;-)<o :p><\/o><\/span><\/p>\n<p class=\"MsoNormal\">&nbsp;<\/p>\n","protected":false},"author":3,"featured_media":124445,"comment_status":"open","ping_status":"open","sticky":false,"template":"","format":"standard","meta":{"footnotes":""},"categories":[1475],"tags":[],"class_list":["post-124446","post","type-post","status-publish","format-standard","has-post-thumbnail","hentry","category-divers"],"_links":{"self":[{"href":"https:\/\/www.monblogdefille.com\/blog\/wp-json\/wp\/v2\/posts\/124446","targetHints":{"allow":["GET"]}}],"collection":[{"href":"https:\/\/www.monblogdefille.com\/blog\/wp-json\/wp\/v2\/posts"}],"about":[{"href":"https:\/\/www.monblogdefille.com\/blog\/wp-json\/wp\/v2\/types\/post"}],"author":[{"embeddable":true,"href":"https:\/\/www.monblogdefille.com\/blog\/wp-json\/wp\/v2\/users\/3"}],"replies":[{"embeddable":true,"href":"https:\/\/www.monblogdefille.com\/blog\/wp-json\/wp\/v2\/comments?post=124446"}],"version-history":[{"count":0,"href":"https:\/\/www.monblogdefille.com\/blog\/wp-json\/wp\/v2\/posts\/124446\/revisions"}],"wp:featuredmedia":[{"embeddable":true,"href":"https:\/\/www.monblogdefille.com\/blog\/wp-json\/wp\/v2\/media\/124445"}],"wp:attachment":[{"href":"https:\/\/www.monblogdefille.com\/blog\/wp-json\/wp\/v2\/media?parent=124446"}],"wp:term":[{"taxonomy":"category","embeddable":true,"href":"https:\/\/www.monblogdefille.com\/blog\/wp-json\/wp\/v2\/categories?post=124446"},{"taxonomy":"post_tag","embeddable":true,"href":"https:\/\/www.monblogdefille.com\/blog\/wp-json\/wp\/v2\/tags?post=124446"}],"curies":[{"name":"wp","href":"https:\/\/api.w.org\/{rel}","templated":true}]}}