{"id":124412,"date":"2008-06-19T08:18:47","date_gmt":"2008-06-19T06:18:47","guid":{"rendered":"http:\/\/www.monblogdefille.com\/blog\/20080619du-fard-comme-un-soutif"},"modified":"2008-06-20T22:06:32","modified_gmt":"2008-06-20T20:06:32","slug":"du-fard-comme-un-soutif","status":"publish","type":"post","link":"https:\/\/www.monblogdefille.com\/blog\/du-fard-comme-un-soutif\/","title":{"rendered":"Du fard comme un soutif"},"content":{"rendered":"<p class=\"MsoNormal\"><img decoding=\"async\" src=\"http:\/\/www.monblogdefille.com\/blog\/wp-content\/uploads\/2008\/06\/soutif-sans-culotte.jpg\" alt=\"soutif-sans-culotte.jpg\" align=\"left\" \/><span style=\"font-size: 10pt; font-family: Arial\">Ca fait un moment que je cherchais un moyen de vous expliquer ce \u00e0 quoi me fait penser un oeil maquill\u00e9 seulement en haut. <o><\/o><br \/>\nEt ben j\u2019ai trouv\u00e9 une image grave adapt\u00e9e : c\u2019est comme d\u2019\u00eatre en soutif, sans culotte.<o><\/o><\/span>\n<\/p>\n<p class=\"MsoNormal\"><span style=\"font-size: 10pt; font-family: Arial\"><o><\/o>Voyez le look que \u00e7a donne ? On a l\u2019air juste totalement d\u00e9bile ; clairement il manque un truc.<o><\/o><\/span><\/p>\n<p class=\"MsoNormal\"><span style=\"font-size: 10pt; font-family: Arial\"><o><\/o>Ben les yeux sans maquillage en bas, pour moi c\u2019est pareil.<o><\/o><\/span><\/p>\n<p class=\"MsoNormal\"><span style=\"font-size: 10pt; font-family: Arial\"><o><\/o>Allez pas pour autant vous faire des cils des ann\u00e9es 60, mais sur beaucoup de filles les yeux sont plus jolis maquill\u00e9s en haut et en bas, \u00e7a fait un \u00e9crin complet au regard alors que sinon il en manque la moiti\u00e9. Et un demi-\u00e9crin, \u00e7a craint (poils aux seins. Ahhh si ! J\u2019ai le droit, on parle de soutifs !!), vous trouvez pas ?<o><\/o><\/span><\/p>\n<p class=\"MsoNormal\"><span style=\"font-size: 10pt; font-family: Arial\"><o><\/o>Oui je sais, en ce moment mes billets sont un peu chiants parce que je suis grave obs\u00e9d\u00e9e par le make up (la premi\u00e8re qui dit qu\u2019elle est d\u2019accord sera fouett\u00e9e), mais on sait jamais, \u00e7a peut se calmer, ayez confiaaaaaance ;-)<\/span><\/p>\n<p class=\"MsoNormal\">PS : meuh non j&rsquo;ai pas trouv\u00e9 la photo telle quelle, elle avait une culotte, \u00e0 la base, la pauvre enfant. Mais je la lui ai enlev\u00e9e avec photoshop, yih\u00e2\u00e2\u00e2rhhh ! ;-))<\/p>\n","protected":false},"excerpt":{"rendered":"<p class=\"MsoNormal\"><img decoding=\"async\" src=\"http:\/\/www.monblogdefille.com\/blog\/wp-content\/uploads\/2008\/06\/soutif-sans-culotte.jpg\" alt=\"soutif-sans-culotte.jpg\" align=\"left\" \/><span style=\"font-size: 10pt; font-family: Arial\">Ca fait un moment que je cherchais un moyen de vous expliquer ce \u00e0 quoi me fait penser un oeil maquill\u00e9 seulement en haut. <o :p><\/o><br \/>\nEt ben j\u2019ai trouv\u00e9 une image grave adapt\u00e9e : c\u2019est comme d\u2019\u00eatre en soutif, sans culotte.<o :p><\/o><\/span>\n<\/p>\n<p class=\"MsoNormal\">&nbsp;<\/p>\n<p class=\"MsoNormal\"><span style=\"font-size: 10pt; font-family: Arial\"><o :p><\/o>Voyez le look que \u00e7a donne ? On a l\u2019air juste totalement d\u00e9bile ; clairement il manque un truc.<o :p><\/o><\/span><\/p>\n<p class=\"MsoNormal\">&nbsp;<\/p>\n<p class=\"MsoNormal\"><span style=\"font-size: 10pt; font-family: Arial\"><o :p><\/o>Ben les yeux sans maquillage en bas, pour moi c\u2019est pareil.<o :p><\/o><\/span><\/p>\n<p class=\"MsoNormal\">&nbsp;<\/p>\n<p class=\"MsoNormal\"><span style=\"font-size: 10pt; font-family: Arial\"><o :p><\/o>Allez pas pour autant vous faire des cils des ann\u00e9es 60, mais sur beaucoup de filles les yeux sont plus jolis maquill\u00e9s en haut et en bas, \u00e7a fait un \u00e9crin complet au regard alors que sinon il en manque la moiti\u00e9. Et un demi-\u00e9crin, \u00e7a craint (poils aux seins. Ahhh si ! J\u2019ai le droit, on parle de soutifs !!), vous trouvez pas ?<o :p><\/o><\/span><\/p>\n<p class=\"MsoNormal\">&nbsp;<\/p>\n<p class=\"MsoNormal\"><span style=\"font-size: 10pt; font-family: Arial\"><o :p><\/o>Oui je sais, en ce moment mes billets sont un peu chiants parce que je suis grave obs\u00e9d\u00e9e par le make up (la premi\u00e8re qui dit qu\u2019elle est d\u2019accord sera fouett\u00e9e), mais on sait jamais, \u00e7a peut se calmer, ayez confiaaaaaance ;-)<\/span><\/p>\n<p class=\"MsoNormal\">&nbsp;<\/p>\n<p class=\"MsoNormal\">PS : meuh non j&rsquo;ai pas trouv\u00e9 la photo telle quelle, elle avait une culotte, \u00e0 la base, la pauvre enfant. Mais je la lui ai enlev\u00e9e avec photoshop, yih\u00e2\u00e2\u00e2rhhh ! ;-))<\/p>\n<p class=\"MsoNormal\">&nbsp;<\/p>\n","protected":false},"author":3,"featured_media":124411,"comment_status":"open","ping_status":"open","sticky":false,"template":"","format":"standard","meta":{"footnotes":""},"categories":[1485],"tags":[19939],"class_list":["post-124412","post","type-post","status-publish","format-standard","has-post-thumbnail","hentry","category-le-maquillage","tag-fard-a-paupieres"],"_links":{"self":[{"href":"https:\/\/www.monblogdefille.com\/blog\/wp-json\/wp\/v2\/posts\/124412","targetHints":{"allow":["GET"]}}],"collection":[{"href":"https:\/\/www.monblogdefille.com\/blog\/wp-json\/wp\/v2\/posts"}],"about":[{"href":"https:\/\/www.monblogdefille.com\/blog\/wp-json\/wp\/v2\/types\/post"}],"author":[{"embeddable":true,"href":"https:\/\/www.monblogdefille.com\/blog\/wp-json\/wp\/v2\/users\/3"}],"replies":[{"embeddable":true,"href":"https:\/\/www.monblogdefille.com\/blog\/wp-json\/wp\/v2\/comments?post=124412"}],"version-history":[{"count":0,"href":"https:\/\/www.monblogdefille.com\/blog\/wp-json\/wp\/v2\/posts\/124412\/revisions"}],"wp:featuredmedia":[{"embeddable":true,"href":"https:\/\/www.monblogdefille.com\/blog\/wp-json\/wp\/v2\/media\/124411"}],"wp:attachment":[{"href":"https:\/\/www.monblogdefille.com\/blog\/wp-json\/wp\/v2\/media?parent=124412"}],"wp:term":[{"taxonomy":"category","embeddable":true,"href":"https:\/\/www.monblogdefille.com\/blog\/wp-json\/wp\/v2\/categories?post=124412"},{"taxonomy":"post_tag","embeddable":true,"href":"https:\/\/www.monblogdefille.com\/blog\/wp-json\/wp\/v2\/tags?post=124412"}],"curies":[{"name":"wp","href":"https:\/\/api.w.org\/{rel}","templated":true}]}}