{"id":124409,"date":"2008-06-17T12:04:44","date_gmt":"2008-06-17T10:04:44","guid":{"rendered":"http:\/\/www.monblogdefille.com\/blog\/20080617le-make-up-du-jour-n%c2%b0-9-vert-clair"},"modified":"2009-09-30T18:09:44","modified_gmt":"2009-09-30T16:09:44","slug":"le-make-up-du-jour-n%c2%b0-9-vert-clair","status":"publish","type":"post","link":"https:\/\/www.monblogdefille.com\/blog\/le-make-up-du-jour-n%c2%b0-9-vert-clair\/","title":{"rendered":"Le make up du jour, n\u00b0 9 (vert clair)"},"content":{"rendered":"<p class=\"MsoNormal\"><img decoding=\"async\" src=\"http:\/\/www.monblogdefille.com\/blog\/wp-content\/uploads\/2008\/06\/vert-clair-1.jpg\" alt=\"vert-clair-1.jpg\" \/><\/p>\n<p class=\"MsoNormal\"><img decoding=\"async\" src=\"http:\/\/www.monblogdefille.com\/blog\/wp-content\/uploads\/2008\/06\/vert-clair-2.jpg\" alt=\"vert-clair-2.jpg\" \/><\/p>\n<p class=\"MsoNormal\"><u><span style=\"font-size: 10pt; font-family: Arial\">Teint <o><\/o><\/span><\/u><br \/>\n<span style=\"font-size: 10pt; font-family: Arial\"><\/span><\/p>\n<p class=\"MsoNormal\"><span style=\"font-size: 10pt; font-family: Arial\">Fond de teint : Helena Rubinstein Color Clone Cream n\u00b0 21 <o><\/o><br \/>\nM\u00e9lang\u00e9 au Fluide Embelliseur Armani n\u00b0 2<o><\/o><br \/>\n<\/span><\/p>\n<p class=\"MsoNormal\"><span style=\"font-size: 10pt; font-family: Arial\" lang=\"EN-GB\">Anticernes : MAC cache-cernes NW 20 (en flaconnette, avec applicateur mousse)<o><\/o><br \/>\n10 fois mieux que celui en pot ! Mon nouvel anti-cernes pr\u00e9f\u00e9r\u00e9 !! Texture cr\u00e8me g\u00e9niale, rendu impec et bien moins pl\u00e2tr\u00e9 que l&rsquo;autre !<o><\/o><br \/>\n<\/span><\/p>\n<p class=\"MsoNormal\"><span style=\"font-size: 10pt; font-family: Arial\" lang=\"EN-GB\">Poudre : MAC Mineralize skin finish Medium<o><\/o><br \/>\n<\/span><\/p>\n<p class=\"MsoNormal\"><span style=\"font-size: 10pt; font-family: Arial\" lang=\"EN-GB\">Blush : Revlon Chic touch Emotion rose n\u00b0 304<o><\/o><\/span><br \/>\n<u><span style=\"font-size: 10pt; font-family: Arial\"><\/span><\/u><\/p>\n<p class=\"MsoNormal\"><u><span style=\"font-size: 10pt; font-family: Arial\">Yeux <o><\/o><\/span><\/u><br \/>\n<span style=\"font-size: 10pt; font-family: Arial\"><\/span><\/p>\n<p class=\"MsoNormal\"><span style=\"font-size: 10pt; font-family: Arial\">1. Fard poudre MAC Surreal (vert clair iris\u00e9) : sur la paupi\u00e8re sup\u00e9rieure mobile, en \u00e9tirant un peu sur la fixe, et au ras des cils inf\u00e9rieurs sur toute la longueur<o><\/o><br \/>\n<\/span>\n<\/p>\n<p class=\"MsoNormal\"><span style=\"font-size: 10pt; font-family: Arial\">Pos\u00e9 au pinceau Shu Uemeura n\u00b0 10<\/span><\/p>\n<p class=\"MsoNormal\"><img decoding=\"async\" src=\"http:\/\/www.monblogdefille.com\/blog\/wp-content\/uploads\/2008\/05\/shu-uemura-10.jpg\" alt=\"shu-uemura-10.jpg\" \/><\/p>\n<p class=\"MsoNormal\"><span style=\"font-size: 10pt; font-family: Arial\">2. Fard poudre MAC Blanc type (blanc cr\u00e8me mat) : juste sous le sourcil, et en estompe du vert clair pour fondre les deux ensemble<o><\/o><br \/>\n<\/span><\/p>\n<p class=\"MsoNormal\"><span style=\"font-size: 10pt; font-family: Arial\">Pos\u00e9 et estomp\u00e9 au pinceau Shu Uemeura n\u00b0 10<o><\/o><br \/>\n<\/span><\/p>\n<p class=\"MsoNormal\"><span style=\"font-size: 10pt; font-family: Arial\">3. Crayon Stila kajal eye liner onyx (noir) : au ras des cils du haut sur toute la longueur et en \u00e9tirant l\u00e9g\u00e8rement vers la tempe ; en bas, \u00e0 l\u2019int\u00e9rieur de l\u2019\u0153il<o><\/o><br \/>\nCe crayon est d\u00e9ment de douceur et de souplesse, je l\u2019adore !<o><\/o><br \/>\n<\/span>\n<\/p>\n<p class=\"MsoNormal\"><span style=\"font-size: 10pt; font-family: Arial\">Estomp\u00e9 et fondu, en haut et en bas, avec le pinceau MAC n\u00b0 219<\/span><\/p>\n<p class=\"MsoNormal\"><img decoding=\"async\" src=\"http:\/\/www.monblogdefille.com\/blog\/wp-content\/uploads\/2008\/06\/mac-219.jpg\" alt=\"mac-219.jpg\" \/><\/p>\n<p class=\"MsoNormal\"><span style=\"font-size: 10pt; font-family: Arial\">4. Hop, encore une petite couche de vert en haut, l\u2019estompe du noir en a fait dispara\u00eetre une partie ;-)<o><\/o><br \/>\n<\/span>\n<\/p>\n<p class=\"MsoNormal\"><span style=\"font-size: 10pt; font-family: Arial\">5. Mascara noir : brosse Maximeyes dans tube La Roche Posay : 3 couches en haut<o><\/o><\/span><\/p>\n","protected":false},"excerpt":{"rendered":"<p><img decoding=\"async\" src=\"http:\/\/www.monblogdefille.com\/blog\/wp-content\/uploads\/2008\/06\/vert-clair-1.jpg\" alt=\"vert-clair-1.jpg\" \/><\/p>\n","protected":false},"author":3,"featured_media":124407,"comment_status":"open","ping_status":"open","sticky":false,"template":"","format":"standard","meta":{"footnotes":""},"categories":[1485],"tags":[19999],"class_list":["post-124409","post","type-post","status-publish","format-standard","has-post-thumbnail","hentry","category-le-maquillage","tag-tutos-photos-maquillage"],"_links":{"self":[{"href":"https:\/\/www.monblogdefille.com\/blog\/wp-json\/wp\/v2\/posts\/124409","targetHints":{"allow":["GET"]}}],"collection":[{"href":"https:\/\/www.monblogdefille.com\/blog\/wp-json\/wp\/v2\/posts"}],"about":[{"href":"https:\/\/www.monblogdefille.com\/blog\/wp-json\/wp\/v2\/types\/post"}],"author":[{"embeddable":true,"href":"https:\/\/www.monblogdefille.com\/blog\/wp-json\/wp\/v2\/users\/3"}],"replies":[{"embeddable":true,"href":"https:\/\/www.monblogdefille.com\/blog\/wp-json\/wp\/v2\/comments?post=124409"}],"version-history":[{"count":0,"href":"https:\/\/www.monblogdefille.com\/blog\/wp-json\/wp\/v2\/posts\/124409\/revisions"}],"wp:featuredmedia":[{"embeddable":true,"href":"https:\/\/www.monblogdefille.com\/blog\/wp-json\/wp\/v2\/media\/124407"}],"wp:attachment":[{"href":"https:\/\/www.monblogdefille.com\/blog\/wp-json\/wp\/v2\/media?parent=124409"}],"wp:term":[{"taxonomy":"category","embeddable":true,"href":"https:\/\/www.monblogdefille.com\/blog\/wp-json\/wp\/v2\/categories?post=124409"},{"taxonomy":"post_tag","embeddable":true,"href":"https:\/\/www.monblogdefille.com\/blog\/wp-json\/wp\/v2\/tags?post=124409"}],"curies":[{"name":"wp","href":"https:\/\/api.w.org\/{rel}","templated":true}]}}