{"id":124403,"date":"2008-06-16T13:11:21","date_gmt":"2008-06-16T11:11:21","guid":{"rendered":"http:\/\/www.monblogdefille.com\/blog\/20080616la-premiere-impression%e2%80%a6"},"modified":"2008-06-19T12:20:47","modified_gmt":"2008-06-19T10:20:47","slug":"la-premiere-impression%e2%80%a6","status":"publish","type":"post","link":"https:\/\/www.monblogdefille.com\/blog\/la-premiere-impression%e2%80%a6\/","title":{"rendered":"La premi\u00e8re impression\u2026"},"content":{"rendered":"<p class=\"MsoNormal\"><img decoding=\"async\" src=\"http:\/\/www.monblogdefille.com\/blog\/wp-content\/uploads\/2008\/06\/coco-chanel.jpg\" alt=\"coco-chanel.jpg\" align=\"left\" \/><span style=\"font-size: 10pt; font-family: Arial\">Coco Chanel disait : \u00ab La premi\u00e8re impression est souvent la bonne, surtout quand elle est mauvaise \u00bb.<o><\/o><\/span><\/p>\n<p class=\"MsoNormal\"><span style=\"font-size: 10pt; font-family: Arial\"><o><\/o>J\u2019adore cette phrase, mais je me demande si Mademoiselle avait raison.<o><\/o><\/span><\/p>\n<p class=\"MsoNormal\"><span style=\"font-size: 10pt; font-family: Arial\"><o><\/o>Qu\u2019est-ce vous en pensez les girls ? <o><\/o><br \/>\nJe suis pas du tout s\u00fbre de moi sur ce coup-l\u00e0, vu que justement je n\u2019ai pas plus d\u2019intuition qu\u2019une pomme de terre, et que donc je passe mon temps \u00e0 me gourer sur les gens ;-)) <o><\/o><br \/>\nJ\u2019ai bien entendu une th\u00e9orie l\u00e0-dessus : je pense que c\u2019est parce que je vois rien, du coup je ne capte pas les signes non verbaux qui renseignent aussi sur la personnalit\u00e9 de quelqu\u2019un.<o><\/o><br \/>\nPeut-\u00eatre que si je mettais mes lunettes j\u2019aurais une bonne intuition ?<o><\/o><\/span>\n<\/p>\n<p class=\"MsoNormal\"><span style=\"font-size: 10pt; font-family: Arial\"><o><\/o>Vous les sentez bien les gens, vous ? Ou comme moi vous d\u00e9couvrez effar\u00e9e, plusieurs mois apr\u00e8s, que vous vous \u00e9tiez acoquin\u00e9e avec des \u00eatres redoutables (je parle pas des mecs et des relations sentimentales hein, c\u2019est encore un autre domaine) ?<o><\/o><\/span><\/p>\n<p class=\"MsoNormal\"><span style=\"font-size: 10pt; font-family: Arial\"><o><\/o>PS : et que personne ne se sente vis\u00e9, par piti\u00e9, je n\u2019ai pas d\u00e9couvert d\u2019\u00eatres redoutables dans mes relations r\u00e9cemment ;-))<o><\/o><\/span><\/p>\n","protected":false},"excerpt":{"rendered":"<p class=\"MsoNormal\"><img decoding=\"async\" src=\"http:\/\/www.monblogdefille.com\/blog\/wp-content\/uploads\/2008\/06\/coco-chanel.jpg\" alt=\"coco-chanel.jpg\" align=\"left\"\/><span style=\"font-size: 10pt; font-family: Arial\">Coco Chanel disait : \u00ab La premi\u00e8re impression est souvent la bonne, surtout quand elle est mauvaise \u00bb.<o :p><\/o><\/span><\/p>\n<p class=\"MsoNormal\">&nbsp;<\/p>\n<p class=\"MsoNormal\"><span style=\"font-size: 10pt; font-family: Arial\"><o :p><\/o>J\u2019adore cette phrase, mais je me demande si Mademoiselle avait raison.<o :p><\/o><\/span><\/p>\n<p class=\"MsoNormal\">&nbsp;<\/p>\n<p class=\"MsoNormal\"><span style=\"font-size: 10pt; font-family: Arial\"><o :p><\/o>Qu\u2019est-ce vous en pensez les girls ? <o :p><\/o><br \/>\nJe suis pas du tout s\u00fbre de moi sur ce coup-l\u00e0, vu que justement je n\u2019ai pas plus d\u2019intuition qu\u2019une pomme de terre, et que donc je passe mon temps \u00e0 me gourer sur les gens ;-)) <o :p><\/o><br \/>\nJ\u2019ai bien entendu une th\u00e9orie l\u00e0-dessus : je pense que c\u2019est parce que je vois rien, du coup je ne capte pas les signes non verbaux qui renseignent aussi sur la personnalit\u00e9 de quelqu\u2019un.<o :p><\/o><br \/>\nPeut-\u00eatre que si je mettais mes lunettes j\u2019aurais une bonne intuition ?<o :p><\/o><\/span>\n<\/p>\n<p class=\"MsoNormal\">&nbsp;<\/p>\n<p class=\"MsoNormal\"><span style=\"font-size: 10pt; font-family: Arial\"><o :p><\/o>Vous les sentez bien les gens, vous ? Ou comme moi vous d\u00e9couvrez effar\u00e9e, plusieurs mois apr\u00e8s, que vous vous \u00e9tiez acoquin\u00e9e avec des \u00eatres redoutables (je parle pas des mecs et des relations sentimentales hein, c\u2019est encore un autre domaine) ?<o :p><\/o><\/span><\/p>\n<p class=\"MsoNormal\">&nbsp;<\/p>\n<p class=\"MsoNormal\"><span style=\"font-size: 10pt; font-family: Arial\"><o :p><\/o>PS : et que personne ne se sente vis\u00e9, par piti\u00e9, je n\u2019ai pas d\u00e9couvert d\u2019\u00eatres redoutables dans mes relations r\u00e9cemment ;-))<o :p><\/o><\/span><\/p>\n<p class=\"MsoNormal\">&nbsp;<\/p>\n","protected":false},"author":3,"featured_media":124402,"comment_status":"open","ping_status":"open","sticky":false,"template":"","format":"standard","meta":{"footnotes":""},"categories":[1493],"tags":[],"class_list":["post-124403","post","type-post","status-publish","format-standard","has-post-thumbnail","hentry","category-psycho-de-comptoir"],"_links":{"self":[{"href":"https:\/\/www.monblogdefille.com\/blog\/wp-json\/wp\/v2\/posts\/124403","targetHints":{"allow":["GET"]}}],"collection":[{"href":"https:\/\/www.monblogdefille.com\/blog\/wp-json\/wp\/v2\/posts"}],"about":[{"href":"https:\/\/www.monblogdefille.com\/blog\/wp-json\/wp\/v2\/types\/post"}],"author":[{"embeddable":true,"href":"https:\/\/www.monblogdefille.com\/blog\/wp-json\/wp\/v2\/users\/3"}],"replies":[{"embeddable":true,"href":"https:\/\/www.monblogdefille.com\/blog\/wp-json\/wp\/v2\/comments?post=124403"}],"version-history":[{"count":0,"href":"https:\/\/www.monblogdefille.com\/blog\/wp-json\/wp\/v2\/posts\/124403\/revisions"}],"wp:featuredmedia":[{"embeddable":true,"href":"https:\/\/www.monblogdefille.com\/blog\/wp-json\/wp\/v2\/media\/124402"}],"wp:attachment":[{"href":"https:\/\/www.monblogdefille.com\/blog\/wp-json\/wp\/v2\/media?parent=124403"}],"wp:term":[{"taxonomy":"category","embeddable":true,"href":"https:\/\/www.monblogdefille.com\/blog\/wp-json\/wp\/v2\/categories?post=124403"},{"taxonomy":"post_tag","embeddable":true,"href":"https:\/\/www.monblogdefille.com\/blog\/wp-json\/wp\/v2\/tags?post=124403"}],"curies":[{"name":"wp","href":"https:\/\/api.w.org\/{rel}","templated":true}]}}