{"id":124393,"date":"2008-06-14T13:12:54","date_gmt":"2008-06-14T11:12:54","guid":{"rendered":"http:\/\/www.monblogdefille.com\/blog\/20080614le-make-up-du-jour-n%c2%b0-8-brun-liner-noir"},"modified":"2009-09-30T18:10:08","modified_gmt":"2009-09-30T16:10:08","slug":"le-make-up-du-jour-n%c2%b0-8-brun-liner-noir","status":"publish","type":"post","link":"https:\/\/www.monblogdefille.com\/blog\/le-make-up-du-jour-n%c2%b0-8-brun-liner-noir\/","title":{"rendered":"Le make up du jour, n\u00b0 8 (brun liner noir)"},"content":{"rendered":"<p class=\"MsoNormal\"><img decoding=\"async\" src=\"http:\/\/www.monblogdefille.com\/blog\/wp-content\/uploads\/2008\/06\/brun-liner-noir-1.jpg\" alt=\"brun-liner-noir-1.jpg\" \/><\/p>\n<p class=\"MsoNormal\"><img decoding=\"async\" src=\"http:\/\/www.monblogdefille.com\/blog\/wp-content\/uploads\/2008\/06\/brun-liner-noir-2.jpg\" alt=\"brun-liner-noir-2.jpg\" \/><\/p>\n<p class=\"MsoNormal\"><u><span style=\"font-size: 10pt; font-family: Arial\">Teint <o><\/o><\/span><\/u><br \/>\n<span style=\"font-size: 10pt; font-family: Arial\"><\/span><\/p>\n<p class=\"MsoNormal\"><span style=\"font-size: 10pt; font-family: Arial\" lang=\"EN-GB\">Fond de teint : Helene Rubinstein Color Clone Cream n\u00b0 21 <o><\/o><br \/>\nM\u00e9lang\u00e9 au Fluide Embelliseur Armani n\u00b0 2<o><\/o><\/span><\/p>\n<p class=\"MsoNormal\"><span style=\"font-size: 10pt; font-family: Arial\" lang=\"EN-GB\">Anticernes : MAC , Studio finish concealer C25<o><\/o><br \/>\n<\/span><\/p>\n<p class=\"MsoNormal\"><span style=\"font-size: 10pt; font-family: Arial\" lang=\"EN-GB\">Poudre : MAC Mineralize skin finish Medium<o><\/o><br \/>\n<\/span><\/p>\n<p class=\"MsoNormal\"><span style=\"font-size: 10pt; font-family: Arial\" lang=\"EN-GB\">Blush : Revlon Chic touch Emotion rose n\u00b0 304<o><\/o><\/span><br \/>\n<u><span style=\"font-size: 10pt; font-family: Arial\"><\/span><\/u><\/p>\n<p class=\"MsoNormal\"><u><span style=\"font-size: 10pt; font-family: Arial\">Yeux <o><\/o><\/span><\/u><br \/>\n<span style=\"font-size: 10pt; font-family: Arial\"><\/span><\/p>\n<p class=\"MsoNormal\"><span style=\"font-size: 10pt; font-family: Arial\">1. Fard cr\u00e8me Siseido H9 (dor\u00e9 clair) : sur toute la paupi\u00e8re mobile et dans le creux de la paupi\u00e8re sup\u00e9rieure<o><\/o><br \/>\n<\/span><\/p>\n<p class=\"MsoNormal\"><span style=\"font-size: 10pt; font-family: Arial\">Pos\u00e9 au doigt<o><\/o><br \/>\n<\/span><\/p>\n<p class=\"MsoNormal\"><span style=\"font-size: 10pt; font-family: Arial\">2. Fard poudre Menard Jupier N58F (marmotte cendr\u00e9e \u2013 c\u2019est de moi, pas de Menard, je trouve que ce nom va bien \u00e0 cette couleur ;-) : par-dessus le Shiseido, et au ras des cils du bas dans le coin externe<o><\/o><br \/>\n<\/span>\n<\/p>\n<p class=\"MsoNormal\"><span style=\"font-size: 10pt; font-family: Arial\">Pos\u00e9 avec le pinceau ombreur MAC n\u00b0 213 <\/span><\/p>\n<p><img decoding=\"async\" src=\"http:\/\/www.monblogdefille.com\/blog\/wp-content\/uploads\/2008\/06\/mac-213.jpg\" alt=\"mac-213.jpg\" \/><\/p>\n<p class=\"MsoNormal\"><span style=\"font-size: 10pt; font-family: Arial\">3. Eye liner cr\u00e8me MAC Blacktrack (noir) : au ras des cils du haut sur toute la longueur<o><\/o><br \/>\n<\/span>\n<\/p>\n<p class=\"MsoNormal\"><span style=\"font-size: 10pt; font-family: Arial\">Pos\u00e9 avec le pinceau biseaut\u00e9 MAC n\u00b0 266<\/span><\/p>\n<p class=\"MsoNormal\"><img decoding=\"async\" src=\"http:\/\/www.monblogdefille.com\/blog\/wp-content\/uploads\/2008\/05\/mac-266.jpg\" alt=\"mac-266.jpg\" \/><\/p>\n<p class=\"MsoNormal\"><span style=\"font-size: 10pt; font-family: Arial\">4. Mascara noir : brosse Maximeyes dans tube La Roche Posay : 2 couches en haut<o><\/o><\/span><\/p>\n","protected":false},"excerpt":{"rendered":"<p><img decoding=\"async\" src=\"http:\/\/www.monblogdefille.com\/blog\/wp-content\/uploads\/2008\/06\/brun-liner-noir-1.jpg\" alt=\"brun-liner-noir-1.jpg\" \/><\/p>\n","protected":false},"author":3,"featured_media":124391,"comment_status":"open","ping_status":"open","sticky":false,"template":"","format":"standard","meta":{"footnotes":""},"categories":[1485],"tags":[19999],"class_list":["post-124393","post","type-post","status-publish","format-standard","has-post-thumbnail","hentry","category-le-maquillage","tag-tutos-photos-maquillage"],"_links":{"self":[{"href":"https:\/\/www.monblogdefille.com\/blog\/wp-json\/wp\/v2\/posts\/124393","targetHints":{"allow":["GET"]}}],"collection":[{"href":"https:\/\/www.monblogdefille.com\/blog\/wp-json\/wp\/v2\/posts"}],"about":[{"href":"https:\/\/www.monblogdefille.com\/blog\/wp-json\/wp\/v2\/types\/post"}],"author":[{"embeddable":true,"href":"https:\/\/www.monblogdefille.com\/blog\/wp-json\/wp\/v2\/users\/3"}],"replies":[{"embeddable":true,"href":"https:\/\/www.monblogdefille.com\/blog\/wp-json\/wp\/v2\/comments?post=124393"}],"version-history":[{"count":0,"href":"https:\/\/www.monblogdefille.com\/blog\/wp-json\/wp\/v2\/posts\/124393\/revisions"}],"wp:featuredmedia":[{"embeddable":true,"href":"https:\/\/www.monblogdefille.com\/blog\/wp-json\/wp\/v2\/media\/124391"}],"wp:attachment":[{"href":"https:\/\/www.monblogdefille.com\/blog\/wp-json\/wp\/v2\/media?parent=124393"}],"wp:term":[{"taxonomy":"category","embeddable":true,"href":"https:\/\/www.monblogdefille.com\/blog\/wp-json\/wp\/v2\/categories?post=124393"},{"taxonomy":"post_tag","embeddable":true,"href":"https:\/\/www.monblogdefille.com\/blog\/wp-json\/wp\/v2\/tags?post=124393"}],"curies":[{"name":"wp","href":"https:\/\/api.w.org\/{rel}","templated":true}]}}