{"id":124374,"date":"2008-06-13T08:07:13","date_gmt":"2008-06-13T07:07:13","guid":{"rendered":"http:\/\/www.monblogdefille.com\/blog\/20080613les-yeux-de-livcorse"},"modified":"2009-01-17T23:02:13","modified_gmt":"2009-01-17T22:02:13","slug":"les-yeux-de-livcorse","status":"publish","type":"post","link":"https:\/\/www.monblogdefille.com\/blog\/les-yeux-de-livcorse\/","title":{"rendered":"Les yeux de livcorse"},"content":{"rendered":"<p class=\"MsoNormal\"><span style=\"text-decoration: underline;\"><span style=\"font-size: 10pt; font-family: Arial\">Livcorse nous dit :<\/span><\/span><\/p>\n<p class=\"MsoNormal\"><span style=\"font-size: 10pt; font-family: Arial\">\u00ab Allez je m&rsquo;y colle pour les yeux&#8230;<\/span><\/p>\n<p class=\"MsoNormal\"><span style=\"font-size: 10pt; font-family: Arial\">Bon la premi\u00e8re photo est sans rien au naturel et AU REVEIL (a\u00efe&#8230;), alors comme vous pouvez le voir j&rsquo;ai de magnifiques cernes que je n&rsquo;arrive pas toujours bien \u00e0 camoufler&#8230;en plus je bosse de nuit alors les cernes c&rsquo;est mon lot quotidien A L&rsquo;AIDE !!!!<br \/>\nJe baise les pieds (propres) de celle qui me donnera THE truc pour les faire dispara\u00eetre&#8230;<\/span><\/p>\n<p><img decoding=\"async\" src=\"http:\/\/www.monblogdefille.com\/blog\/wp-content\/uploads\/2008\/06\/livcorse1.jpg\" alt=\"livcorse1.jpg\" \/>\n<\/p>\n<p class=\"MsoNormal\"><span style=\"font-size: 10pt; font-family: Arial\">La deuxi\u00e8me c&rsquo;est moi avec un peu d&rsquo;anticerne&#8230;mouais pas top comme r\u00e9sultat.<\/span><\/p>\n<p><img decoding=\"async\" src=\"http:\/\/www.monblogdefille.com\/blog\/wp-content\/uploads\/2008\/06\/licorse2.JPG\" alt=\"licorse2.JPG\" \/><\/p>\n<p class=\"MsoNormal\"><span style=\"font-size: 10pt; font-family: Arial\">Voil\u00e0 les autres photos c&rsquo;est avec mon maquillage de tous les jours, je suis une inconditionnelle des fards \u00e0 paupi\u00e8re, j&rsquo;adoooooooooore \u00e7a.<\/span><\/p>\n<p><img decoding=\"async\" src=\"http:\/\/www.monblogdefille.com\/blog\/wp-content\/uploads\/2008\/06\/livcorse3.jpg\" alt=\"livcorse3.jpg\" \/><\/p>\n<p class=\"MsoNormal\"><img decoding=\"async\" src=\"http:\/\/www.monblogdefille.com\/blog\/wp-content\/uploads\/2008\/06\/livcorse4.jpg\" alt=\"livcorse4.jpg\" \/><\/p>\n<p class=\"MsoNormal\"><span style=\"font-size: 10pt; font-family: Arial\">Je suis extr\u00eamement fid\u00e8le aux fards Agn\u00e8s b, je trouve qu&rsquo;ils tiennent et ne font pas de \u00ab\u00a0p\u00e2t\u00e9s\u00a0\u00bb au cours de la journ\u00e9e. J&rsquo;alterne dans les gris, mauves, et marron, mais je mets quelquefois du kaki ou carr\u00e9ment du rose. Si vous avez des id\u00e9es pour changer un peu, je suis preneuse.<\/span><\/p>\n<p><img decoding=\"async\" src=\"http:\/\/www.monblogdefille.com\/blog\/wp-content\/uploads\/2008\/06\/livcorse5.jpg\" alt=\"livcorse5.jpg\" \/><\/p>\n<p class=\"MsoNormal\"><img decoding=\"async\" src=\"http:\/\/www.monblogdefille.com\/blog\/wp-content\/uploads\/2008\/06\/livcorse6.jpg\" alt=\"livcorse6.jpg\" \/><\/p>\n<p class=\"MsoNormal\"><span style=\"font-size: 10pt; font-family: Arial\">Bon le hic je sais c&rsquo;est mes sourcils, mais y&rsquo;a rien \u00e0 faire j&rsquo;arrive pas \u00e0 laisser pousser plus, car avant ils \u00e9taient carr\u00e9ment plus \u00e9pais du coup \u00e7a a du me traumatiser\u2026 Mais effectivement ils ont vraiment l&rsquo;air en \u00ab\u00a0bordel\u00a0\u00bb !!!<\/span><\/p>\n<p><img decoding=\"async\" src=\"http:\/\/www.monblogdefille.com\/blog\/wp-content\/uploads\/2008\/06\/livcorse7.jpg\" alt=\"livcorse7.jpg\" \/><\/p>\n<p class=\"MsoNormal\">\n<p class=\"MsoNormal\"><img decoding=\"async\" src=\"http:\/\/www.monblogdefille.com\/blog\/wp-content\/uploads\/2008\/06\/livcorse8.jpg\" alt=\"livcorse8.jpg\" \/><\/p>\n<p class=\"MsoNormal\"><span style=\"font-size: 10pt; font-family: Arial\">Voil\u00e0 j&rsquo;ai tout dit j&rsquo;attends les critiques avec impatience !!! \u00bb<\/span><\/p>\n<p class=\"MsoNormal\"><span style=\"font-size: 10pt; font-family: Arial\"><\/span><span style=\"text-decoration: underline;\"><span style=\"font-size: 10pt; font-family: Arial\">J\u2019en dis :<\/span><\/span><\/p>\n<p class=\"MsoNormal\"><span style=\"font-size: 10pt; font-family: Arial\">Yiii, des beaux yeux verts-gris, chouette !<\/span><\/p>\n<p class=\"MsoNormal\"><span style=\"font-size: 10pt; font-family: Arial\">Je commence par les sourcils parce que c\u2019est ma marotte hein, en effet les tiens sont trop \u00e9pil\u00e9s, en longueur comme en \u00e9paisseur : il manque un bout de l\u2019\u00e9crin de ton regard.<\/span><\/p>\n<p class=\"MsoNormal\"><span style=\"font-size: 10pt; font-family: Arial\">Je t\u2019ai bidouill\u00e9 un truc, moche comme d\u2019habitude (c\u2019est bien trop fonc\u00e9 mais j\u2019ai pas r\u00e9ussi \u00e0 faire mieux), pour te montrer ce que je verrais dans l\u2019id\u00e9al : il faudrait que tu arrives \u00e0 les laisser repousser au moins au milieu, ils sont vraiment trop \u00e9cart\u00e9s et c\u2019est dommage.<br \/>\nSi tu as du mal (je sais que c\u2019est hyper dur de pas craquer sur les poils qui d\u00e9passent, maquille-les, en attendant, \u00e7a aide ;-)<\/span><\/p>\n<p><img decoding=\"async\" src=\"http:\/\/www.monblogdefille.com\/blog\/wp-content\/uploads\/2008\/06\/livcorse-sourcils.jpg\" alt=\"livcorse-sourcils.jpg\" \/>\n<\/p>\n<p class=\"MsoNormal\"><span style=\"font-size: 10pt; font-family: Arial\">Je trouve que sur ta 2<sup>\u00e8me<\/sup> photo tes (minuscules) cernes sont tout \u00e0 fait bien masqu\u00e9s, tu as l\u2019air d\u2019avoir le bon produit, on dirait que tu n\u2019as rien du tout sur la peau et pourtant on ne voit plus tes cernes ;-)<br \/>\nSi tu veux changer (ce que je comprends, je suis moi-m\u00eame repartie dans une chasse \u00e0 l\u2019anti-cernes depuis quelques jours ;-), je te conseille de faire un tour chez MAC : ils ont 5 ou 6 textures d\u2019anti-cernes, et au moins 6 ou 7 couleurs dans chaque texture, il y a de quoi faire !<br \/>\nMais ne choisis pas toute seule hein, c\u2019est pas facile, fais-toi conseiller.<\/span>\n<\/p>\n<p class=\"MsoNormal\"><span style=\"font-size: 10pt; font-family: Arial\">C\u00f4t\u00e9 maquillage tu te d\u00e9brouilles tr\u00e8s bien ! C\u2019est fou comme ces couleurs acidul\u00e9es et fra\u00eeches te vont bien ! Avec tes yeux magnifiques et tes taches de rousseur, c\u2019est vraiment super joli !<\/span><\/p>\n<p class=\"MsoNormal\"><span style=\"font-size: 10pt; font-family: Arial\">Je crois que mon pr\u00e9f\u00e9r\u00e9 est le bleu, le dernier, celui dont je me suis servi pour les sourcils, il me pla\u00eet beaucoup ;-)<br \/>\nAttention avec le mauve les jours de cernes prononc\u00e9s, \u00e7a a tendance \u00e0 les accentuer, mais sinon tu es la preuve qu\u2019on peut porter joliment du rose sur les paupi\u00e8res ;-)<\/span><\/p>\n<p class=\"MsoNormal\"><span style=\"font-size: 10pt; font-family: Arial\">Je n\u2019essaierais pas le kaki Dior sur toi, je pense qu\u2019il est trop jaune et \u00e9teindrais tes iris, ce qui serait un crime ! Mais un vert plus franc, du genre de celui port\u00e9 ici par <a href=\"http:\/\/www.monblogdefille.com\/blog\/20071019les-yeux-de-funambuline\" target=\"_blank\">funambuline <\/a>sur les 2 derni\u00e8res photos, devrait \u00eatre tr\u00e8s joli, je pense.<br \/>\n<\/span>\n<\/p>\n<p class=\"MsoNormal\"><span style=\"font-size: 10pt; font-family: Arial\">Sinon je voudrais bien voir un smoky gris satin\u00e9 et bien froid, \u00e7a devrait \u00eatre assez spectaculaire.<\/span><\/p>\n<p class=\"MsoNormal\"><span style=\"font-size: 10pt; font-family: Arial\">C\u00f4t\u00e9 technique d\u2019application j\u2019aime beaucoup ce que tu fais, ce halo autour de l\u2019\u0153il. Essayes peut-\u00eatre juste de soigner un tout petit peu plus l\u2019application sur les paupi\u00e8res sup\u00e9rieures, de fa\u00e7on \u00e0 ce que \u00e7a soit plus sym\u00e9trique (je dis \u00e7a mais j\u2019ai jamais les deux yeux maquill\u00e9s pareil ;-)).<\/span><\/p>\n<p class=\"MsoNormal\"><span style=\"font-size: 10pt; font-family: Arial\">Je regarde \u00e0 nouveau cette photo avec le bleu qui me plait tant, et je me dis que tu devrais peut-\u00eatre essayer plus de bleus, tu as un truc avec le bleu ;-) Pas du turquoise hein, mais du bleu gris, du bleu ardoise, peut-\u00eatre un marine assourdi et tirant \u00e0 peine sur le noir.<\/span><\/p>\n<p class=\"MsoNormal\"><span style=\"font-size: 10pt; font-family: Arial\">Que t\u2019en semble ? Les filles ?<\/span><\/p>\n<p class=\"MsoNormal\"><strong><span style=\"text-decoration: underline;\"><span style=\"font-size: 10pt; font-family: Arial\">Les essais<\/span><\/span><\/strong><\/p>\n<p class=\"MsoNormal\"><span style=\"font-size: 10pt; font-family: Arial\">\u00ab\u00a0Depuis le temps que je me dis qu&rsquo;il faut que je montre mes \u00ab\u00a0efforts sourcilliens\u00a0\u00bb ;-), je me suis donc prise en photo&#8230; <\/span><\/p>\n<p><a href=\"http:\/\/www.hiboox.fr\/go\/images\/divers\/livcorse9,c4f98ec95798639148bfd90296a0d0e1.jpg.html\" target=\"_blank\" rel=\"noopener\"><img decoding=\"async\" src=\"http:\/\/images4.hiboox.com\/images\/3808\/c4f98ec95798639148bfd90296a0d0e1.jpg\" border=\"0\" alt=\"\" \/><\/a><\/p>\n<p><a href=\"http:\/\/www.hiboox.fr\/go\/images\/divers\/livcorse10,6e19cda1e1b978a85e1a00460ec85ca1.jpg.html\" target=\"_blank\" rel=\"noopener\"><img decoding=\"async\" src=\"http:\/\/images4.hiboox.com\/images\/3808\/6e19cda1e1b978a85e1a00460ec85ca1.jpg\" border=\"0\" alt=\"\" \/><\/a><\/p>\n<p class=\"MsoNormal\"><span style=\"font-size: 10pt; font-family: Arial\">Oui je sais, il y a encore un d\u00e9calage entre le sourcil droit et le gauche, mais je tiens bon, et arrive tr\u00e8s tr\u00e8s progressivement \u00e0 ne pas jouer de la pince \u00e0 \u00e9piler !<\/span><\/p>\n<p class=\"MsoNormal\"><span style=\"font-size: 10pt; font-family: Arial\">Au niveau de maquillage, rien de tr\u00e8s nouveau encore dans les marrons&#8230;mais comme vous pourrez le voir je suis encore un peu bronz\u00e9e (hihihi), et comme cela ne m&rsquo;arrive environ qu&rsquo;une fois par an, je ne sais jamais quoi me mettre sur les yeux! Je perd tous mes rep\u00e8res !! Donc si vous avez des id\u00e9es&#8230;<\/span><\/p>\n<p class=\"MsoNormal\"><span style=\"font-size: 10pt; font-family: Arial\">Ah oui, quelqu&rsquo;un sait il pourquoi mes taches de rousseur sont de sorties d\u00e8s que je met le nez au soleil ! En hiver c&rsquo;est \u00e0 peine si on les remarque, et l\u00e0 je ne vois que \u00e7a !! <\/span><\/p>\n<p class=\"MsoNormal\"><span style=\"font-size: 10pt; font-family: Arial\">Merci d&rsquo;avance&#8230;\u00a0\u00bb<\/span><\/p>\n<p class=\"MsoNormal\"><span style=\"font-size: 10pt; font-family: Arial\"><\/span><span style=\"text-decoration: underline;\"><span style=\"font-size: 10pt; font-family: Arial\">J\u2019en dis <\/span><\/span><\/p>\n<p class=\"MsoNormal\"><span style=\"font-size: 10pt; font-family: Arial\">Ah ben les t\u00e2ches de rousseur sortent avec le soleil, c\u2019est normal, c\u2019est de la m\u00e9lanine ;-) Sur moi \u00e7a fait la m\u00eame chose\u00a0;-)<\/span><\/p>\n<p class=\"MsoNormal\"><span style=\"font-size: 10pt; font-family: Arial\">A part \u00e7a tes yeux sont toujours aussi sublimes, et avec ce bronzage, waow, qu\u2019est-ce que c\u2019est beau\u00a0!<\/span><\/p>\n<p class=\"MsoNormal\"><span style=\"font-size: 10pt; font-family: Arial\">Bravo pour tes efforts sourcilliens\u00a0: c\u2019est g\u00e9nial, il y a une vraie diff\u00e9rence avec avant, et ton regard est bien mieux mis en valeur\u00a0!<\/span><\/p>\n<p class=\"MsoNormal\"><span style=\"font-size: 10pt; font-family: Arial\">C\u00f4t\u00e9 maquillage je dirais qu\u2019il te faut un marron plus chaud, plus dor\u00e9, celui-ci me semble un tout petit peu fade sur toi compte tenu de ton bronzage.<\/span><\/p>\n<p class=\"MsoNormal\"><span style=\"font-size: 10pt; font-family: Arial\">Par ailleurs si tu peux, essaye de mettre le fard sur toute la paupi\u00e8re mobile, jusqu\u2019au pli (l\u00e0 tu t\u2019arr\u00eates un peu en dessous), en suivant vraiment la forme naturelle de la paupi\u00e8re, en amande.<\/span><\/p>\n<p class=\"MsoNormal\"><span style=\"font-size: 10pt; font-family: Arial\">Ca te parle\u00a0?\u00a0;-) Les filles, qu\u2019est-ce que vous en dites\u00a0?<\/span><\/p>\n<p class=\"MsoNormal\"><strong><span style=\"text-decoration: underline;\"><span style=\"font-size: 10pt; font-family: Arial\">Et \u00e7a continue, encore et encore\u2026\u00a0;-))<\/span><\/span><\/strong><\/p>\n<p class=\"MsoNormal\"><span style=\"font-size: 10pt; font-family: Arial\">\u00ab\u00a0Voici une version m\u00e9lange de FAP vert d&rsquo;eau argent\u00e9 et kaki&#8230;des cr\u00e9ateurs de beaut\u00e9&#8230; Je n&rsquo;arrive pas encore \u00e0 remonter plus haut sur la paupi\u00e8re mobile\u2026 mais j&rsquo;essaye!!\u00a0;-) Bises et merci pour les conseils.\u00a0\u00bb<\/span><\/p>\n<p><a href=\"http:\/\/www.hiboox.fr\/go\/images\/divers\/livcorse11,d6a11c1d836326313ffb0c98acb1c14c.jpg.html\" target=\"_blank\" rel=\"noopener\"><img decoding=\"async\" src=\"http:\/\/images4.hiboox.com\/images\/3808\/d6a11c1d836326313ffb0c98acb1c14c.jpg\" border=\"0\" alt=\"\" \/><\/a><\/p>\n<p><a href=\"http:\/\/www.hiboox.fr\/go\/images\/divers\/livcorse12,1944b2ab09b9fa93151650abcc019102.jpg.html\" target=\"_blank\" rel=\"noopener\"><img decoding=\"async\" src=\"http:\/\/images4.hiboox.com\/images\/3808\/1944b2ab09b9fa93151650abcc019102.jpg\" border=\"0\" alt=\"\" \/><\/a><\/p>\n<p class=\"MsoNormal\"><span style=\"font-size: 10pt; font-family: Arial\"><\/span><span style=\"text-decoration: underline;\"><span style=\"font-size: 10pt; font-family: Arial\">J\u2019en dis\u00a0:<\/span><\/span><\/p>\n<p class=\"MsoNormal\"><span style=\"font-size: 10pt; font-family: Arial\">Ahaaaa, on approche d\u2019un genre de couleur assez top sur toi\u00a0! Peut-\u00eatre encore un poil clair, mais tu br\u00fbles de plus en plus\u00a0;-)<\/span><\/p>\n","protected":false},"excerpt":{"rendered":"<p><img decoding=\"async\" src=\"http:\/\/www.monblogdefille.com\/blog\/wp-content\/uploads\/2008\/06\/livcorse-200.jpg\" alt=\"livcorse-200.jpg\" \/><\/p>\n","protected":false},"author":3,"featured_media":124375,"comment_status":"open","ping_status":"open","sticky":false,"template":"","format":"standard","meta":{"footnotes":""},"categories":[1],"tags":[],"class_list":["post-124374","post","type-post","status-publish","format-standard","has-post-thumbnail","hentry","category-uncategorized"],"_links":{"self":[{"href":"https:\/\/www.monblogdefille.com\/blog\/wp-json\/wp\/v2\/posts\/124374","targetHints":{"allow":["GET"]}}],"collection":[{"href":"https:\/\/www.monblogdefille.com\/blog\/wp-json\/wp\/v2\/posts"}],"about":[{"href":"https:\/\/www.monblogdefille.com\/blog\/wp-json\/wp\/v2\/types\/post"}],"author":[{"embeddable":true,"href":"https:\/\/www.monblogdefille.com\/blog\/wp-json\/wp\/v2\/users\/3"}],"replies":[{"embeddable":true,"href":"https:\/\/www.monblogdefille.com\/blog\/wp-json\/wp\/v2\/comments?post=124374"}],"version-history":[{"count":0,"href":"https:\/\/www.monblogdefille.com\/blog\/wp-json\/wp\/v2\/posts\/124374\/revisions"}],"wp:featuredmedia":[{"embeddable":true,"href":"https:\/\/www.monblogdefille.com\/blog\/wp-json\/wp\/v2\/media\/124375"}],"wp:attachment":[{"href":"https:\/\/www.monblogdefille.com\/blog\/wp-json\/wp\/v2\/media?parent=124374"}],"wp:term":[{"taxonomy":"category","embeddable":true,"href":"https:\/\/www.monblogdefille.com\/blog\/wp-json\/wp\/v2\/categories?post=124374"},{"taxonomy":"post_tag","embeddable":true,"href":"https:\/\/www.monblogdefille.com\/blog\/wp-json\/wp\/v2\/tags?post=124374"}],"curies":[{"name":"wp","href":"https:\/\/api.w.org\/{rel}","templated":true}]}}