{"id":124362,"date":"2008-06-11T07:36:52","date_gmt":"2008-06-11T06:36:52","guid":{"rendered":"http:\/\/www.monblogdefille.com\/blog\/20080611a-33-ans-j%e2%80%99ai-pris-une-decision-par-marion"},"modified":"2011-01-04T18:15:08","modified_gmt":"2011-01-04T17:15:08","slug":"a-33-ans-j%e2%80%99ai-pris-une-decision-par-marion","status":"publish","type":"post","link":"https:\/\/www.monblogdefille.com\/blog\/a-33-ans-j%e2%80%99ai-pris-une-decision-par-marion\/","title":{"rendered":"A 33 ans, j\u2019ai pris une d\u00e9cision, par marion"},"content":{"rendered":"<p class=\"MsoNormal\"><img decoding=\"async\" src=\"http:\/\/www.monblogdefille.com\/blog\/wp-content\/uploads\/2008\/03\/tanjore_ecolieres.jpg\" alt=\"tanjore_ecolieres.jpg\" align=\"left\" \/><span style=\"font-size: 10pt; font-family: Arial\">\u00ab Ca ne m\u2019avait jamais vraiment travaill\u00e9e jusque l\u00e0 pourtant \u2026<br \/>\nC\u2019\u00e9tait juste une sorte de fatalit\u00e9 qui touchait les uns et \u00e9pargnait les autres, une petite \u00e9p\u00e9e de Damocl\u00e8s qui pendait au-dessus de ma t\u00eate sans que je la prenne vraiment au s\u00e9rieux.<br \/>\nJ\u2019en ai vu qui se battaient sans rel\u00e2che, ou qui laissaient la nature faire son travail.<br \/>\nJ\u2019en ai vu qui se d\u00e9solaient que \u00e7a leur arrive, d\u2019autres \u00e0 qui \u00e7a ne faisait ni chaud ni froid.<br \/>\nMais comme je ne me sentais pas concern\u00e9e, du moins pas tout de suite, la menace ne me paraissait pas bien palpable. D\u2019ailleurs j\u2019ai eu quelques ann\u00e9es de r\u00e9pit dans la mal\u00e9diction familiale, et j\u2019ai m\u00eame cru un instant que je serais l\u2019exception qui confirme la r\u00e8gle.<\/span><\/p>\n<p class=\"MsoNormal\"><span style=\"font-size: 10pt; font-family: Arial\">Quand ils ont d\u00e9barqu\u00e9, discr\u00e8tement d\u2019abord, je les ai \u00e9limin\u00e9s consciencieusement, un par un, comme si le ph\u00e9nom\u00e8ne allait s\u2019arr\u00eater miraculeusement. Et j\u2019ai mis un mouchoir dessus.<br \/>\nLes ann\u00e9es passant, ils se sont fait plus nombreux, plus visibles, plus pr\u00e9sents. Les cacher devenait un v\u00e9ritable investissement, une surveillance permanente, une lutte continue \u00e0 laquelle je n\u2019ai pas voulu m\u2019astreindre.<br \/>\nPourquoi combattre ? Ils gagneraient toujours ! Alors j\u2019ai d\u00e9cid\u00e9 d\u2019accepter, de laisser faire \u2026<span> <\/span>J\u2019ai m\u00eame failli en faire une fiert\u00e9 personnelle !<br \/>\nJ\u2019entends encore Eric me dire, un sourire en coin : \u00ab vous y viendrez, comme les autres, on y vient toujours \u00bb.<\/span><\/p>\n<p class=\"MsoNormal\"><span style=\"font-size: 10pt; font-family: Arial\">J\u2019ai recul\u00e9, retard\u00e9 tant que j\u2019ai pu, tenu bon. J\u2019ai trouv\u00e9 des pr\u00e9textes, je me suis presque menti, jusqu\u2019\u00e0 ne plus supporter l\u2019\u00e9vidence.<br \/>\nChaque matin dans la glace, ils m\u2019agressaient.<br \/>\nOn les voyait, on me le faisait remarquer, et je devais bien m\u2019y r\u00e9soudre : je vais avoir 33 ans.<\/span><\/p>\n<p class=\"MsoNormal\"><span style=\"font-size: 10pt; font-family: Arial\">La semaine derni\u00e8re, une patiente m\u2019ass\u00e8ne un maladroit \u00ab vous avez des cheveux blancs ! \u00bb et je me mords les l\u00e8vres pour ne pas lui r\u00e9pondre \u00ab qu\u2019est ce que \u00e7a peut vous foutre ! \u00bb<br \/>\n2 minutes plus tard, j\u2019appelais Eric, et prenais rendez vous pour une couleur, une coupe et un brushing. <\/span>\n<\/p>\n<p class=\"MsoNormal\"><span style=\"font-size: 10pt; font-family: Arial\">Pour mon anniversaire, je me suis sentie plus jolie, plus moi. Avant je trouvais mon ch\u00e2tain terne, inint\u00e9ressant. Maintenant je le vois sublime ;-)<\/span><\/p>\n<p class=\"MsoNormal\"><span style=\"font-size: 10pt; font-family: Arial\">Alors ? Les cheveux blancs et vous ?<br \/>\nC\u2019est de l\u2019histoire ancienne ? Une lutte continuelle ? Un compromis bancal ? Une acceptation facile ? <span> <\/span><\/span>\n<\/p>\n<p class=\"MsoNormal\"><span style=\"font-size: 10pt; font-family: Arial\">Sign\u00e9 : marion \u00bb<\/span><\/p>\n","protected":false},"excerpt":{"rendered":"<p>\u00ab Ca ne m\u2019avait jamais vraiment travaill\u00e9e jusque l\u00e0 pourtant \u2026 C\u2019\u00e9tait juste une sorte de fatalit\u00e9 qui touchait les uns et \u00e9pargnait les autres, une petite \u00e9p\u00e9e de Damocl\u00e8s qui pendait au-dessus de ma&#8230;<br \/> <a class=\"read-more\" href=\"https:\/\/www.monblogdefille.com\/blog\/a-33-ans-j%e2%80%99ai-pris-une-decision-par-marion\/\">Lire la suite \u00bb<\/a><\/p>\n","protected":false},"author":3,"featured_media":123973,"comment_status":"open","ping_status":"open","sticky":false,"template":"","format":"standard","meta":{"footnotes":""},"categories":[20095,5377],"tags":[19946],"class_list":["post-124362","post","type-post","status-publish","format-standard","has-post-thumbnail","hentry","category-les-cheveux","category-o-toi-lectrice","tag-cheveux"],"_links":{"self":[{"href":"https:\/\/www.monblogdefille.com\/blog\/wp-json\/wp\/v2\/posts\/124362","targetHints":{"allow":["GET"]}}],"collection":[{"href":"https:\/\/www.monblogdefille.com\/blog\/wp-json\/wp\/v2\/posts"}],"about":[{"href":"https:\/\/www.monblogdefille.com\/blog\/wp-json\/wp\/v2\/types\/post"}],"author":[{"embeddable":true,"href":"https:\/\/www.monblogdefille.com\/blog\/wp-json\/wp\/v2\/users\/3"}],"replies":[{"embeddable":true,"href":"https:\/\/www.monblogdefille.com\/blog\/wp-json\/wp\/v2\/comments?post=124362"}],"version-history":[{"count":0,"href":"https:\/\/www.monblogdefille.com\/blog\/wp-json\/wp\/v2\/posts\/124362\/revisions"}],"wp:featuredmedia":[{"embeddable":true,"href":"https:\/\/www.monblogdefille.com\/blog\/wp-json\/wp\/v2\/media\/123973"}],"wp:attachment":[{"href":"https:\/\/www.monblogdefille.com\/blog\/wp-json\/wp\/v2\/media?parent=124362"}],"wp:term":[{"taxonomy":"category","embeddable":true,"href":"https:\/\/www.monblogdefille.com\/blog\/wp-json\/wp\/v2\/categories?post=124362"},{"taxonomy":"post_tag","embeddable":true,"href":"https:\/\/www.monblogdefille.com\/blog\/wp-json\/wp\/v2\/tags?post=124362"}],"curies":[{"name":"wp","href":"https:\/\/api.w.org\/{rel}","templated":true}]}}