{"id":124290,"date":"2008-05-29T07:39:32","date_gmt":"2008-05-29T05:39:32","guid":{"rendered":"http:\/\/www.monblogdefille.com\/blog\/20080529tests-de-printemps"},"modified":"2014-03-12T15:41:16","modified_gmt":"2014-03-12T14:41:16","slug":"tests-de-printemps","status":"publish","type":"post","link":"https:\/\/www.monblogdefille.com\/blog\/tests-de-printemps\/","title":{"rendered":"Tests de printemps"},"content":{"rendered":"<p class=\"MsoNormal\"><img decoding=\"async\" alt=\"tests-printemps.jpg\" src=\"http:\/\/www.monblogdefille.com\/blog\/wp-content\/uploads\/2008\/05\/tests-printemps.jpg\" align=\"left\" \/><span style=\"font-size: 10pt; font-family: Arial;\">Alors ces derniers temps j\u2019ai test\u00e9 \u00e0 peu pr\u00e8s douze milliards de produits, moyennant quoi j\u2019ai la peau compl\u00e8tement en vrac et j\u2019ai \u00e9t\u00e9 oblig\u00e9e de me remettre \u00e0 la cr\u00e8me Av\u00e8ne compl\u00e9t\u00e9e de Cicalfate. Tout \u00e7a est r\u00e9voltant, j\u2019essaierai plus jamais rien.<\/span><\/p>\n<p class=\"MsoNormal\"><span style=\"font-size: 10pt; font-family: Arial;\">En vrac mais n\u00e9anmoins consciencieuse, je vous livre le r\u00e9sultat de ces essais acharn\u00e9s afin de pr\u00e9server la v\u00f4tre, de peau : <\/span><\/p>\n<p class=\"MsoNormal\"><span style=\"font-size: 10pt; font-family: Arial;\"><strong>Le rassoul :<\/strong><br \/>\nLe top de l\u2019horreur, c\u2019est pas compliqu\u00e9. D\u00e9j\u00e0 sur la boite y\u2019a marqu\u00e9 \u00ab argile \u00bb, limite j\u2019ai fait des signes de croix au-dessus en d\u00e9couvrant \u00e7a.<br \/>\nEnsuite \u00e7a ressemble \u00e0 du caca fra\u00eechement pondu, or depuis l\u2019\u00e2ge de 18 mois j\u2019ai compl\u00e8tement cess\u00e9 d\u2019en \u00e9taler partout.<br \/>\nEnfin \u00e7a nique la peau, tout simplement. En tout cas la mienne, qui est ressortie de l\u00e0 blanche de d\u00e9shydratation et tirant sa race.<br \/>\nPas d\u00e9courag\u00e9e, je me suis dit que j\u2019allais recycler le reste sur mes cheveux. Ben pareil, sauf que \u00e7a tire pas, mais ils \u00e9taient tout mochetingues et craspecs.<br \/>\nJe suis verte, je suis \u00e0 la t\u00eate d\u2019un pot de rassoul de 500 gr, \u00e0 part le filer \u00e0 teatree qui ne jure que par \u00e7a, je vois pas bien quoi en faire (quoi que, pour boucher des trous dans les murs c\u2019est peut-\u00eatre efficace ?).<br \/>\nHeureusement que c\u2019est pas ruineux, 12 \u20ac pour un pot qui me fera toutes les fissures de tous mes murs pendant 10 ans, c\u2019est finalement peut-\u00eatre moins cher que du pl\u00e2tre ? (ben non je connais pas le prix du pl\u00e2tre, enfin, vous me prenez pour qui ??)<\/span><\/p>\n<p class=\"MsoNormal\"><span style=\"font-size: 10pt; font-family: Arial;\"><strong>L\u2019anti-cernes Sisley :<\/strong><br \/>\nZ\u00e9ro point\u00e9. D\u2019abord \u00e7a couvre que dalle, c\u2019est encore un truc de petites joueuse du cerne (de la cerne ? Le doute m\u2019\u00e9treint). Ensuite \u00e7a marque \u00e0 mort les ridules et \u00e7a me file 10 ans de plus, comme si j\u2019avais besoin de \u00e7a, merci bien.<br \/>\nPour 43 \u20ac (jamais j\u2019avais pay\u00e9 un anti-cernes aussi cher et je peux vous dire que suis pas pr\u00e8s de recommencer) il ne manquerait plus que \u00e7a pue, mais gr\u00e2ce au ciel \u00e7a sent bon. En m\u00eame temps on s\u2019en fout un peu, \u00e7a rend pas le truc plus efficace.<\/span><\/p>\n<p class=\"MsoNormal\"><span style=\"font-size: 10pt; font-family: Arial;\"><strong>Le mascara Virtu\u00f4se de Lanc\u00f4me :<\/strong><br \/>\nM\u00eame r\u00e9sultat (j\u2019ai pas eu de bol avec mes tests de printemps), compl\u00e8tement nul : la brosse recourb\u00e9e est infernale \u00e0 utiliser et \u00e7a fait des paquets, ce qui en 2008 me semble proprement scandaleux. J\u2019ai essay\u00e9 de le refiler \u00e0 Delphinoid qui est maudite du cil, elle l\u2019a trouv\u00e9 naze ; elle l\u2019a fil\u00e9 \u00e0 Marion qui a de cils de r\u00eave, elle l\u2019a trouv\u00e9 naze aussi, c\u2019est dire.<br \/>\nCa m\u2019arrive pas souvent de regretter un achat, mais l\u00e0 j\u2019\u00e9tais d\u00e9go\u00fbt\u00e9e d\u2019avoir pay\u00e9 23 \u20ac pour \u00e7a.<\/span><\/p>\n<p class=\"MsoNormal\"><span style=\"font-size: 10pt; font-family: Arial;\"><strong>Le s\u00e9rum anti-taches Clinique Even better :<\/strong><br \/>\nJe me demande comment je peux \u00eatre encore aussi b\u00eate et cr\u00e9dule \u00e0 mon \u00e2ge avanc\u00e9 : bien s\u00fbr que non \u00e7a marche pas, enfin. Encore 45 \u20ac foutus en l\u2019air, bravo H\u00e9l\u00e8ne.<\/span><\/p>\n<p class=\"MsoNormal\"><span style=\"font-size: 10pt; font-family: Arial;\"><strong>Le savon liquide R\u00e9sonances verveine basilic :<\/strong><br \/>\nAh, enfin un truc bien ! Il ne tire pas DU TOUT la peau, je me suis lav\u00e9e les mains comme d\u2019habitude (trad = comme une malade), pas de d\u00e9shydratation, pas besoin de cr\u00e8me dans la journ\u00e9e. Franchement, chapeau, j\u2019en rach\u00e8terai. En plus le bidon fait 500 ml, on en a pour son argent (15 \u20ac).<br \/>\n(et m\u00eame \u00e7a sent bon, le genre frais et discret que j\u2019aime).<\/span><\/p>\n<p class=\"MsoNormal\"><span style=\"font-size: 10pt; font-family: Arial;\"><strong>Le gommage au sel :<\/strong><br \/>\nAh oui mais au sel FIN ! Parce qu\u2019au gros sel c\u2019est l\u2019\u00e9pouvante, je vous rappelle (yes, m\u00eame sur le corps).<br \/>\nEt ben au sel fin, m\u00e9lang\u00e9 \u00e0 une huile qui sent bon (ou pas, chacun sa vie), c\u2019est vachement bien en gommage corps. Je l\u2019ai pas fait \u00e0 l\u2019huile d\u2019olive parce que je me connais, je me serais l\u00e9ch\u00e9 les mollets comme une folle, j\u2019ai une passion d\u00e9lirante pour l\u2019huile d\u2019olive au sel (\u00e9videmment je suis assez souple pour me l\u00e9cher les mollets, d\u00e9j\u00e0 je suis grosse, alors si en plus j\u2019\u00e9tais raide comme un piquet \u00e7a sentirait un peu la mal\u00e9dikcheune, non ?).<\/span><\/p>\n<p class=\"MsoNormal\"><span style=\"font-size: 10pt; font-family: Arial;\"><strong>Le fond de teint min\u00e9ral Gemey Maybelline :<\/strong><br \/>\nAutre bonne surprise : du haut de mon snobisme b\u00eate, j\u2019\u00e9tais persuad\u00e9e que \u00e7a serait de la crotte parce que c\u2019\u00e9tait de la grande distrib pas ch\u00e8re.<br \/>\nPas du tout, tr\u00e8s bon produit, chiant \u00e0 poser comme tous les fond de teint min\u00e9raux que j\u2019ai essay\u00e9, et qui tire la peau par temp\u00e9rature normale, mais \u00e0 mon avis impeccable par grand chaud, quand on a besoin de se maquiller pour de vrai mais que l\u2019id\u00e9e de vrai fond de teint donne envie de se pendre.<br \/>\nNe remplacera \u00e9videmment jamais mon Color Cone bien-aim\u00e9, mais \u00e0 garder sous le coude pour quand j\u2019aurai une sale gueule par temps de canicule.<\/span><\/p>\n<p class=\"MsoNormal\"><span style=\"font-size: 10pt; font-family: Arial;\"><strong>Verdict :<\/strong> la peau n\u2019aime paaaaaas du tout \u00eatre ainsi malmen\u00e9e, elle aime la routine et la douceur.<br \/>\nNe faites surtout pas comme moi, ne changez pas trop souvent de produits et n\u2019essayez pas n\u2019importe quoi juste \u00ab pour rire \u00bb ; perso je ne ris pas du tout, maintenant que je suis couverte d\u2019innommables irritations rouge\u00e2tres que je suis oblig\u00e9e de masquer avec 14 couches de fond de teint, provoquant l\u2019ire de Sonia.<\/span><\/p>\n<p>Retrouvez d&rsquo;autres produits de <a title=\"Beaut\u00e9\" href=\"http:\/\/www.monblogdefille.com\/blog\/\">beaut\u00e9<\/a> pour le teint dans ma <a title=\"Ma routine teint du moment\" href=\"http:\/\/www.monblogdefille.com\/blog\/ma-routine-teint-du-moment-3\">routine teint<\/a> du moment.<\/p>\n","protected":false},"excerpt":{"rendered":"<p class=\"MsoNormal\"><img decoding=\"async\" src=\"http:\/\/www.monblogdefille.com\/blog\/wp-content\/uploads\/2008\/05\/tests-printemps.jpg\" alt=\"tests-printemps.jpg\" align=\"left\" \/><span style=\"font-size: 10pt; font-family: Arial\">Alors ces derniers temps j\u2019ai test\u00e9 \u00e0 peu pr\u00e8s douze milliards de produits, moyennant quoi j\u2019ai la peau compl\u00e8tement en vrac et j\u2019ai \u00e9t\u00e9 oblig\u00e9e de me remettre \u00e0 la cr\u00e8me Av\u00e8ne compl\u00e9t\u00e9e de Cicalfate. Tout \u00e7a est r\u00e9voltant, j\u2019essaierai plus jamais rien.<o :p><\/o><\/span><\/p>\n<p class=\"MsoNormal\">&nbsp;<\/p>\n<p class=\"MsoNormal\"><span style=\"font-size: 10pt; font-family: Arial\"><o :p><\/o>En vrac mais n\u00e9anmoins consciencieuse, je vous livre le r\u00e9sultat de ces essais acharn\u00e9s afin de pr\u00e9server la v\u00f4tre, de peau : <o :p><\/o><\/span><\/p>\n<p class=\"MsoNormal\">&nbsp;<\/p>\n<p class=\"MsoNormal\"><span style=\"font-size: 10pt; font-family: Arial\"><o :p><\/o><strong>Le rassoul :<\/strong><o :p><\/o><br \/>\nLe top de l\u2019horreur, c\u2019est pas compliqu\u00e9. D\u00e9j\u00e0 sur la boite y\u2019a marqu\u00e9 \u00ab argile \u00bb, limite j\u2019ai fait des signes de croix au-dessus en d\u00e9couvrant \u00e7a.<o :p><\/o><br \/>\nEnsuite \u00e7a ressemble \u00e0 du caca fra\u00eechement pondu, or depuis l\u2019\u00e2ge de 18 mois j\u2019ai compl\u00e8tement cess\u00e9 d\u2019en \u00e9taler partout.<o :p><\/o><br \/>\nEnfin \u00e7a nique la peau, tout simplement. En tout cas la mienne, qui est ressortie de l\u00e0 blanche de d\u00e9shydratation et tirant sa race.<o :p><\/o><br \/>\nPas d\u00e9courag\u00e9e, je me suis dit que j\u2019allais recycler le reste sur mes cheveux. Ben pareil, sauf que \u00e7a tire pas, mais ils \u00e9taient tout mochetingues et craspecs.<o :p><\/o><br \/>\nJe suis verte, je suis \u00e0 la t\u00eate d\u2019un pot de rassoul de 500 gr, \u00e0 part le filer \u00e0 teatree qui ne jure que par \u00e7a, je vois pas bien quoi en faire (quoi que, pour boucher des trous dans les murs c\u2019est peut-\u00eatre efficace ?).<o :p><\/o><br \/>\nHeureusement que c\u2019est pas ruineux, 12 \u20ac pour un pot qui me fera toutes les fissures de tous mes murs pendant 10 ans, c\u2019est finalement peut-\u00eatre moins cher que du pl\u00e2tre ? (ben non je connais pas le prix du pl\u00e2tre, enfin, vous me prenez pour qui ??)<o :p><\/o><\/span>\n<\/p>\n<p class=\"MsoNormal\">&nbsp;<\/p>\n<p class=\"MsoNormal\"><span style=\"font-size: 10pt; font-family: Arial\"><o :p><\/o><strong>L\u2019anti-cernes Sisley :<\/strong><o :p><\/o><br \/>\nZ\u00e9ro point\u00e9. D\u2019abord \u00e7a couvre que dalle, c\u2019est encore un truc de petites joueuse du cerne (de la cerne ? Le doute m\u2019\u00e9treint). Ensuite \u00e7a marque \u00e0 mort les ridules et \u00e7a me file 10 ans de plus, comme si j\u2019avais besoin de \u00e7a, merci bien.<o :p><\/o><br \/>\nPour 43 \u20ac (jamais j\u2019avais pay\u00e9 un anti-cernes aussi cher et je peux vous dire que suis pas pr\u00e8s de recommencer) il ne manquerait plus que \u00e7a pue, mais gr\u00e2ce au ciel \u00e7a sent bon. En m\u00eame temps on s\u2019en fout un peu, \u00e7a rend pas le truc plus efficace.<o :p><\/o><\/span>\n<\/p>\n<p class=\"MsoNormal\">&nbsp;<\/p>\n<p class=\"MsoNormal\"><span style=\"font-size: 10pt; font-family: Arial\"><o :p><\/o><strong>Le mascara Virtu\u00f4se de Lanc\u00f4me :<\/strong><o :p><\/o><br \/>\nM\u00eame r\u00e9sultat (j\u2019ai pas eu de bol avec mes tests de printemps), compl\u00e8tement nul : la brosse recourb\u00e9e est infernale \u00e0 utiliser et \u00e7a fait des paquets, ce qui en 2008 me semble proprement scandaleux. J\u2019ai essay\u00e9 de le refiler \u00e0 Delphinoid qui est maudite du cil, elle l\u2019a trouv\u00e9 naze ; elle l\u2019a fil\u00e9 \u00e0 Marion qui a de cils de r\u00eave, elle l\u2019a trouv\u00e9 naze aussi, c\u2019est dire.<o :p><\/o><br \/>\nCa m\u2019arrive pas souvent de regretter un achat, mais l\u00e0 j\u2019\u00e9tais d\u00e9go\u00fbt\u00e9e d\u2019avoir pay\u00e9 23 \u20ac pour \u00e7a.<o :p><\/o><\/span>\n<\/p>\n<p class=\"MsoNormal\">&nbsp;<\/p>\n<p class=\"MsoNormal\"><span style=\"font-size: 10pt; font-family: Arial\"><o :p><\/o><strong>Le s\u00e9rum anti-taches Clinique Even better :<\/strong><o :p><\/o><br \/>\nJe me demande comment je peux \u00eatre encore aussi b\u00eate et cr\u00e9dule \u00e0 mon \u00e2ge avanc\u00e9 : bien s\u00fbr que non \u00e7a marche pas, enfin. Encore 45 \u20ac foutus en l\u2019air, bravo H\u00e9l\u00e8ne.<o :p><\/o><\/span>\n<\/p>\n<p class=\"MsoNormal\">&nbsp;<\/p>\n<p class=\"MsoNormal\"><span style=\"font-size: 10pt; font-family: Arial\"><o :p><\/o><strong>Le savon liquide R\u00e9sonances verveine basilic :<\/strong><o :p><\/o><br \/>\nAh, enfin un truc bien ! Il ne tire pas DU TOUT la peau, je me suis lav\u00e9e les mains comme d\u2019habitude (trad = comme une malade), pas de d\u00e9shydratation, pas besoin de cr\u00e8me dans la journ\u00e9e. Franchement, chapeau, j\u2019en rach\u00e8terai. En plus le bidon fait 500 ml, on en a pour son argent (15 \u20ac).<o :p><\/o><br \/>\n(et m\u00eame \u00e7a sent bon, le genre frais et discret que j\u2019aime).<o :p><\/o><\/span>\n<\/p>\n<p class=\"MsoNormal\">&nbsp;<\/p>\n<p class=\"MsoNormal\"><span style=\"font-size: 10pt; font-family: Arial\"><o :p><\/o><strong>Le gommage au sel :<\/strong><o :p><\/o><br \/>\nAh oui mais au sel FIN ! Parce qu\u2019au gros sel c\u2019est l\u2019\u00e9pouvante, je vous rappelle (yes, m\u00eame sur le corps).<o :p><\/o><br \/>\nEt ben au sel fin, m\u00e9lang\u00e9 \u00e0 une huile qui sent bon (ou pas, chacun sa vie), c\u2019est vachement bien en gommage corps. Je l\u2019ai pas fait \u00e0 l\u2019huile d\u2019olive parce que je me connais, je me serais l\u00e9ch\u00e9 les mollets comme une folle, j\u2019ai une passion d\u00e9lirante pour l\u2019huile d\u2019olive au sel (\u00e9videmment je suis assez souple pour me l\u00e9cher les mollets, d\u00e9j\u00e0 je suis grosse, alors si en plus j\u2019\u00e9tais raide comme un piquet \u00e7a sentirait un peu la mal\u00e9dikcheune, non ?).<o :p><\/o><\/span>\n<\/p>\n<p class=\"MsoNormal\">&nbsp;<\/p>\n<p class=\"MsoNormal\"><span style=\"font-size: 10pt; font-family: Arial\"><o :p><\/o><strong>Le fond de teint min\u00e9ral Gemey Maybelline :<\/strong><o :p><\/o><br \/>\nAutre bonne surprise : du haut de mon snobisme b\u00eate, j\u2019\u00e9tais persuad\u00e9e que \u00e7a serait de la crotte parce que c\u2019\u00e9tait de la grande distrib pas ch\u00e8re. <o :p><\/o><br \/>\nPas du tout, tr\u00e8s bon produit, chiant \u00e0 poser comme tous les fond de teint min\u00e9raux que j\u2019ai essay\u00e9, et qui tire la peau par temp\u00e9rature normale, mais \u00e0 mon avis impeccable par grand chaud, quand on a besoin de se maquiller pour de vrai mais que l\u2019id\u00e9e de vrai fond de teint donne envie de se pendre.<o :p><\/o><br \/>\nNe remplacera \u00e9videmment jamais mon Color Cone bien-aim\u00e9, mais \u00e0 garder sous le coude pour quand j\u2019aurai une sale gueule par temps de canicule.<o :p><\/o><\/span>\n<\/p>\n<p class=\"MsoNormal\">&nbsp;<\/p>\n<p class=\"MsoNormal\"><span style=\"font-size: 10pt; font-family: Arial\"><o :p><\/o><strong>Verdict :<\/strong> la peau n\u2019aime paaaaaas du tout \u00eatre ainsi malmen\u00e9e, elle aime la routine et la douceur. <o :p><\/o><br \/>\nNe faites surtout pas comme moi, ne changez pas trop souvent de produits et n\u2019essayez pas n\u2019importe quoi juste \u00ab pour rire \u00bb ; perso je ne ris pas du tout, maintenant que je suis couverte d\u2019innommables irritations rouge\u00e2tres que je suis oblig\u00e9e de masquer avec 14 couches de fond de teint, provoquant l\u2019ire de Sonia.<o :p><\/o><\/span>\n<\/p>\n<p class=\"MsoNormal\">&nbsp;<\/p>\n","protected":false},"author":3,"featured_media":124291,"comment_status":"open","ping_status":"open","sticky":false,"template":"","format":"standard","meta":{"footnotes":""},"categories":[1489],"tags":[19989,20088,19952,19975],"class_list":["post-124290","post","type-post","status-publish","format-standard","has-post-thumbnail","hentry","category-le-soin","tag-contour-des-yeux","tag-fond-de-teint","tag-mascara","tag-teint-parfait"],"_links":{"self":[{"href":"https:\/\/www.monblogdefille.com\/blog\/wp-json\/wp\/v2\/posts\/124290","targetHints":{"allow":["GET"]}}],"collection":[{"href":"https:\/\/www.monblogdefille.com\/blog\/wp-json\/wp\/v2\/posts"}],"about":[{"href":"https:\/\/www.monblogdefille.com\/blog\/wp-json\/wp\/v2\/types\/post"}],"author":[{"embeddable":true,"href":"https:\/\/www.monblogdefille.com\/blog\/wp-json\/wp\/v2\/users\/3"}],"replies":[{"embeddable":true,"href":"https:\/\/www.monblogdefille.com\/blog\/wp-json\/wp\/v2\/comments?post=124290"}],"version-history":[{"count":0,"href":"https:\/\/www.monblogdefille.com\/blog\/wp-json\/wp\/v2\/posts\/124290\/revisions"}],"wp:featuredmedia":[{"embeddable":true,"href":"https:\/\/www.monblogdefille.com\/blog\/wp-json\/wp\/v2\/media\/124291"}],"wp:attachment":[{"href":"https:\/\/www.monblogdefille.com\/blog\/wp-json\/wp\/v2\/media?parent=124290"}],"wp:term":[{"taxonomy":"category","embeddable":true,"href":"https:\/\/www.monblogdefille.com\/blog\/wp-json\/wp\/v2\/categories?post=124290"},{"taxonomy":"post_tag","embeddable":true,"href":"https:\/\/www.monblogdefille.com\/blog\/wp-json\/wp\/v2\/tags?post=124290"}],"curies":[{"name":"wp","href":"https:\/\/api.w.org\/{rel}","templated":true}]}}