{"id":124254,"date":"2008-05-23T07:13:09","date_gmt":"2008-05-23T05:13:09","guid":{"rendered":"http:\/\/www.monblogdefille.com\/blog\/20080523le-make-up-du-jour-n%c2%b0-2"},"modified":"2009-09-30T18:13:11","modified_gmt":"2009-09-30T16:13:11","slug":"le-make-up-du-jour-n%c2%b0-2","status":"publish","type":"post","link":"https:\/\/www.monblogdefille.com\/blog\/le-make-up-du-jour-n%c2%b0-2\/","title":{"rendered":"Le make up du jour, n\u00b0 2 (bleu et dor\u00e9)"},"content":{"rendered":"<p class=\"MsoNormal\"><img decoding=\"async\" src=\"http:\/\/www.monblogdefille.com\/blog\/wp-content\/uploads\/2008\/05\/mudj-2-1.jpg\" alt=\"mudj-2-1.jpg\" \/><\/p>\n<p class=\"MsoNormal\"><img decoding=\"async\" src=\"http:\/\/www.monblogdefille.com\/blog\/wp-content\/uploads\/2008\/05\/mudj-2-2.jpg\" alt=\"mudj-2-2.jpg\" \/><\/p>\n<p class=\"MsoNormal\"><u><span style=\"font-size: 10pt; font-family: Arial\">Teint <o><\/o><\/span><\/u><br \/>\n<span style=\"font-size: 10pt; font-family: Arial\"><\/span><\/p>\n<p class=\"MsoNormal\"><span style=\"font-size: 10pt; font-family: Arial\" lang=\"EN-GB\">Fond de teint : Helene Rubinstein Color Clone Cream n\u00b0 21 <o><\/o><br \/>\nM\u00e9lang\u00e9 au Fluide Embelliseur Armani n\u00b0 2<o><\/o><br \/>\n<\/span><\/p>\n<p class=\"MsoNormal\"><span style=\"font-size: 10pt; font-family: Arial\" lang=\"EN-GB\">Anticernes : MAC , Studio finish concealer C25<o><\/o><br \/>\n<\/span><\/p>\n<p class=\"MsoNormal\"><span style=\"font-size: 10pt; font-family: Arial\" lang=\"EN-GB\">Poudre : MAC Mineralize skin finish Medium<o><\/o><br \/>\n<\/span><\/p>\n<p class=\"MsoNormal\"><span style=\"font-size: 10pt; font-family: Arial\" lang=\"EN-GB\">Blush : Revlon Chic touch Emotion rose n\u00b0 304<o><\/o><\/span><br \/>\n<u><span style=\"font-size: 10pt; font-family: Arial\"><\/span><\/u><\/p>\n<p class=\"MsoNormal\"><u><span style=\"font-size: 10pt; font-family: Arial\">Yeux <o><\/o><\/span><\/u><br \/>\n<span style=\"font-size: 10pt; font-family: Arial\"><\/span><\/p>\n<p class=\"MsoNormal\"><span style=\"font-size: 10pt; font-family: Arial\">Prep+Prime MAC Light : sur toute la paupi\u00e8re sup\u00e9rieure, jusqu\u2019aux sourcils<o><\/o><br \/>\n<\/span><\/p>\n<p class=\"MsoNormal\"><span style=\"font-size: 10pt; font-family: Arial\">Fard poudre MAC Submarine frost : sur la paupi\u00e8re mobile sup\u00e9rieure et au ras des cils du bas<o><\/o><br \/>\n<\/span><\/p>\n<p class=\"MsoNormal\"><span style=\"font-size: 10pt; font-family: Arial\">Fard cr\u00e8me Shiseido dor\u00e9 clair H9 : en estompe du bleu sur la paupi\u00e8re mobile et fixe, en haut ; au creux interne de l\u2019\u0153il ; et enfin l\u00e9g\u00e8rement \u00e9tir\u00e9 au ras des cils \u00e0 partir du coin interne, en haut et en bas.<o><\/o><br \/>\n<\/span><\/p>\n<p class=\"MsoNormal\"><span style=\"font-size: 10pt; font-family: Arial\">Mascara noir La Roche Posay (avec brosse Maximeyes de Dior) des deux c\u00f4t\u00e9s des cils du haut, cette fois ;-)<o><\/o><\/span><br \/>\n<u><span style=\"font-size: 10pt; font-family: Arial\"><\/span><\/u>\n<\/p>\n<p class=\"MsoNormal\"><u><span style=\"font-size: 10pt; font-family: Arial\">Pinceaux<o><\/o><\/span><\/u><\/p>\n<p class=\"MsoNormal\"><span style=\"font-size: 10pt; font-family: Arial\"><o><\/o>Je vous ai refait des photos o\u00f9 on les voit en gros plan, parce que sinon \u00e7a sert pas \u00e0 grand-chose, m\u00eame si le tire-bouchon est marrant ;-)<o><\/o><\/span><\/p>\n<p class=\"MsoNormal\"><span style=\"font-size: 10pt; font-family: Arial\"><o><\/o>Pinceau \u00e0 anti-cernes (pour l\u2019anti-cernes et la base Prep+Prime), MAC n\u00b0 249<\/span><\/p>\n<p class=\"MsoNormal\"><img decoding=\"async\" src=\"http:\/\/www.monblogdefille.com\/blog\/wp-content\/uploads\/2008\/05\/mac-249.jpg\" alt=\"mac-249.jpg\" \/><\/p>\n<p class=\"MsoNormal\"><span style=\"font-size: 10pt; font-family: Arial\"><o><\/o>Pinceau plat (pour le fard poudre bleu) Shu Uemura n\u00b0 10, mais le MAC n\u00b0 242 est plut\u00f4t mieux, pour moins cher ;-)<\/span><\/p>\n<p class=\"MsoNormal\"><img decoding=\"async\" src=\"http:\/\/www.monblogdefille.com\/blog\/wp-content\/uploads\/2008\/05\/shu-uemura-10.jpg\" alt=\"shu-uemura-10.jpg\" \/><\/p>\n<p class=\"MsoNormal\"><span style=\"font-size: 10pt; font-family: Arial\"><o><\/o>Pinceau biseaut\u00e9 (pour dessiner le coin interne de l\u2019\u0153il au fard dor\u00e9), MAC n\u00b0 266<\/span><\/p>\n<p class=\"MsoNormal\"><img decoding=\"async\" src=\"http:\/\/www.monblogdefille.com\/blog\/wp-content\/uploads\/2008\/05\/mac-266.jpg\" alt=\"mac-266.jpg\" \/><\/p>\n<p class=\"MsoNormal\"><span style=\"font-size: 10pt; font-family: Arial\"><o><\/o>Pinceau plat fin et allong\u00e9 (pour \u00e9tirer le fard dor\u00e9 au ras des cils), MAC n\u00b0 194<\/span><\/p>\n<p class=\"MsoNormal\"><img decoding=\"async\" src=\"http:\/\/www.monblogdefille.com\/blog\/wp-content\/uploads\/2008\/05\/mac-194.jpg\" alt=\"mac-194.jpg\" \/><\/p>\n<p class=\"MsoNormal\"><span style=\"font-size: 10pt; font-family: Arial\"><o><\/o>Index droit pour estomper le dor\u00e9 sur la paupi\u00e8re mobile ;-)<o><\/o><\/span><\/p>\n","protected":false},"excerpt":{"rendered":"<p><img decoding=\"async\" src=\"http:\/\/www.monblogdefille.com\/blog\/wp-content\/uploads\/2008\/05\/mudj-2-1.jpg\" alt=\"mudj-2-1.jpg\" \/><\/p>\n","protected":false},"author":3,"featured_media":124255,"comment_status":"open","ping_status":"open","sticky":false,"template":"","format":"standard","meta":{"footnotes":""},"categories":[1485],"tags":[19999],"class_list":["post-124254","post","type-post","status-publish","format-standard","has-post-thumbnail","hentry","category-le-maquillage","tag-tutos-photos-maquillage"],"_links":{"self":[{"href":"https:\/\/www.monblogdefille.com\/blog\/wp-json\/wp\/v2\/posts\/124254","targetHints":{"allow":["GET"]}}],"collection":[{"href":"https:\/\/www.monblogdefille.com\/blog\/wp-json\/wp\/v2\/posts"}],"about":[{"href":"https:\/\/www.monblogdefille.com\/blog\/wp-json\/wp\/v2\/types\/post"}],"author":[{"embeddable":true,"href":"https:\/\/www.monblogdefille.com\/blog\/wp-json\/wp\/v2\/users\/3"}],"replies":[{"embeddable":true,"href":"https:\/\/www.monblogdefille.com\/blog\/wp-json\/wp\/v2\/comments?post=124254"}],"version-history":[{"count":0,"href":"https:\/\/www.monblogdefille.com\/blog\/wp-json\/wp\/v2\/posts\/124254\/revisions"}],"wp:featuredmedia":[{"embeddable":true,"href":"https:\/\/www.monblogdefille.com\/blog\/wp-json\/wp\/v2\/media\/124255"}],"wp:attachment":[{"href":"https:\/\/www.monblogdefille.com\/blog\/wp-json\/wp\/v2\/media?parent=124254"}],"wp:term":[{"taxonomy":"category","embeddable":true,"href":"https:\/\/www.monblogdefille.com\/blog\/wp-json\/wp\/v2\/categories?post=124254"},{"taxonomy":"post_tag","embeddable":true,"href":"https:\/\/www.monblogdefille.com\/blog\/wp-json\/wp\/v2\/tags?post=124254"}],"curies":[{"name":"wp","href":"https:\/\/api.w.org\/{rel}","templated":true}]}}