{"id":124239,"date":"2008-05-19T08:01:52","date_gmt":"2008-05-19T06:01:52","guid":{"rendered":"http:\/\/www.monblogdefille.com\/blog\/20080519le-tire-comedons-ennemi-ancestral-de-l%e2%80%99ambassadeur"},"modified":"2008-05-23T15:31:58","modified_gmt":"2008-05-23T13:31:58","slug":"le-tire-comedons-ennemi-ancestral-de-l%e2%80%99ambassadeur","status":"publish","type":"post","link":"https:\/\/www.monblogdefille.com\/blog\/le-tire-comedons-ennemi-ancestral-de-l%e2%80%99ambassadeur\/","title":{"rendered":"Le tire-com\u00e9dons, ennemi ancestral de l\u2019ambassadeur"},"content":{"rendered":"<p class=\"MsoNormal\"><img decoding=\"async\" src=\"http:\/\/www.monblogdefille.com\/blog\/wp-content\/uploads\/2008\/05\/tire-comedons-1.jpg\" alt=\"tire-comedons-1.jpg\" align=\"left\" \/><span style=\"font-size: 10pt; font-family: Arial\">Or donc \u00e0 mon \u00e2ge avanc\u00e9 je ne connaissais pas le tire-com\u00e9dons. Je savais que \u00e7a existait, \u0153uf corse, mais j\u2019en avais jamais utilis\u00e9.<o><\/o><\/span><\/p>\n<p class=\"MsoNormal\"><span style=\"font-size: 10pt; font-family: Arial\"><o><\/o>Et puis un jour chez Sephopouet je suis pass\u00e9e devant l\u2019engin diabolique, d\u00e8s lors ma vie n\u2019a plus jamais \u00e9t\u00e9 la m\u00eame.<o><\/o><br \/>\nS\u2019il vous prend l\u2019id\u00e9e tordue de vous regarder dans un miroir grossissant alors que vous avez le bidule \u00e0 port\u00e9e de main, vous \u00eates foutue :<o><\/o><br \/>\nVous vous mettez \u00e0 extirper les points noirs comme une malade (et en grognant de satisfaction), et vous finissez le nez rouge et gonfl\u00e9 alors que vous allez \u00e0 la soir\u00e9e de l\u2019ambassadeur dans une demi-heure et que vous aviez pass\u00e9 45 minutes \u00e0 vous maquiller.<o><\/o><\/span>\n<\/p>\n<p class=\"MsoNormal\"><span style=\"font-size: 10pt; font-family: Arial\"><o><\/o>J\u2019ai essay\u00e9 de r\u00e9sister, en vain. La soir\u00e9e de l\u2019ambassadeur, \u00e0 laquelle je me rends religieusement tous les premiers mardis du mois pour manger des Ferreiro en buvant du Martini bianco (avec des gla\u00e7ons please), passe bien apr\u00e8s l\u2019immense satisfaction de virer ces saloperies sans faire de marques.<o><\/o><\/span><\/p>\n<p class=\"MsoNormal\"><span style=\"font-size: 10pt; font-family: Arial\"><o><\/o>Ah ben oui, quand j\u2019\u00e9tais jeune et b\u00eate et que je combattais le com\u00e9don \u00e0 mains nues, j\u2019y allais \u00e0 la sauvage sans m\u00eame un kleenex autour des ongles, et des fois m\u00eame je m\u2019arrachais la peau. J\u2019\u00e9tais jolie \u00e0 15 ans tiens.<o><\/o><\/span><\/p>\n<p class=\"MsoNormal\"><span style=\"font-size: 10pt; font-family: Arial\"><o><\/o>Voici une autre photo de la b\u00eate : <\/span><\/p>\n<p class=\"MsoNormal\"><img decoding=\"async\" src=\"http:\/\/www.monblogdefille.com\/blog\/wp-content\/uploads\/2008\/05\/tire-comedons-2.jpg\" alt=\"tire-comedons-2.jpg\" align=\"left\" \/><span style=\"font-size: 10pt; font-family: Arial\"><\/span><\/p>\n<p class=\"MsoNormal\"><span style=\"font-size: 10pt; font-family: Arial\">Ca n\u2019a l\u2019air de rien comme \u00e7a, mais ne vous y fiez pas et pr\u00e9venez vos amis ambassadeurs que vous risquez d\u00e9sormais d\u2019\u00eatre moins ponctuelle (ou d\u2019arriver avec le nez rouge avant m\u00eame d\u2019avoir bu du Martini bianco, chacun ses priorit\u00e9s dans la vie).<o><\/o><\/span><\/p>\n","protected":false},"excerpt":{"rendered":"<p class=\"MsoNormal\"><img decoding=\"async\" src=\"http:\/\/www.monblogdefille.com\/blog\/wp-content\/uploads\/2008\/05\/tire-comedons-1.jpg\" alt=\"tire-comedons-1.jpg\" align=\"left\" \/><span style=\"font-size: 10pt; font-family: Arial\">Or donc \u00e0 mon \u00e2ge avanc\u00e9 je ne connaissais pas le tire-com\u00e9dons. Je savais que \u00e7a existait, \u0153uf corse, mais j\u2019en avais jamais utilis\u00e9.<o><\/o><\/span><\/p>\n<p class=\"MsoNormal\">&nbsp;<\/p>\n<p class=\"MsoNormal\"><span style=\"font-size: 10pt; font-family: Arial\"><o><\/o>Et puis un jour chez Sephopouet je suis pass\u00e9e devant l\u2019engin diabolique, d\u00e8s lors ma vie n\u2019a plus jamais \u00e9t\u00e9 la m\u00eame.<o><\/o><br \/>\nS\u2019il vous prend l\u2019id\u00e9e tordue de vous regarder dans un miroir grossissant alors que vous avez le bidule \u00e0 port\u00e9e de main, vous \u00eates foutue :<o><\/o><br \/>\nVous vous mettez \u00e0 extirper les points noirs comme une malade (et en grognant de satisfaction), et vous finissez le nez rouge et gonfl\u00e9 alors que vous allez \u00e0 la soir\u00e9e de l\u2019ambassadeur dans une demi-heure et que vous aviez pass\u00e9 45 minutes \u00e0 vous maquiller.<o><\/o><\/span>\n<\/p>\n<p class=\"MsoNormal\"><span style=\"font-size: 10pt; font-family: Arial\"><o><\/o>J\u2019ai essay\u00e9 de r\u00e9sister, en vain. La soir\u00e9e de l\u2019ambassadeur, \u00e0 laquelle je me rends religieusement tous les premiers mardis du mois pour manger des Ferreiro en buvant du Martini bianco (avec des gla\u00e7ons please), passe bien apr\u00e8s l\u2019immense satisfaction de virer ces saloperies sans faire de marques.<o><\/o><\/span><\/p>\n<p class=\"MsoNormal\">&nbsp;<\/p>\n<p class=\"MsoNormal\"><span style=\"font-size: 10pt; font-family: Arial\"><o><\/o>Ah ben oui, quand j\u2019\u00e9tais jeune et b\u00eate et que je combattais le com\u00e9don \u00e0 mains nues, j\u2019y allais \u00e0 la sauvage sans m\u00eame un kleenex autour des ongles, et des fois m\u00eame je m\u2019arrachais la peau. J\u2019\u00e9tais jolie \u00e0 15 ans tiens.<o><\/o><\/span><\/p>\n<p class=\"MsoNormal\">&nbsp;<\/p>\n<p class=\"MsoNormal\"><span style=\"font-size: 10pt; font-family: Arial\"><o><\/o>Voici une autre photo de la b\u00eate : <\/span><\/p>\n<p class=\"MsoNormal\"><img decoding=\"async\" src=\"http:\/\/www.monblogdefille.com\/blog\/wp-content\/uploads\/2008\/05\/tire-comedons-2.jpg\" alt=\"tire-comedons-2.jpg\" align=\"left\" \/><span style=\"font-size: 10pt; font-family: Arial\"><\/span><\/p>\n<p class=\"MsoNormal\">&nbsp;<\/p>\n<p class=\"MsoNormal\">&nbsp;<\/p>\n<p class=\"MsoNormal\">&nbsp;<\/p>\n<p class=\"MsoNormal\">&nbsp;<\/p>\n<p class=\"MsoNormal\">&nbsp;<\/p>\n<p class=\"MsoNormal\">&nbsp;<\/p>\n<p class=\"MsoNormal\">&nbsp;<\/p>\n<p class=\"MsoNormal\">&nbsp;<\/p>\n<p class=\"MsoNormal\">&nbsp;<\/p>\n<p class=\"MsoNormal\">&nbsp;<\/p>\n<p class=\"MsoNormal\"><span style=\"font-size: 10pt; font-family: Arial\">Ca n\u2019a l\u2019air de rien comme \u00e7a, mais ne vous y fiez pas et pr\u00e9venez vos amis ambassadeurs que vous risquez d\u00e9sormais d\u2019\u00eatre moins ponctuelle (ou d\u2019arriver avec le nez rouge avant m\u00eame d\u2019avoir bu du Martini bianco, chacun ses priorit\u00e9s dans la vie).<o><\/o><\/span><\/p>\n<p class=\"MsoNormal\">&nbsp;<\/p>\n","protected":false},"author":3,"featured_media":124237,"comment_status":"open","ping_status":"open","sticky":false,"template":"","format":"standard","meta":{"footnotes":""},"categories":[1475],"tags":[19975],"class_list":["post-124239","post","type-post","status-publish","format-standard","has-post-thumbnail","hentry","category-divers","tag-teint-parfait"],"_links":{"self":[{"href":"https:\/\/www.monblogdefille.com\/blog\/wp-json\/wp\/v2\/posts\/124239","targetHints":{"allow":["GET"]}}],"collection":[{"href":"https:\/\/www.monblogdefille.com\/blog\/wp-json\/wp\/v2\/posts"}],"about":[{"href":"https:\/\/www.monblogdefille.com\/blog\/wp-json\/wp\/v2\/types\/post"}],"author":[{"embeddable":true,"href":"https:\/\/www.monblogdefille.com\/blog\/wp-json\/wp\/v2\/users\/3"}],"replies":[{"embeddable":true,"href":"https:\/\/www.monblogdefille.com\/blog\/wp-json\/wp\/v2\/comments?post=124239"}],"version-history":[{"count":0,"href":"https:\/\/www.monblogdefille.com\/blog\/wp-json\/wp\/v2\/posts\/124239\/revisions"}],"wp:featuredmedia":[{"embeddable":true,"href":"https:\/\/www.monblogdefille.com\/blog\/wp-json\/wp\/v2\/media\/124237"}],"wp:attachment":[{"href":"https:\/\/www.monblogdefille.com\/blog\/wp-json\/wp\/v2\/media?parent=124239"}],"wp:term":[{"taxonomy":"category","embeddable":true,"href":"https:\/\/www.monblogdefille.com\/blog\/wp-json\/wp\/v2\/categories?post=124239"},{"taxonomy":"post_tag","embeddable":true,"href":"https:\/\/www.monblogdefille.com\/blog\/wp-json\/wp\/v2\/tags?post=124239"}],"curies":[{"name":"wp","href":"https:\/\/api.w.org\/{rel}","templated":true}]}}