{"id":124224,"date":"2008-05-16T08:14:57","date_gmt":"2008-05-16T06:14:57","guid":{"rendered":"http:\/\/www.monblogdefille.com\/blog\/20080516le-make-up-du-jour"},"modified":"2009-09-30T18:13:35","modified_gmt":"2009-09-30T16:13:35","slug":"le-make-up-du-jour","status":"publish","type":"post","link":"https:\/\/www.monblogdefille.com\/blog\/le-make-up-du-jour\/","title":{"rendered":"Le make up du jour, n\u00b0 1 (nude chic)"},"content":{"rendered":"<p class=\"MsoNormal\"><span style=\"font-size: 10pt; font-family: Arial\">Les enfants je viens d\u2019avoir une id\u00e9e qui m\u2019enchante et qui pourrait vous en donner, des id\u00e9es : on dirait que je testerais des make up sur moi, que je les prendrais en photo en notant les r\u00e9f\u00e9rences des fards utilis\u00e9s pour que vous sachiez comment \u00e7a marche, et que je mettrai tout \u00e7a en ligne.<o><\/o><\/span><\/p>\n<p><span style=\"font-size: 10pt; font-family: Arial\"><o><\/o>Alors on est bien d\u2019accord, le but n\u2019est absolument pas que vous disiez \u00ab c\u2019est magnifique \u00bb ou \u00ab tes yeux sont immondes \u00bb, mais que vous preniez \u00e9ventuellement des id\u00e9es de make up, c\u2019est tout ;-)<o><\/o><\/span><\/p>\n<p class=\"MsoNormal\"><span style=\"font-size: 10pt; font-family: Arial\"><o><\/o>Et si ce make up pr\u00e9cis ne vous apporte rien, merci de ne pas aller rugir \u00ab mais c\u2019est compl\u00e8tement naze, quel int\u00e9r\u00eat ?? \u00bb, hm ? ;-)<\/span><\/p>\n<p class=\"MsoNormal\">C&rsquo;est parti :<\/p>\n<p class=\"MsoNormal\"><img decoding=\"async\" src=\"http:\/\/www.monblogdefille.com\/blog\/wp-content\/uploads\/2008\/05\/mudj-1.jpg\" alt=\"mudj-1.jpg\" \/><\/p>\n<p class=\"MsoNormal\"><img decoding=\"async\" src=\"http:\/\/www.monblogdefille.com\/blog\/wp-content\/uploads\/2008\/05\/mudj2.jpg\" alt=\"mudj2.jpg\" \/><\/p>\n<p class=\"MsoNormal\"><span style=\"font-size: 10pt; font-family: Arial\"><o><\/o><\/span><u><span style=\"font-size: 10pt; font-family: Arial\">Teint <\/span><\/u><span style=\"font-size: 10pt; font-family: Arial\">(on n\u2019en voit pas grand-chose mais c\u2019est important quand m\u00eame ;-)<u><o><\/o><\/u><\/span><\/p>\n<p class=\"MsoNormal\"><span style=\"font-size: 10pt; font-family: Arial\">Fond de teint : Helene Rubinstein Color Clone Cream n\u00b0 21 (3 pressions)<o><\/o><br \/>\nM\u00e9lang\u00e9 au Fluide Embelliseur Armani n\u00b0 2 (1 pression)<o><\/o><\/span>\n<\/p>\n<p class=\"MsoNormal\"><span style=\"font-size: 10pt; font-family: Arial\" lang=\"EN-GB\">Anticernes : MAC , Studio finish concealer C25<o><\/o><\/span><\/p>\n<p class=\"MsoNormal\"><span style=\"font-size: 10pt; font-family: Arial\" lang=\"EN-GB\"><o><\/o>Poudre : MAC Mineralize skin finish Medium<o><\/o><\/span><\/p>\n<p class=\"MsoNormal\"><span style=\"font-size: 10pt; font-family: Arial\" lang=\"EN-GB\"><o><\/o>Blush : Revlon Chic touch Emotion rose n\u00b0 304<o><\/o><\/span><\/p>\n<p class=\"MsoNormal\"><span style=\"font-size: 10pt; font-family: Arial\" lang=\"EN-GB\"><o><\/o><\/span><\/p>\n<p class=\"MsoNormal\"><u><span style=\"font-size: 10pt; font-family: Arial\" lang=\"EN-GB\">Yeux <o><\/o><\/span><\/u><\/p>\n<p class=\"MsoNormal\"><span style=\"font-size: 10pt; font-family: Arial\"><o><\/o>Prep+Prime MAC Light : sur toute la paupi\u00e8re sup\u00e9rieure, jusqu\u2019aux sourcils<o><\/o><\/span><\/p>\n<p class=\"MsoNormal\"><span style=\"font-size: 10pt; font-family: Arial\"><o><\/o>Fard poudre L\u2019Or\u00e9al Colorappeal beige dor\u00e9 n\u00b0 21 : idem<o><\/o><\/span><\/p>\n<p class=\"MsoNormal\"><span style=\"font-size: 10pt; font-family: Arial\"><o><\/o>Fard poudre MAC Bruns satin : au ras des cils en haut et en bas<o><\/o><\/span><\/p>\n<p class=\"MsoNormal\"><span style=\"font-size: 10pt; font-family: Arial\"><o><\/o>Mascara noir La Roche Posay : sur les cils\u2026 du\u2026 du\u2026 \u00e0 votre avis ? ;-)<\/span><\/p>\n<p class=\"MsoNormal\">Edit : z&rsquo;avez raison, j&rsquo;ai oubli\u00e9 les pinceaux :<\/p>\n<p class=\"MsoNormal\"><img decoding=\"async\" src=\"http:\/\/www.monblogdefille.com\/blog\/wp-content\/uploads\/2008\/05\/pinceau-anti-cernes.jpg\" alt=\"pinceau-anti-cernes.jpg\" \/><\/p>\n<p class=\"MsoNormal\">Pinceau \u00e0 anticernes (pour l&rsquo;anticernes et la base Prep+Prime), MAC n\u00b0 249<\/p>\n<p class=\"MsoNormal\"><img decoding=\"async\" src=\"http:\/\/www.monblogdefille.com\/blog\/wp-content\/uploads\/2008\/05\/pinceau-ombreur.jpg\" alt=\"pinceau-ombreur.jpg\" \/><\/p>\n<p class=\"MsoNormal\">Pinceau ombreur (pour le fard clair), MAC n\u00b0 213<\/p>\n<p class=\"MsoNormal\"><img decoding=\"async\" src=\"http:\/\/www.monblogdefille.com\/blog\/wp-content\/uploads\/2008\/05\/pinceau-biseaute.jpg\" alt=\"pinceau-biseaute.jpg\" \/><\/p>\n<p class=\"MsoNormal\">Pinceau biseaut\u00e9 (pour le trait de fard marron), MAC n\u00b0 269<\/p>\n","protected":false},"excerpt":{"rendered":"<p><img decoding=\"async\" src=\"http:\/\/www.monblogdefille.com\/blog\/wp-content\/uploads\/2008\/05\/mudj-1.jpg\" alt=\"mudj-1.jpg\" \/><\/p>\n","protected":false},"author":3,"featured_media":124225,"comment_status":"open","ping_status":"open","sticky":false,"template":"","format":"standard","meta":{"footnotes":""},"categories":[1485],"tags":[19999],"class_list":["post-124224","post","type-post","status-publish","format-standard","has-post-thumbnail","hentry","category-le-maquillage","tag-tutos-photos-maquillage"],"_links":{"self":[{"href":"https:\/\/www.monblogdefille.com\/blog\/wp-json\/wp\/v2\/posts\/124224","targetHints":{"allow":["GET"]}}],"collection":[{"href":"https:\/\/www.monblogdefille.com\/blog\/wp-json\/wp\/v2\/posts"}],"about":[{"href":"https:\/\/www.monblogdefille.com\/blog\/wp-json\/wp\/v2\/types\/post"}],"author":[{"embeddable":true,"href":"https:\/\/www.monblogdefille.com\/blog\/wp-json\/wp\/v2\/users\/3"}],"replies":[{"embeddable":true,"href":"https:\/\/www.monblogdefille.com\/blog\/wp-json\/wp\/v2\/comments?post=124224"}],"version-history":[{"count":0,"href":"https:\/\/www.monblogdefille.com\/blog\/wp-json\/wp\/v2\/posts\/124224\/revisions"}],"wp:featuredmedia":[{"embeddable":true,"href":"https:\/\/www.monblogdefille.com\/blog\/wp-json\/wp\/v2\/media\/124225"}],"wp:attachment":[{"href":"https:\/\/www.monblogdefille.com\/blog\/wp-json\/wp\/v2\/media?parent=124224"}],"wp:term":[{"taxonomy":"category","embeddable":true,"href":"https:\/\/www.monblogdefille.com\/blog\/wp-json\/wp\/v2\/categories?post=124224"},{"taxonomy":"post_tag","embeddable":true,"href":"https:\/\/www.monblogdefille.com\/blog\/wp-json\/wp\/v2\/tags?post=124224"}],"curies":[{"name":"wp","href":"https:\/\/api.w.org\/{rel}","templated":true}]}}