{"id":124209,"date":"2008-05-14T08:07:03","date_gmt":"2008-05-14T06:07:03","guid":{"rendered":"http:\/\/www.monblogdefille.com\/blog\/20080514avant-je-grandissais-maintenant-je-vieillis%e2%80%a6-par-sophie-202"},"modified":"2009-01-18T15:39:34","modified_gmt":"2009-01-18T14:39:34","slug":"avant-je-grandissais-maintenant-je-vieillis%e2%80%a6-par-sophie-202","status":"publish","type":"post","link":"https:\/\/www.monblogdefille.com\/blog\/avant-je-grandissais-maintenant-je-vieillis%e2%80%a6-par-sophie-202\/","title":{"rendered":"Avant je grandissais, maintenant je vieillis\u2026, par sophie 202"},"content":{"rendered":"<p class=\"MsoBodyText\"><img decoding=\"async\" src=\"http:\/\/www.monblogdefille.com\/blog\/wp-content\/uploads\/2008\/03\/tanjore_ecolieres.jpg\" alt=\"tanjore_ecolieres.jpg\" align=\"left\" \/><span>\u00ab J&rsquo;ai 26 ans et toutes mes dents &#8211; autant vous pr\u00e9venir tout de suite je suis une grande amatrice de jeux de mots foireux et de ces expressions \u00e9cul\u00e9es qui de font rire (presque) que moi &#8211; donc je disais toutes mes dents\u2026 <\/span><\/p>\n<p class=\"MsoBodyText\"><span>Je ne saurais pas dire exactement quand cela \u00e0 commenc\u00e9, je sais qu&rsquo;\u00e0 24 ans j&rsquo;ai pris un coup de vieux \u00ab\u00a0mince c&rsquo;est adulte 24 ans !!\u00a0\u00bb, \u00e0 25 j&rsquo;\u00e9tais bien trop occup\u00e9e \u00e0 faire la f\u00eate et qu&rsquo;aujourd&rsquo;hui \u00e0 26 ans je r\u00e9alise brusquement que je ne grandit plus, je vieillis.<\/span><\/p>\n<p class=\"MsoBodyText\"><span>Cette prise de conscience est-elle due au fait que la jeune dipl\u00f4m\u00e9e \/ jeune travailleuse que je suis cherche \u00e0 se construire un avenir ? Myst\u00e8re.<br \/>\nToujours est-il que j&rsquo;associe cette prise de conscience \u00e0 un moment tr\u00e8s particulier : \u00ab\u00a0Mon dieu, cet homme assis en face de moi dans le m\u00e9tro et<span> <\/span>que je trouve si s\u00e9duisant porte une alliance !!\u00a0\u00bb<\/span><\/p>\n<p class=\"MsoNormal\" style=\"text-align: justify\"><span style=\"font-size: 10pt; font-weight: normal\">Effectivement aujourd&rsquo;hui les hommes que je trouve s\u00e9duisants portent souvent des alliances et des chaussures de ville\u2026<br \/>\nMais ou k\u00e9 sont pass\u00e9es, les bonnes vielles baskets hein??<\/span>\n<\/p>\n<p class=\"MsoNormal\" style=\"text-align: justify\"><span style=\"font-size: 10pt; font-weight: normal\">Pourtant j&rsquo;aurais d\u00fb m&rsquo;en douter plus t\u00f4t, il y a eu des signes avant-coureurs mais je les ai ignor\u00e9s. <\/span><\/p>\n<p class=\"MsoNormal\" style=\"text-align: justify\"><span style=\"font-size: 10pt; font-weight: normal\">Ce n&rsquo;est plus la moiti\u00e9 du d\u00eener, parce qu&rsquo;on est tous fauch\u00e9s, que m&rsquo;apportent mes invit\u00e9s, mais des fleurs et du vin.<br \/>\nD&rsquo;ailleurs du vin \u00e7a peut m&rsquo;arriver d&rsquo;en d\u00e9boucher une bouteille juste pour moi, pour mon plaisir ; je porte moi aussi des chaussures et non plus des baskets, et collectionne les \u00e9charpes.<br \/>\nJe me surprend parfois \u00e0 guetter dans le miroir ces petits sillons sous les yeux qui disparaissent de moins en moins vite quand le visage est au repos.<br \/>\nJ&rsquo;envisage d&rsquo;investir mes salaires dans autre chose que l&rsquo;\u00e9pilation laser voire m\u00eame peut \u00eatre \u00e9ventuellement \u00e0 \u00e9couter mon p\u00e8re et penser \u00e0 mettre de l&rsquo;argent de c\u00f4t\u00e9 pour mes vieux jours\u2026<br \/>\nD&rsquo;ailleurs rien que \u00e7a, j&rsquo;\u00e9coute les conseils de mon p\u00e8re sans me braquer face \u00e0 ce que j&rsquo;aurais consid\u00e9r\u00e9 avant comme une intrusion pure et simple. Pire encore, il arrive que ma m\u00e8re m&rsquo;\u00e9coute (mais je sais pas si \u00e7a compte, car elle n\u2019\u00e9coute pas grand monde ;-)) !!<br \/>\nEt surtout, surtout, j&rsquo;ose dire non \u00e0 la terre enti\u00e8re s\u2019il le faut, et accessoirement \u00e0 ma belle m\u00e8re\u2026<\/span>\n<\/p>\n<p class=\"MsoNormal\" style=\"text-align: justify\"><span style=\"font-size: 10pt; font-weight: normal\">Oui \u00e0 26 ans et toutes tes dents, tu ne grandis plus, tu vieillis ma fille et c&rsquo;est pas plus mal\u2026 <\/span><\/p>\n<p class=\"MsoNormal\" style=\"text-align: justify\"><span style=\"font-size: 10pt; font-weight: normal\">Sign\u00e9 : sophie202\u00bb<em><\/em><\/span><\/p>\n","protected":false},"excerpt":{"rendered":"<p>\u00ab J&rsquo;ai 26 ans et toutes mes dents &#8211; autant vous pr\u00e9venir tout de suite je suis une grande amatrice de jeux de mots foireux et de ces expressions \u00e9cul\u00e9es qui de font rire (presque)&#8230;<br \/> <a class=\"read-more\" href=\"https:\/\/www.monblogdefille.com\/blog\/avant-je-grandissais-maintenant-je-vieillis%e2%80%a6-par-sophie-202\/\">Lire la suite \u00bb<\/a><\/p>\n","protected":false},"author":3,"featured_media":123973,"comment_status":"open","ping_status":"open","sticky":false,"template":"","format":"standard","meta":{"footnotes":""},"categories":[5377],"tags":[],"class_list":["post-124209","post","type-post","status-publish","format-standard","has-post-thumbnail","hentry","category-o-toi-lectrice"],"_links":{"self":[{"href":"https:\/\/www.monblogdefille.com\/blog\/wp-json\/wp\/v2\/posts\/124209","targetHints":{"allow":["GET"]}}],"collection":[{"href":"https:\/\/www.monblogdefille.com\/blog\/wp-json\/wp\/v2\/posts"}],"about":[{"href":"https:\/\/www.monblogdefille.com\/blog\/wp-json\/wp\/v2\/types\/post"}],"author":[{"embeddable":true,"href":"https:\/\/www.monblogdefille.com\/blog\/wp-json\/wp\/v2\/users\/3"}],"replies":[{"embeddable":true,"href":"https:\/\/www.monblogdefille.com\/blog\/wp-json\/wp\/v2\/comments?post=124209"}],"version-history":[{"count":0,"href":"https:\/\/www.monblogdefille.com\/blog\/wp-json\/wp\/v2\/posts\/124209\/revisions"}],"wp:featuredmedia":[{"embeddable":true,"href":"https:\/\/www.monblogdefille.com\/blog\/wp-json\/wp\/v2\/media\/123973"}],"wp:attachment":[{"href":"https:\/\/www.monblogdefille.com\/blog\/wp-json\/wp\/v2\/media?parent=124209"}],"wp:term":[{"taxonomy":"category","embeddable":true,"href":"https:\/\/www.monblogdefille.com\/blog\/wp-json\/wp\/v2\/categories?post=124209"},{"taxonomy":"post_tag","embeddable":true,"href":"https:\/\/www.monblogdefille.com\/blog\/wp-json\/wp\/v2\/tags?post=124209"}],"curies":[{"name":"wp","href":"https:\/\/api.w.org\/{rel}","templated":true}]}}