{"id":124207,"date":"2008-05-13T16:59:14","date_gmt":"2008-05-13T14:59:14","guid":{"rendered":"http:\/\/www.monblogdefille.com\/blog\/20080513je-cause-chez-france-bleu-demain-matin"},"modified":"2008-05-23T15:35:21","modified_gmt":"2008-05-23T13:35:21","slug":"je-cause-chez-france-bleu-demain-matin","status":"publish","type":"post","link":"https:\/\/www.monblogdefille.com\/blog\/je-cause-chez-france-bleu-demain-matin\/","title":{"rendered":"Je cause chez France Bleu mercredi 14 mai"},"content":{"rendered":"<p><img decoding=\"async\" src=\"http:\/\/www.monblogdefille.com\/blog\/wp-content\/uploads\/2008\/05\/france-bleu.jpg\" alt=\"france-bleu.jpg\" align=\"left\" \/>Or donc une gentille journaliste vient de m&rsquo;appeler pour savoir si je voulais bien \u00eatre interviouv\u00e9e en direct par t\u00e9l\u00e9phone demain matin, et \u00e9tourdiment j&rsquo;ai dit oui.<\/p>\n<p>C&rsquo;est malin, les techniciens vont m&rsquo;appeler \u00e0 8h15 ! Sa race, je suis \u00e0 peine sous la douche moi d&rsquo;habitude, \u00e0 une heure pareille !<\/p>\n<p>J&rsquo;esp\u00e8re ne pas dire trop d&rsquo;\u00e2neries vu que je dormirai debout, \u00e7a sera donc \u00e0 8h40 si j&rsquo;ai bien compris, \u00e7a durera 2 minutes 30 (&lsquo;ttention, s&rsquo;agit de pas louper le coche), et la fr\u00e9quence c&rsquo;est 107.1 (que pour les franciliens mais c&rsquo;est pas grave parce que je mettrai un lien vers le podcast ensuite ;-)<\/p>\n","protected":false},"excerpt":{"rendered":"<p><img decoding=\"async\" src=\"http:\/\/www.monblogdefille.com\/blog\/wp-content\/uploads\/2008\/05\/france-bleu.jpg\" alt=\"france-bleu.jpg\" align=\"left\"\/>Or donc une gentille journaliste vient de m&rsquo;appeler pour savoir si je voulais bien \u00eatre interviouv\u00e9e en direct par t\u00e9l\u00e9phone demain matin, et \u00e9tourdiment j&rsquo;ai dit oui.<\/p>\n<p>C&rsquo;est malin, les techniciens vont m&rsquo;appeler \u00e0 8h15 ! Sa race, je suis \u00e0 peine sous la douche moi d&rsquo;habitude, \u00e0 une heure pareille !<\/p>\n<p>J&rsquo;esp\u00e8re ne pas dire trop d&rsquo;\u00e2neries vu que je dormirai debout, \u00e7a sera donc \u00e0 8h40 si j&rsquo;ai bien compris, \u00e7a durera 2 minutes 30 (&lsquo;ttention, s&rsquo;agit de pas louper le coche), et la fr\u00e9quence c&rsquo;est 107.1 (que pour les franciliens mais c&rsquo;est pas grave parce que je mettrai un lien vers le podcast ensuite ;-)<\/p>\n","protected":false},"author":3,"featured_media":124208,"comment_status":"open","ping_status":"open","sticky":false,"template":"","format":"standard","meta":{"footnotes":""},"categories":[1504],"tags":[],"class_list":["post-124207","post","type-post","status-publish","format-standard","has-post-thumbnail","hentry","category-revue-de-presse"],"_links":{"self":[{"href":"https:\/\/www.monblogdefille.com\/blog\/wp-json\/wp\/v2\/posts\/124207","targetHints":{"allow":["GET"]}}],"collection":[{"href":"https:\/\/www.monblogdefille.com\/blog\/wp-json\/wp\/v2\/posts"}],"about":[{"href":"https:\/\/www.monblogdefille.com\/blog\/wp-json\/wp\/v2\/types\/post"}],"author":[{"embeddable":true,"href":"https:\/\/www.monblogdefille.com\/blog\/wp-json\/wp\/v2\/users\/3"}],"replies":[{"embeddable":true,"href":"https:\/\/www.monblogdefille.com\/blog\/wp-json\/wp\/v2\/comments?post=124207"}],"version-history":[{"count":0,"href":"https:\/\/www.monblogdefille.com\/blog\/wp-json\/wp\/v2\/posts\/124207\/revisions"}],"wp:featuredmedia":[{"embeddable":true,"href":"https:\/\/www.monblogdefille.com\/blog\/wp-json\/wp\/v2\/media\/124208"}],"wp:attachment":[{"href":"https:\/\/www.monblogdefille.com\/blog\/wp-json\/wp\/v2\/media?parent=124207"}],"wp:term":[{"taxonomy":"category","embeddable":true,"href":"https:\/\/www.monblogdefille.com\/blog\/wp-json\/wp\/v2\/categories?post=124207"},{"taxonomy":"post_tag","embeddable":true,"href":"https:\/\/www.monblogdefille.com\/blog\/wp-json\/wp\/v2\/tags?post=124207"}],"curies":[{"name":"wp","href":"https:\/\/api.w.org\/{rel}","templated":true}]}}