{"id":124158,"date":"2008-04-28T12:53:55","date_gmt":"2008-04-28T10:53:55","guid":{"rendered":"http:\/\/www.monblogdefille.com\/blog\/20080428mon-blog-de-fille-chez-radio-nostalgie-belgique"},"modified":"2008-05-23T15:41:15","modified_gmt":"2008-05-23T13:41:15","slug":"mon-blog-de-fille-chez-radio-nostalgie-belgique","status":"publish","type":"post","link":"https:\/\/www.monblogdefille.com\/blog\/mon-blog-de-fille-chez-radio-nostalgie-belgique\/","title":{"rendered":"Mon blog de fille chez Radio Nostalgie Belgique"},"content":{"rendered":"<p class=\"MsoNormal\"><img decoding=\"async\" src=\"http:\/\/www.monblogdefille.com\/blog\/wp-content\/uploads\/2008\/04\/radio-nostalgie-belgique.jpg\" alt=\"radio-nostalgie-belgique.jpg\" align=\"left\" \/><span style=\"font-size: 10pt; font-family: Arial\">Milie a eu la gentillesse d\u2019indiquer mon blog \u00e0 une de ses amies, journalistes \u00e0 Radio Nostalgie, et <a href=\"http:\/\/grandmorning.nostalgie.be\/web-son-blog-de-fille\/\" target=\"_blank\" rel=\"noopener\">voil\u00e0 le r\u00e9sultat<\/a>.<o><\/o><\/span><\/p>\n<p class=\"MsoNormal\"><span style=\"font-size: 10pt; font-family: Arial\">C\u2019est pass\u00e9 ce matin \u00e0 l\u2019heure o\u00f9 blanchit la campagne et o\u00f9 je ne suis absolument pas op\u00e9rationnelle, gr\u00e2ce au ciel le podcast existe ! <o><\/o><\/span><\/p>\n<p class=\"MsoNormal\"><span style=\"font-size: 10pt; font-family: Arial\"><o><\/o>Merci les filles ! ;-)<o><\/o><\/span><\/p>\n","protected":false},"excerpt":{"rendered":"<p class=\"MsoNormal\"><img decoding=\"async\" src=\"http:\/\/www.monblogdefille.com\/blog\/wp-content\/uploads\/2008\/04\/radio-nostalgie-belgique.jpg\" alt=\"radio-nostalgie-belgique.jpg\" align=\"left\"\/><span style=\"font-size: 10pt; font-family: Arial\">Milie a eu la gentillesse d\u2019indiquer mon blog \u00e0 une de ses amies, journalistes \u00e0 Radio Nostalgie, et <a href=\"http:\/\/grandmorning.nostalgie.be\/web-son-blog-de-fille\/\" target=\"_blank\">voil\u00e0 le r\u00e9sultat<\/a>.<o :p><\/o><\/span><\/p>\n<p class=\"MsoNormal\"><span style=\"font-size: 10pt; font-family: Arial\">C\u2019est pass\u00e9 ce matin \u00e0 l\u2019heure o\u00f9 blanchit la campagne et o\u00f9 je ne suis absolument pas op\u00e9rationnelle, gr\u00e2ce au ciel le podcast existe ! <o :p><\/o><\/span><\/p>\n<p class=\"MsoNormal\"><span style=\"font-size: 10pt; font-family: Arial\"><o :p><\/o>Merci les filles ! ;-)<o :p><\/o><\/span><\/p>\n","protected":false},"author":3,"featured_media":124157,"comment_status":"open","ping_status":"open","sticky":false,"template":"","format":"standard","meta":{"footnotes":""},"categories":[1504],"tags":[],"class_list":["post-124158","post","type-post","status-publish","format-standard","has-post-thumbnail","hentry","category-revue-de-presse"],"_links":{"self":[{"href":"https:\/\/www.monblogdefille.com\/blog\/wp-json\/wp\/v2\/posts\/124158","targetHints":{"allow":["GET"]}}],"collection":[{"href":"https:\/\/www.monblogdefille.com\/blog\/wp-json\/wp\/v2\/posts"}],"about":[{"href":"https:\/\/www.monblogdefille.com\/blog\/wp-json\/wp\/v2\/types\/post"}],"author":[{"embeddable":true,"href":"https:\/\/www.monblogdefille.com\/blog\/wp-json\/wp\/v2\/users\/3"}],"replies":[{"embeddable":true,"href":"https:\/\/www.monblogdefille.com\/blog\/wp-json\/wp\/v2\/comments?post=124158"}],"version-history":[{"count":0,"href":"https:\/\/www.monblogdefille.com\/blog\/wp-json\/wp\/v2\/posts\/124158\/revisions"}],"wp:featuredmedia":[{"embeddable":true,"href":"https:\/\/www.monblogdefille.com\/blog\/wp-json\/wp\/v2\/media\/124157"}],"wp:attachment":[{"href":"https:\/\/www.monblogdefille.com\/blog\/wp-json\/wp\/v2\/media?parent=124158"}],"wp:term":[{"taxonomy":"category","embeddable":true,"href":"https:\/\/www.monblogdefille.com\/blog\/wp-json\/wp\/v2\/categories?post=124158"},{"taxonomy":"post_tag","embeddable":true,"href":"https:\/\/www.monblogdefille.com\/blog\/wp-json\/wp\/v2\/tags?post=124158"}],"curies":[{"name":"wp","href":"https:\/\/api.w.org\/{rel}","templated":true}]}}