{"id":124142,"date":"2008-04-24T08:07:48","date_gmt":"2008-04-24T07:07:48","guid":{"rendered":"http:\/\/www.monblogdefille.com\/blog\/20080424laser-yag-pour-stephanie-de-la-ligne-12"},"modified":"2009-01-26T02:04:08","modified_gmt":"2009-01-26T01:04:08","slug":"laser-yag-pour-stephanie-de-la-ligne-12","status":"publish","type":"post","link":"https:\/\/www.monblogdefille.com\/blog\/laser-yag-pour-stephanie-de-la-ligne-12\/","title":{"rendered":"Laser YAG pour St\u00e9phanie de la ligne 12"},"content":{"rendered":"<p class=\"MsoNormal\"><span style=\"font-size: 10pt; font-family: Arial\">\u00ab Bonjour, <o :p><\/o><br \/>\n<\/span><\/p>\n<p class=\"MsoNormal\"><span style=\"font-size: 10pt; font-family: Arial\">H\u00e9l\u00e8ne m&rsquo;a fait tr\u00e8s envie avec son \u00e9pilation laser (si on peut dire). <o :p><\/o><br \/>\n<\/span><\/p>\n<p class=\"MsoNormal\"><span style=\"font-size: 10pt; font-family: Arial\">J&rsquo;avais fait faire un devis il y a quelques mois au centre laser \u00e9toile, o\u00f9 elle va&#8230; mais, si je suis blanche, les zones o\u00f9 il y a frottement sont pas mal pigment\u00e9es : aisselles, int\u00e9rieur des cuisses&#8230; <o :p><\/o><br \/>\n<\/span><\/p>\n<p class=\"MsoNormal\"><span style=\"font-size: 10pt; font-family: Arial\">Le m\u00e9decin m&rsquo;avait donc dit qu&rsquo;il fallait que je me tourne vers les lasers sp\u00e9ciaux pour peau noire (je crois que \u00e7a s&rsquo;appelle YAG).<br \/>\n<\/span><\/p>\n<p class=\"MsoNormal\"><span style=\"font-size: 10pt; font-family: Arial\">J&rsquo;ai un peu peur de me lancer comme \u00e7a dans un centre dont je ne sais rien ; quelqu&rsquo;un parmi vous en conna\u00eetrait-il un bien ?<br \/>\n<\/span><\/p>\n<p class=\"MsoNormal\"><span style=\"font-size: 10pt; font-family: Arial\">Et \u00e0 des prix pas trop excessifs, ce genre de laser \u00e9tant plus rares, je crains bien de ne pas trouver aussi avantageux que dans les centres classiques&#8230;<\/p>\n<p>Merci les filles !<o :p><\/o><\/span>\n<\/p>\n<p class=\"MsoNormal\"><span style=\"font-size: 10pt; font-family: Arial\">Sign\u00e9 : St\u00e9phanie de la ligne 12 \u00bb<o :p><\/o><\/span><\/p>\n","protected":false},"excerpt":{"rendered":"<p><img decoding=\"async\" src=\"http:\/\/www.monblogdefille.com\/blog\/wp-content\/uploads\/2008\/03\/wanted3.jpg\" alt=\"wanted3.jpg\" \/><\/p>\n","protected":false},"author":3,"featured_media":0,"comment_status":"open","ping_status":"open","sticky":false,"template":"","format":"standard","meta":{"footnotes":""},"categories":[20009,1502],"tags":[19945,20179],"class_list":["post-124142","post","type-post","status-publish","format-standard","hentry","category-beaute","category-wanted","tag-laser","tag-medecine-esthetique"],"_links":{"self":[{"href":"https:\/\/www.monblogdefille.com\/blog\/wp-json\/wp\/v2\/posts\/124142","targetHints":{"allow":["GET"]}}],"collection":[{"href":"https:\/\/www.monblogdefille.com\/blog\/wp-json\/wp\/v2\/posts"}],"about":[{"href":"https:\/\/www.monblogdefille.com\/blog\/wp-json\/wp\/v2\/types\/post"}],"author":[{"embeddable":true,"href":"https:\/\/www.monblogdefille.com\/blog\/wp-json\/wp\/v2\/users\/3"}],"replies":[{"embeddable":true,"href":"https:\/\/www.monblogdefille.com\/blog\/wp-json\/wp\/v2\/comments?post=124142"}],"version-history":[{"count":0,"href":"https:\/\/www.monblogdefille.com\/blog\/wp-json\/wp\/v2\/posts\/124142\/revisions"}],"wp:attachment":[{"href":"https:\/\/www.monblogdefille.com\/blog\/wp-json\/wp\/v2\/media?parent=124142"}],"wp:term":[{"taxonomy":"category","embeddable":true,"href":"https:\/\/www.monblogdefille.com\/blog\/wp-json\/wp\/v2\/categories?post=124142"},{"taxonomy":"post_tag","embeddable":true,"href":"https:\/\/www.monblogdefille.com\/blog\/wp-json\/wp\/v2\/tags?post=124142"}],"curies":[{"name":"wp","href":"https:\/\/api.w.org\/{rel}","templated":true}]}}