{"id":124132,"date":"2008-04-22T08:51:28","date_gmt":"2008-04-22T06:51:28","guid":{"rendered":"http:\/\/www.monblogdefille.com\/blog\/20080422qui-sont-les-filles-de-l%e2%80%99ouest"},"modified":"2008-05-23T15:43:21","modified_gmt":"2008-05-23T13:43:21","slug":"qui-sont-les-filles-de-l%e2%80%99ouest","status":"publish","type":"post","link":"https:\/\/www.monblogdefille.com\/blog\/qui-sont-les-filles-de-l%e2%80%99ouest\/","title":{"rendered":"Qui sont les filles de l\u2019ouest ?"},"content":{"rendered":"<p class=\"MsoNormal\"><img decoding=\"async\" src=\"http:\/\/www.monblogdefille.com\/blog\/wp-content\/uploads\/2008\/04\/hortensias.jpg\" alt=\"hortensias.jpg\" align=\"left\" \/><span style=\"font-size: 10pt; font-family: Arial\">Et non \u00e0 l\u2019ouest, ah ah, le retour du jeu de mots foireux ;-)<o><\/o><\/span><\/p>\n<p class=\"MsoNormal\"><span style=\"font-size: 10pt; font-family: Arial\">Manifestez-vous dans les commentaires comme l\u2019ont fait les autres avant vous, et je mettrai en contact celles des m\u00eames coins.<\/span><\/p>\n<p class=\"MsoNormal\"><span style=\"font-size: 10pt; font-family: Arial\">Et c\u2019est pas parce que j\u2019ai mis une photos d\u2019hortensias (j\u2019ai une passion d\u00e9mentielle pour les hortensias, symbole de ma Bretagne ch\u00e9rie) que les normandes et les vend\u00e9ennes, par exemple, ne doivent pas se manifester ;-)<o><\/o><\/span><\/p>\n","protected":false},"excerpt":{"rendered":"<p class=\"MsoNormal\"><img decoding=\"async\" src=\"http:\/\/www.monblogdefille.com\/blog\/wp-content\/uploads\/2008\/04\/hortensias.jpg\" alt=\"hortensias.jpg\" align=\"left\"\/><span style=\"font-size: 10pt; font-family: Arial\">Et non \u00e0 l\u2019ouest, ah ah, le retour du jeu de mots foireux ;-)<o :p><\/o><\/span><\/p>\n<p class=\"MsoNormal\"><span style=\"font-size: 10pt; font-family: Arial\">Manifestez-vous dans les commentaires comme l\u2019ont fait les autres avant vous, et je mettrai en contact celles des m\u00eames coins.<\/span><\/p>\n<p class=\"MsoNormal\"><span style=\"font-size: 10pt; font-family: Arial\">Et c\u2019est pas parce que j\u2019ai mis une photos d\u2019hortensias (j\u2019ai une passion d\u00e9mentielle pour les hortensias, symbole de ma Bretagne ch\u00e9rie) que les normandes et les vend\u00e9ennes, par exemple, ne doivent pas se manifester ;-)<o :p><\/o><\/span><\/p>\n","protected":false},"author":3,"featured_media":124131,"comment_status":"open","ping_status":"open","sticky":false,"template":"","format":"standard","meta":{"footnotes":""},"categories":[19907],"tags":[19972],"class_list":["post-124132","post","type-post","status-publish","format-standard","has-post-thumbnail","hentry","category-rencontres-mbdf","tag-copines"],"_links":{"self":[{"href":"https:\/\/www.monblogdefille.com\/blog\/wp-json\/wp\/v2\/posts\/124132","targetHints":{"allow":["GET"]}}],"collection":[{"href":"https:\/\/www.monblogdefille.com\/blog\/wp-json\/wp\/v2\/posts"}],"about":[{"href":"https:\/\/www.monblogdefille.com\/blog\/wp-json\/wp\/v2\/types\/post"}],"author":[{"embeddable":true,"href":"https:\/\/www.monblogdefille.com\/blog\/wp-json\/wp\/v2\/users\/3"}],"replies":[{"embeddable":true,"href":"https:\/\/www.monblogdefille.com\/blog\/wp-json\/wp\/v2\/comments?post=124132"}],"version-history":[{"count":0,"href":"https:\/\/www.monblogdefille.com\/blog\/wp-json\/wp\/v2\/posts\/124132\/revisions"}],"wp:featuredmedia":[{"embeddable":true,"href":"https:\/\/www.monblogdefille.com\/blog\/wp-json\/wp\/v2\/media\/124131"}],"wp:attachment":[{"href":"https:\/\/www.monblogdefille.com\/blog\/wp-json\/wp\/v2\/media?parent=124132"}],"wp:term":[{"taxonomy":"category","embeddable":true,"href":"https:\/\/www.monblogdefille.com\/blog\/wp-json\/wp\/v2\/categories?post=124132"},{"taxonomy":"post_tag","embeddable":true,"href":"https:\/\/www.monblogdefille.com\/blog\/wp-json\/wp\/v2\/tags?post=124132"}],"curies":[{"name":"wp","href":"https:\/\/api.w.org\/{rel}","templated":true}]}}