{"id":124082,"date":"2008-04-15T07:35:28","date_gmt":"2008-04-15T05:35:28","guid":{"rendered":"http:\/\/www.monblogdefille.com\/blog\/20080415ma-mallette-ma-mallette-cherie"},"modified":"2008-05-23T15:49:45","modified_gmt":"2008-05-23T13:49:45","slug":"ma-mallette-ma-mallette-cherie","status":"publish","type":"post","link":"https:\/\/www.monblogdefille.com\/blog\/ma-mallette-ma-mallette-cherie\/","title":{"rendered":"Ma mallette, ma mallette ch\u00e9rie*"},"content":{"rendered":"<p class=\"MsoNormal\"><img decoding=\"async\" src=\"http:\/\/www.monblogdefille.com\/blog\/wp-content\/uploads\/2008\/04\/mallette.jpg\" alt=\"mallette.jpg\" align=\"left\" \/><span style=\"font-size: 10pt; font-family: Arial\">Ca faisait des si\u00e8cles que je voulais une mallette de maquilleur pour transporter tout mon bordel quand je vais \u00e0 une MUP, et pour avoir tout sous la main chez moi. <o><\/o><br \/>\nJusqu\u2019ici tous mes fards \u00e9taient rang\u00e9s dans des boites \u00e0 chaussures diss\u00e9min\u00e9es un peu partout dans le salon (tr\u00e8s pratiques, les boites \u00e0 chaussures, pour ranger du make up). Ce qui fait que j\u2019obligeais mes invit\u00e9s \u00e0 manger assis par terre parce que \u00e7a me sao\u00fblait de virer tout le maquillage de la table.<o><\/o><\/span><\/p>\n<p class=\"MsoNormal\"><span style=\"font-size: 10pt; font-family: Arial\"><o><\/o>Gr\u00e2ce au ciel je vais pouvoir mener \u00e0 nouveau une vie normale (bien que monastique, je suis ruin\u00e9e par la b\u00eate qui m\u2019a co\u00fbt\u00e9 85 \u20ac chez Sephora &#8211; et encore, c\u2019est pas si cher, chez MAC c\u2019\u00e9tait 200 \u20ac).<o><\/o><br \/>\nComme je suis psychorigide et maniaque, le rangement dans les nombreux petits compartiments a \u00e9t\u00e9 un vrai bonheur : j\u2019ai class\u00e9 tous les fards par couleurs et tailles de bo\u00eetiers, d\u00e9pla\u00e7ant et red\u00e9pla\u00e7ant une ombre \u00e0 paupi\u00e8res, essayant diverses positions de stockage pour les poudres, agrandissant le compartiment \u00e0 rouges \u00e0 l\u00e8vres\u2026 Encore plus fun que la maison de Barbie, dites donc ;-))<o><\/o><\/span>\n<\/p>\n<p class=\"MsoNormal\"><span style=\"font-size: 10pt; font-family: Arial\"><o><\/o>Du coup quand Marion et venue chez moi et \u00e0 commenc\u00e9 \u00e0 tout tripoter, j\u2019ai failli la mordre.**<o><\/o><\/span><\/p>\n<p class=\"MsoNormal\"><span style=\"font-size: 10pt; font-family: Arial\"><o><\/o>Alors \u00e9videmment d\u00e9j\u00e0 \u00e0 vide \u00e7a p\u00e8se 12 kilos, je vous raconte pas une fois plein. Je pense qu\u2019avec \u00e7a j\u2019ai pas besoin d\u2019alt\u00e8res, il suffit que je fasse 500 m avec ma mallette \u00e0 la main pour avoir des biceps en b\u00e9ton.<o><\/o><\/span><\/p>\n<p class=\"MsoNormal\"><span style=\"font-size: 10pt; font-family: Arial\"><o><\/o>Comme je suis peu coutumi\u00e8re des boites \u00e0 outils (oui le principe de la mallette \u00e0 maquillage est le m\u00eame que celui de la boite \u00e0 outils, un genre de truc t\u00e9l\u00e9scopique), je l\u2019ouvre avec des pr\u00e9cautions ridicules de peur qu\u2019elle ne tombe en morceaux, et n\u2019ose pas la laisser ouverte pour ne pas qu\u2019elle s\u2019use ;-)<o><\/o><\/span><\/p>\n<p class=\"MsoNormal\"><span style=\"font-size: 10pt; font-family: Arial\"><o><\/o>* Vous vous souvenez du film \u00ab Caroline ch\u00e9rie \u00bb avec Martine Carol, une sorte de sous-Ang\u00e9lique g\u00e9nialissime de ringarditude ? A un moment un des soupirants de la dame lui dit, extasi\u00e9, \u00ab Ah, Caroline, Caroline ch\u00e9rie ! \u00bb. Je crois que je m\u2019en suis pas remise, et dieu sait si \u00e7a date (1951, pr\u00e9cis\u00e9ment ; j\u2019avais 17 ans \u00e0 l\u2019\u00e9poque, quelle douce p\u00e9riode\u2026).<o><\/o><\/span><\/p>\n<p class=\"MsoNormal\"><span style=\"font-size: 10pt; font-family: Arial\"><o><\/o>** C\u2019est pas vrai Marion, don\u2019t panic.<o><\/o><\/span><\/p>\n","protected":false},"excerpt":{"rendered":"<p class=\"MsoNormal\"><img decoding=\"async\" src=\"http:\/\/www.monblogdefille.com\/blog\/wp-content\/uploads\/2008\/04\/mallette.jpg\" alt=\"mallette.jpg\" align=\"left\"\/><span style=\"font-size: 10pt; font-family: Arial\">Ca faisait des si\u00e8cles que je voulais une mallette de maquilleur pour transporter tout mon bordel quand je vais \u00e0 une MUP, et pour avoir tout sous la main chez moi. <o :p><\/o><br \/>\nJusqu\u2019ici tous mes fards \u00e9taient rang\u00e9s dans des boites \u00e0 chaussures diss\u00e9min\u00e9es un peu partout dans le salon (tr\u00e8s pratiques, les boites \u00e0 chaussures, pour ranger du make up). Ce qui fait que j\u2019obligeais mes invit\u00e9s \u00e0 manger assis par terre parce que \u00e7a me sao\u00fblait de virer tout le maquillage de la table.<o :p><\/o><\/span><\/p>\n<p class=\"MsoNormal\"><span style=\"font-size: 10pt; font-family: Arial\"><o :p><\/o>Gr\u00e2ce au ciel je vais pouvoir mener \u00e0 nouveau une vie normale (bien que monastique, je suis ruin\u00e9e par la b\u00eate qui m\u2019a co\u00fbt\u00e9 85 \u20ac chez Sephora &#8211; et encore, c\u2019est pas si cher, chez MAC c\u2019\u00e9tait 200 \u20ac).<o :p><\/o><br \/>\nComme je suis psychorigide et maniaque, le rangement dans les nombreux petits compartiments a \u00e9t\u00e9 un vrai bonheur : j\u2019ai class\u00e9 tous les fards par couleurs et tailles de bo\u00eetiers, d\u00e9pla\u00e7ant et red\u00e9pla\u00e7ant une ombre \u00e0 paupi\u00e8res, essayant diverses positions de stockage pour les poudres, agrandissant le compartiment \u00e0 rouges \u00e0 l\u00e8vres\u2026 Encore plus fun que la maison de Barbie, dites donc ;-))<o :p><\/o><\/span>\n<\/p>\n<p class=\"MsoNormal\"><span style=\"font-size: 10pt; font-family: Arial\"><o :p><\/o>Du coup quand Marion et venue chez moi et \u00e0 commenc\u00e9 \u00e0 tout tripoter, j\u2019ai failli la mordre.**<o :p><\/o><\/span><\/p>\n<p class=\"MsoNormal\"><span style=\"font-size: 10pt; font-family: Arial\"><o :p><\/o>Alors \u00e9videmment d\u00e9j\u00e0 \u00e0 vide \u00e7a p\u00e8se 12 kilos, je vous raconte pas une fois plein. Je pense qu\u2019avec \u00e7a j\u2019ai pas besoin d\u2019alt\u00e8res, il suffit que je fasse 500 m avec ma mallette \u00e0 la main pour avoir des biceps en b\u00e9ton.<o :p><\/o><\/span><\/p>\n<p class=\"MsoNormal\"><span style=\"font-size: 10pt; font-family: Arial\"><o :p><\/o>Comme je suis peu coutumi\u00e8re des boites \u00e0 outils (oui le principe de la mallette \u00e0 maquillage est le m\u00eame que celui de la boite \u00e0 outils, un genre de truc t\u00e9l\u00e9scopique), je l\u2019ouvre avec des pr\u00e9cautions ridicules de peur qu\u2019elle ne tombe en morceaux, et n\u2019ose pas la laisser ouverte pour ne pas qu\u2019elle s\u2019use ;-)<o :p><\/o><\/span><\/p>\n<p class=\"MsoNormal\"><span style=\"font-size: 10pt; font-family: Arial\"><o :p><\/o>* Vous vous souvenez du film \u00ab Caroline ch\u00e9rie \u00bb avec Martine Carol, une sorte de sous-Ang\u00e9lique g\u00e9nialissime de ringarditude ? A un moment un des soupirants de la dame lui dit, extasi\u00e9, \u00ab Ah, Caroline, Caroline ch\u00e9rie ! \u00bb. Je crois que je m\u2019en suis pas remise, et dieu sait si \u00e7a date (1951, pr\u00e9cis\u00e9ment ; j\u2019avais 17 ans \u00e0 l\u2019\u00e9poque, quelle douce p\u00e9riode\u2026).<o :p><\/o><\/span><\/p>\n<p class=\"MsoNormal\"><span style=\"font-size: 10pt; font-family: Arial\"><o :p><\/o>** C\u2019est pas vrai Marion, don\u2019t panic.<o :p><\/o><\/span><\/p>\n","protected":false},"author":3,"featured_media":124081,"comment_status":"open","ping_status":"open","sticky":false,"template":"","format":"standard","meta":{"footnotes":""},"categories":[1485],"tags":[],"class_list":["post-124082","post","type-post","status-publish","format-standard","has-post-thumbnail","hentry","category-le-maquillage"],"_links":{"self":[{"href":"https:\/\/www.monblogdefille.com\/blog\/wp-json\/wp\/v2\/posts\/124082","targetHints":{"allow":["GET"]}}],"collection":[{"href":"https:\/\/www.monblogdefille.com\/blog\/wp-json\/wp\/v2\/posts"}],"about":[{"href":"https:\/\/www.monblogdefille.com\/blog\/wp-json\/wp\/v2\/types\/post"}],"author":[{"embeddable":true,"href":"https:\/\/www.monblogdefille.com\/blog\/wp-json\/wp\/v2\/users\/3"}],"replies":[{"embeddable":true,"href":"https:\/\/www.monblogdefille.com\/blog\/wp-json\/wp\/v2\/comments?post=124082"}],"version-history":[{"count":0,"href":"https:\/\/www.monblogdefille.com\/blog\/wp-json\/wp\/v2\/posts\/124082\/revisions"}],"wp:featuredmedia":[{"embeddable":true,"href":"https:\/\/www.monblogdefille.com\/blog\/wp-json\/wp\/v2\/media\/124081"}],"wp:attachment":[{"href":"https:\/\/www.monblogdefille.com\/blog\/wp-json\/wp\/v2\/media?parent=124082"}],"wp:term":[{"taxonomy":"category","embeddable":true,"href":"https:\/\/www.monblogdefille.com\/blog\/wp-json\/wp\/v2\/categories?post=124082"},{"taxonomy":"post_tag","embeddable":true,"href":"https:\/\/www.monblogdefille.com\/blog\/wp-json\/wp\/v2\/tags?post=124082"}],"curies":[{"name":"wp","href":"https:\/\/api.w.org\/{rel}","templated":true}]}}