{"id":124034,"date":"2008-04-02T07:32:52","date_gmt":"2008-04-02T05:32:52","guid":{"rendered":"http:\/\/www.monblogdefille.com\/blog\/20080402maman%e2%80%a6-mais-pas-seulement-par-cecile-de-brest"},"modified":"2009-07-24T18:44:04","modified_gmt":"2009-07-24T16:44:04","slug":"maman%e2%80%a6-mais-pas-seulement-par-cecile-de-brest","status":"publish","type":"post","link":"https:\/\/www.monblogdefille.com\/blog\/maman%e2%80%a6-mais-pas-seulement-par-cecile-de-brest\/","title":{"rendered":"Maman\u2026 mais pas seulement, par C\u00e9cile de Brest"},"content":{"rendered":"<p class=\"MsoNormal\"><img decoding=\"async\" src=\"http:\/\/www.monblogdefille.com\/blog\/wp-content\/uploads\/2008\/03\/tanjore_ecolieres.jpg\" alt=\"tanjore_ecolieres.jpg\" align=\"left\" \/><span style=\"font-size: 10pt; font-family: Arial\">\u00ab J\u2019ai 30 ans. Et deux enfants. Trois ans et demi pour mon a\u00een\u00e9e et dix-huit mois pour mon second.<\/span><\/p>\n<p class=\"MsoNormal\"><span style=\"font-size: 10pt; font-family: Arial\">Quand mon fils est n\u00e9, mon mari a \u00e9t\u00e9 mut\u00e9 en r\u00e9gion parisienne et je l\u2019ai suivi (\u00e9videmment, je ne me voyais pas rester seule en Bretagne avec mes deux p\u2019tits bouts. Pour quoi faire ??)<br \/>\nEt j\u2019ai \u00ab abandonn\u00e9 \u00bb mon travail, j\u2019ai pris un cong\u00e9 parental.<\/span>\n<\/p>\n<p class=\"MsoNormal\"><span style=\"font-size: 10pt; font-family: Arial\">J\u2019\u00e9tais prof de fran\u00e7ais dans un institut de pr\u00e9paration aux concours sociaux et param\u00e9dicaux. Mes \u00e9l\u00e8ves \u00e9taient de futurs infirmiers, orthophonistes, \u00e9ducateurs, assistantes sociales. Autant dire des d\u2019jeunes toniques, motiv\u00e9s (enfin pour la plupart). C\u2019\u00e9tait un travail tr\u00e8s prenant (un peu p\u00e9nible par certains c\u00f4t\u00e9s genre la correction des copies) mais tr\u00e8s motivant et int\u00e9ressant.<\/span><\/p>\n<p class=\"MsoNormal\"><span style=\"font-size: 10pt; font-family: Arial\">Les premiers temps \u00e0 la maison ont \u00e9t\u00e9 difficiles : nouvelle ville, nouvelle vie. Puis on a fini par s\u2019y faire. Enfin, c\u2019est ce que je croyais\u2026<\/span><\/p>\n<p class=\"MsoNormal\"><span style=\"font-size: 10pt; font-family: Arial\">Parce que j\u2019ai d\u00e9finitivement compris une chose : rester \u00e0 la maison pour m\u2019occuper de mes enfants, ce n\u2019est pas pour moi !<\/span><\/p>\n<p class=\"MsoNormal\"><span style=\"font-size: 10pt; font-family: Arial\">Ma vie se limite aux couches, au m\u00e9nage, \u00e0 la cuisine (\u00e7a c\u2019est la c\u00f4t\u00e9 positif !), aux courses. Mes sorties : pour amener ma grande \u00e0 l\u2019\u00e9cole, le petit \u00e0 la garderie une fois par semaine.<br \/>\nVie sociale : n\u00e9ant. Ramollissement du cerveau : en bonne voie !<\/span>\n<\/p>\n<p class=\"MsoNormal\"><span style=\"font-size: 10pt; font-family: Arial\">Je ne con\u00e7ois pas ma vie sans le travail. Je pense que cela peut sembler incongru pour certains, mais c\u2019est une r\u00e9alit\u00e9. <\/span><\/p>\n<p class=\"MsoNormal\"><span style=\"font-size: 10pt; font-family: Arial\">Evidemment il y a des c\u00f4t\u00e9s positifs : je vois mes enfants grandir, je suis l\u00e0 pour eux quand ils ont besoin de moi. Bien s\u00fbr je les adore et passer la journ\u00e9e avec eux est formidable.<\/span><\/p>\n<p class=\"MsoNormal\"><span style=\"font-size: 10pt; font-family: Arial\">Mais je ne me sens pas \u00e9panouie. Loin de l\u00e0. Je me sens cantonn\u00e9e \u00e0 mon r\u00f4le de maman qui n\u2019est pas tout dans ma vie. Pour moi, la vie est compos\u00e9e de multiples facettes qui, juxtapos\u00e9es, forment la personnalit\u00e9. Travail et famille sont les deux principales pour moi, mais aucune ne doit prendre l\u2019ascendant sur l\u2019autre sous peine de dangereux d\u00e9s\u00e9quilibre ! <\/span><\/p>\n<p class=\"MsoNormal\"><span style=\"font-size: 10pt; font-family: Arial\">Je r\u00eave de me lever le matin, de faire la course pour amener qui chez la nounou, qui \u00e0 l\u2019\u00e9cole, puis de courir au travail et rebelote le soir mais en sens inverse !<\/span><\/p>\n<p class=\"MsoNormal\"><span style=\"font-size: 10pt; font-family: Arial\">J\u2019\u00e9vite d\u2019en parler aux gens que je rencontre, j\u2019ai peur qu\u2019ils me prennent pour une folle qui n\u2019a pas conscience de sa chance.<\/span><\/p>\n<p class=\"MsoNormal\"><span style=\"font-size: 10pt; font-family: Arial\">A mon avis, une maman \u00e9panouie est le meilleur atout pour des enfants. Si une m\u00e8re ne se sent pas pleinement satisfaite, les enfants le ressentent, j\u2019en suis persuad\u00e9e. Je pense qu\u2019il vaut mieux \u00eatre moins pr\u00e9sente mais \u00ab bien \u00bb pr\u00e9sente que l\u00e0 mais en r\u00eavant \u00e0 autre chose.<\/span><\/p>\n<p class=\"MsoNormal\"><span style=\"font-size: 10pt; font-family: Arial\">Et pourtant, l\u2019envie d\u2019un troisi\u00e8me me taraude de temps en temps, va comprendre, Charles !<\/span><\/p>\n<p class=\"MsoNormal\"><span style=\"font-size: 10pt; font-family: Arial\">Sign\u00e9 : C\u00e9cile de Brest \u00bb<\/span><\/p>\n","protected":false},"excerpt":{"rendered":"<p>\u00ab J\u2019ai 30 ans. Et deux enfants. Trois ans et demi pour mon a\u00een\u00e9e et dix-huit mois pour mon second. Quand mon fils est n\u00e9, mon mari a \u00e9t\u00e9 mut\u00e9 en r\u00e9gion parisienne et je&#8230;<br \/> <a class=\"read-more\" href=\"https:\/\/www.monblogdefille.com\/blog\/maman%e2%80%a6-mais-pas-seulement-par-cecile-de-brest\/\">Lire la suite \u00bb<\/a><\/p>\n","protected":false},"author":3,"featured_media":123973,"comment_status":"open","ping_status":"open","sticky":false,"template":"","format":"standard","meta":{"footnotes":""},"categories":[5377],"tags":[20034],"class_list":["post-124034","post","type-post","status-publish","format-standard","has-post-thumbnail","hentry","category-o-toi-lectrice","tag-maternite"],"_links":{"self":[{"href":"https:\/\/www.monblogdefille.com\/blog\/wp-json\/wp\/v2\/posts\/124034","targetHints":{"allow":["GET"]}}],"collection":[{"href":"https:\/\/www.monblogdefille.com\/blog\/wp-json\/wp\/v2\/posts"}],"about":[{"href":"https:\/\/www.monblogdefille.com\/blog\/wp-json\/wp\/v2\/types\/post"}],"author":[{"embeddable":true,"href":"https:\/\/www.monblogdefille.com\/blog\/wp-json\/wp\/v2\/users\/3"}],"replies":[{"embeddable":true,"href":"https:\/\/www.monblogdefille.com\/blog\/wp-json\/wp\/v2\/comments?post=124034"}],"version-history":[{"count":0,"href":"https:\/\/www.monblogdefille.com\/blog\/wp-json\/wp\/v2\/posts\/124034\/revisions"}],"wp:featuredmedia":[{"embeddable":true,"href":"https:\/\/www.monblogdefille.com\/blog\/wp-json\/wp\/v2\/media\/123973"}],"wp:attachment":[{"href":"https:\/\/www.monblogdefille.com\/blog\/wp-json\/wp\/v2\/media?parent=124034"}],"wp:term":[{"taxonomy":"category","embeddable":true,"href":"https:\/\/www.monblogdefille.com\/blog\/wp-json\/wp\/v2\/categories?post=124034"},{"taxonomy":"post_tag","embeddable":true,"href":"https:\/\/www.monblogdefille.com\/blog\/wp-json\/wp\/v2\/tags?post=124034"}],"curies":[{"name":"wp","href":"https:\/\/api.w.org\/{rel}","templated":true}]}}