{"id":124027,"date":"2008-03-31T09:15:34","date_gmt":"2008-03-31T07:15:34","guid":{"rendered":"http:\/\/www.monblogdefille.com\/blog\/20080331la-majorite-des-femmes-qui-se-lancent-dans-l%e2%80%99epilation-laser-commencent-par-le-maillot"},"modified":"2012-07-25T11:33:19","modified_gmt":"2012-07-25T09:33:19","slug":"la-majorite-des-femmes-qui-se-lancent-dans-l%e2%80%99epilation-laser-commencent-par-le-maillot","status":"publish","type":"post","link":"https:\/\/www.monblogdefille.com\/blog\/la-majorite-des-femmes-qui-se-lancent-dans-l%e2%80%99epilation-laser-commencent-par-le-maillot\/","title":{"rendered":"La majorit\u00e9 des femmes qui se lancent dans l\u2019\u00e9pilation laser commencent par le maillot"},"content":{"rendered":"<p class=\"MsoNormal\"><img decoding=\"async\" src=\"http:\/\/www.monblogdefille.com\/blog\/wp-content\/uploads\/2008\/03\/ours-web.jpg\" alt=\"ours-web.jpg\" align=\"left\" \/><span style=\"font-size: 10pt; font-family: Arial\">Ca veut dire qu\u2019elles le font pour les mecs. Ne me dites pas qu\u2019elles passent leur vie en maillot de bain, je n\u2019y crois pas (et si c\u2019est le cas elles ne sont en effet pas concern\u00e9es par cette question).<o><\/o><br \/>\nSi elles commencent pas le maillot c\u2019est pour \u00eatre nickel dans l\u2019intimit\u00e9.<o><\/o><br \/>\nDonc pas pour elles-m\u00eames, mais pour les mecs (ou les filles, on s\u2019en fout, la motivation est la m\u00eame).<o><\/o><\/span>\n<\/p>\n<p class=\"MsoNormal\"><span style=\"font-size: 10pt; font-family: Arial\">Il s&rsquo;agit de correspondre \u00e0 l\u2019id\u00e9e de la femme-objet sexuel, lisse et imberbe de la fesse.<o><\/o><\/span><\/p>\n<p class=\"MsoNormal\"><span style=\"font-size: 10pt; font-family: Arial\">Si j\u2019avais eu moins de sous quand j\u2019ai commenc\u00e9 le laser, je n\u2019aurais fait que les jambes, ou que les aisselles. Pour moi. Pour pouvoir me mettre en jupe ou en d\u00e9bardeur sans r\u00e9fl\u00e9chir.<o><\/o><br \/>\nLes maillots j\u2019en porte une semaine par an, \u00e7a m\u2019aurait \u00e9t\u00e9 bien \u00e9gal de continuer \u00e0 la cire sur cette zone.<o><\/o><br \/>\nEt dans l\u2019intimit\u00e9 personne ne s\u2019est jamais plaint de ma pilosit\u00e9.<o><\/o><\/span>\n<\/p>\n<p class=\"MsoNormal\"><span style=\"font-size: 10pt; font-family: Arial\"><o><\/o>J\u2019imagine bien que vous allez protester vigoureusement que pas du tout, les poils incarn\u00e9s et tout et tout.<o><\/o><\/span><\/p>\n<p class=\"MsoNormal\"><span style=\"font-size: 10pt; font-family: Arial\"><o><\/o>Ou bien alors vous allez me r\u00e9torquer : \u00ab et alors ? Quand bien m\u00eame elles le feraient pour les mecs, o\u00f9 est le probl\u00e8me ? \u00bb.<o><\/o><\/span><\/p>\n<p class=\"MsoNormal\"><span style=\"font-size: 10pt; font-family: Arial\"><o><\/o>Le probl\u00e8me c\u2019est de se comporter comme un objet fruit du machisme, selon moi (mais je reconnais que ma vision des choses est, dans ce domaine, extr\u00eamement tranch\u00e9e).<o><\/o><\/span><\/p>\n<p class=\"MsoNormal\"><span style=\"font-size: 10pt; font-family: Arial\"><o><\/o>Je n\u2019accuse personne (en d\u00e9pit des apparences de ce billet un peu rentre-dedans), on n\u2019est pas responsables de ce que la soci\u00e9t\u00e9 met en nous. En revanche on est responsable de le perp\u00e9tuer.<o><\/o><\/span><\/p>\n<p class=\"MsoNormal\"><span style=\"font-size: 10pt; font-family: Arial\"><o><\/o>R\u00e9fl\u00e9chissez-y, quand m\u00eame\u2026 souvent on est soi-m\u00eame l\u2019instrument du sexisme, sans s\u2019en rendre compte\u2026<o><\/o><\/span><\/p>\n","protected":false},"excerpt":{"rendered":"<p class=\"MsoNormal\"><img decoding=\"async\" src=\"http:\/\/www.monblogdefille.com\/blog\/wp-content\/uploads\/2008\/03\/ours-web.jpg\" alt=\"ours-web.jpg\" align=\"left\"\/><span style=\"font-size: 10pt; font-family: Arial\">Ca veut dire qu\u2019elles le font pour les mecs. Ne me dites pas qu\u2019elles passent leur vie en maillot de bain, je n\u2019y crois pas (et si c\u2019est le cas elles ne sont en effet pas concern\u00e9es par cette question).<o :p><\/o><br \/>\nSi elles commencent pas le maillot c\u2019est pour \u00eatre nickel dans l\u2019intimit\u00e9.<o :p><\/o><br \/>\nDonc pas pour elles-m\u00eames, mais pour les mecs (ou les filles, on s\u2019en fout, la motivation est la m\u00eame).<o :p><\/o><\/span>\n<\/p>\n<p class=\"MsoNormal\"><span style=\"font-size: 10pt; font-family: Arial\">Il s&rsquo;agit de correspondre \u00e0 l\u2019id\u00e9e de la femme-objet sexuel, lisse et imberbe de la fesse.<o :p><\/o><\/span><\/p>\n<p class=\"MsoNormal\"><span style=\"font-size: 10pt; font-family: Arial\">Si j\u2019avais eu moins de sous quand j\u2019ai commenc\u00e9 le laser, je n\u2019aurais fait que les jambes, ou que les aisselles. Pour moi. Pour pouvoir me mettre en jupe ou en d\u00e9bardeur sans r\u00e9fl\u00e9chir.<o :p><\/o><br \/>\nLes maillots j\u2019en porte une semaine par an, \u00e7a m\u2019aurait \u00e9t\u00e9 bien \u00e9gal de continuer \u00e0 la cire sur cette zone.<o :p><\/o><br \/>\nEt dans l\u2019intimit\u00e9 personne ne s\u2019est jamais plaint de ma pilosit\u00e9.<o :p><\/o><\/span>\n<\/p>\n<p class=\"MsoNormal\"><span style=\"font-size: 10pt; font-family: Arial\"><o :p><\/o>J\u2019imagine bien que vous allez protester vigoureusement que pas du tout, les poils incarn\u00e9s et tout et tout.<o :p><\/o><\/span><\/p>\n<p class=\"MsoNormal\"><span style=\"font-size: 10pt; font-family: Arial\"><o :p><\/o>Ou bien alors vous allez me r\u00e9torquer : \u00ab et alors ? Quand bien m\u00eame elles le feraient pour les mecs, o\u00f9 est le probl\u00e8me ? \u00bb.<o :p><\/o><\/span><\/p>\n<p class=\"MsoNormal\"><span style=\"font-size: 10pt; font-family: Arial\"><o :p><\/o>Le probl\u00e8me c\u2019est de se comporter comme un objet fruit du machisme, selon moi (mais je reconnais que ma vision des choses est, dans ce domaine, extr\u00eamement tranch\u00e9e).<o :p><\/o><\/span><\/p>\n<p class=\"MsoNormal\"><span style=\"font-size: 10pt; font-family: Arial\"><o :p><\/o>Je n\u2019accuse personne (en d\u00e9pit des apparences de ce billet un peu rentre-dedans), on n\u2019est pas responsables de ce que la soci\u00e9t\u00e9 met en nous. En revanche on est responsable de le perp\u00e9tuer.<o :p><\/o><\/span><\/p>\n<p class=\"MsoNormal\"><span style=\"font-size: 10pt; font-family: Arial\"><o :p><\/o>R\u00e9fl\u00e9chissez-y, quand m\u00eame\u2026 souvent on est soi-m\u00eame l\u2019instrument du sexisme, sans s\u2019en rendre compte\u2026<o :p><\/o><\/span><\/p>\n","protected":false},"author":3,"featured_media":124026,"comment_status":"open","ping_status":"open","sticky":false,"template":"","format":"standard","meta":{"footnotes":""},"categories":[20040,1479],"tags":[20120,19945,20179],"class_list":["post-124027","post","type-post","status-publish","format-standard","has-post-thumbnail","hentry","category-medecine-esthetique","category-poils-cils-sourcils","tag-epilation","tag-laser","tag-medecine-esthetique"],"_links":{"self":[{"href":"https:\/\/www.monblogdefille.com\/blog\/wp-json\/wp\/v2\/posts\/124027","targetHints":{"allow":["GET"]}}],"collection":[{"href":"https:\/\/www.monblogdefille.com\/blog\/wp-json\/wp\/v2\/posts"}],"about":[{"href":"https:\/\/www.monblogdefille.com\/blog\/wp-json\/wp\/v2\/types\/post"}],"author":[{"embeddable":true,"href":"https:\/\/www.monblogdefille.com\/blog\/wp-json\/wp\/v2\/users\/3"}],"replies":[{"embeddable":true,"href":"https:\/\/www.monblogdefille.com\/blog\/wp-json\/wp\/v2\/comments?post=124027"}],"version-history":[{"count":0,"href":"https:\/\/www.monblogdefille.com\/blog\/wp-json\/wp\/v2\/posts\/124027\/revisions"}],"wp:featuredmedia":[{"embeddable":true,"href":"https:\/\/www.monblogdefille.com\/blog\/wp-json\/wp\/v2\/media\/124026"}],"wp:attachment":[{"href":"https:\/\/www.monblogdefille.com\/blog\/wp-json\/wp\/v2\/media?parent=124027"}],"wp:term":[{"taxonomy":"category","embeddable":true,"href":"https:\/\/www.monblogdefille.com\/blog\/wp-json\/wp\/v2\/categories?post=124027"},{"taxonomy":"post_tag","embeddable":true,"href":"https:\/\/www.monblogdefille.com\/blog\/wp-json\/wp\/v2\/tags?post=124027"}],"curies":[{"name":"wp","href":"https:\/\/api.w.org\/{rel}","templated":true}]}}