{"id":123974,"date":"2008-03-20T08:41:38","date_gmt":"2008-03-20T07:41:38","guid":{"rendered":"http:\/\/www.monblogdefille.com\/blog\/20080320la-fin-de-la-terreur-helas"},"modified":"2008-05-23T16:03:42","modified_gmt":"2008-05-23T14:03:42","slug":"la-fin-de-la-terreur-helas","status":"publish","type":"post","link":"https:\/\/www.monblogdefille.com\/blog\/la-fin-de-la-terreur-helas\/","title":{"rendered":"La fin de la Terreur, h\u00e9las"},"content":{"rendered":"<p><img decoding=\"async\" src=\"http:\/\/www.monblogdefille.com\/blog\/wp-content\/uploads\/2008\/03\/bouquins_terreur.jpg\" alt=\"bouquins_terreur.jpg\" align=\"left\" \/><span style=\"font-size: 10pt; font-family: Arial\">Les enfants je suis au bord du gouffre et bien pr\u00e8s de l\u2019abattement le plus noir : apr\u00e8s s\u2019\u00eatre r\u00e9duit de mois en mois comme une peau de chagrin, le rayon Fantastique de ma Fnac a compl\u00e8tement disparu, laissant toute la place aux Policier \/ Thriller et \u00e0 la Fantasy.<o><\/o><\/span><\/p>\n<p class=\"MsoNormal\"><span style=\"font-size: 10pt; font-family: Arial\"><o><\/o>Or je honnis l\u2019un autant que l\u2019autre, les flics et les elfes m\u2019emmerdent avec la m\u00eame abyssalit\u00e9.<\/span><\/p>\n<p class=\"MsoNormal\"><span style=\"font-size: 10pt; font-family: Arial\">Moi ce que j\u2019aime c\u2019est le d\u00e9mon, le fant\u00f4me, la goule, le vampire, l\u2019\u00e2me errante, le monstre, l\u2019alien terrifiant, l\u2019innommable sorti des enfers\u2026<o><\/o><br \/>\n<\/span><\/p>\n<p><span style=\"font-size: 10pt; font-family: Arial\">Comment je vais faire maintenant pour d\u00e9gotter un Koontz ou un Straub in\u00e9dit ? O\u00f9 est-ce que je vais m\u2019approvisionner en Masterton, Wilson, Herbert, Saberhagen ?<\/span><\/p>\n<p><span style=\"font-size: 10pt; font-family: Arial\">Il ne reste plus que le grand King\u2026 (oui parce que Rice et la famille Taltos-Lestat, \u00e7a va 5 minutes, et en plus la Fantasy n\u2019est pas loin).<o><\/o><br \/>\n<\/span><\/p>\n<p><span style=\"font-size: 10pt; font-family: Arial\">C\u2019est affreux, je vais \u00eatre oblig\u00e9e de me mettre \u00e0 Amazon et plus jamais je n\u2019aurai le plaisir de toucher un bouquin avant de l\u2019acheter\u2026<o><\/o><\/span><\/p>\n","protected":false},"excerpt":{"rendered":"<p><img decoding=\"async\" src=\"http:\/\/www.monblogdefille.com\/blog\/wp-content\/uploads\/2008\/03\/bouquins_terreur.jpg\" alt=\"bouquins_terreur.jpg\" align=\"left\" \/><span style=\"font-size: 10pt; font-family: Arial\">Les enfants je suis au bord du gouffre et bien pr\u00e8s de l\u2019abattement le plus noir : apr\u00e8s s\u2019\u00eatre r\u00e9duit de mois en mois comme une peau de chagrin, le rayon Fantastique de ma Fnac a compl\u00e8tement disparu, laissant toute la place aux Policier \/ Thriller et \u00e0 la Fantasy.<o><\/o><\/span><\/p>\n<p class=\"MsoNormal\"><span style=\"font-size: 10pt; font-family: Arial\"><o><\/o>Or je honnis l\u2019un autant que l\u2019autre, les flics et les elfes m\u2019emmerdent avec la m\u00eame abyssalit\u00e9.<\/span><\/p>\n<p class=\"MsoNormal\"><span style=\"font-size: 10pt; font-family: Arial\">Moi ce que j\u2019aime c\u2019est le d\u00e9mon, le fant\u00f4me, la goule, le vampire, l\u2019\u00e2me errante, le monstre, l\u2019alien terrifiant, l\u2019innommable sorti des enfers\u2026<o><\/o><br \/>\n<\/span><\/p>\n<p><span style=\"font-size: 10pt; font-family: Arial\">Comment je vais faire maintenant pour d\u00e9gotter un Koontz ou un Staub in\u00e9dit ? O\u00f9 est-ce que je vais m\u2019approvisionner en Masterton, Wilson, Herbert, Saberhagen ?<\/span><\/p>\n<p><span style=\"font-size: 10pt; font-family: Arial\">Il ne reste plus que le grand King\u2026 (oui parce que Rice et la famille Taltos-Lestat, \u00e7a va 5 minutes, et en plus la Fantasy n\u2019est pas loin).<o><\/o><br \/>\n<\/span><\/p>\n<p><span style=\"font-size: 10pt; font-family: Arial\">C\u2019est affreux, je vais \u00eatre oblig\u00e9e de me mettre \u00e0 Amazon et plus jamais je n\u2019aurai le plaisir de toucher un bouquin avant de l\u2019acheter\u2026<o><\/o><\/span><\/p>\n","protected":false},"author":3,"featured_media":123975,"comment_status":"open","ping_status":"open","sticky":false,"template":"","format":"standard","meta":{"footnotes":""},"categories":[1481],"tags":[],"class_list":["post-123974","post","type-post","status-publish","format-standard","has-post-thumbnail","hentry","category-malgre-les-apparences-je-sais-lire"],"_links":{"self":[{"href":"https:\/\/www.monblogdefille.com\/blog\/wp-json\/wp\/v2\/posts\/123974","targetHints":{"allow":["GET"]}}],"collection":[{"href":"https:\/\/www.monblogdefille.com\/blog\/wp-json\/wp\/v2\/posts"}],"about":[{"href":"https:\/\/www.monblogdefille.com\/blog\/wp-json\/wp\/v2\/types\/post"}],"author":[{"embeddable":true,"href":"https:\/\/www.monblogdefille.com\/blog\/wp-json\/wp\/v2\/users\/3"}],"replies":[{"embeddable":true,"href":"https:\/\/www.monblogdefille.com\/blog\/wp-json\/wp\/v2\/comments?post=123974"}],"version-history":[{"count":0,"href":"https:\/\/www.monblogdefille.com\/blog\/wp-json\/wp\/v2\/posts\/123974\/revisions"}],"wp:featuredmedia":[{"embeddable":true,"href":"https:\/\/www.monblogdefille.com\/blog\/wp-json\/wp\/v2\/media\/123975"}],"wp:attachment":[{"href":"https:\/\/www.monblogdefille.com\/blog\/wp-json\/wp\/v2\/media?parent=123974"}],"wp:term":[{"taxonomy":"category","embeddable":true,"href":"https:\/\/www.monblogdefille.com\/blog\/wp-json\/wp\/v2\/categories?post=123974"},{"taxonomy":"post_tag","embeddable":true,"href":"https:\/\/www.monblogdefille.com\/blog\/wp-json\/wp\/v2\/tags?post=123974"}],"curies":[{"name":"wp","href":"https:\/\/api.w.org\/{rel}","templated":true}]}}