{"id":123949,"date":"2008-03-14T08:05:03","date_gmt":"2008-03-14T07:05:03","guid":{"rendered":"http:\/\/www.monblogdefille.com\/blog\/20080314les-yeux-de-meelu"},"modified":"2014-03-14T10:20:34","modified_gmt":"2014-03-14T09:20:34","slug":"les-yeux-de-meelu","status":"publish","type":"post","link":"https:\/\/www.monblogdefille.com\/blog\/les-yeux-de-meelu\/","title":{"rendered":"Maquillage yeux bleus &#8211; Les yeux de Meel\u00fc"},"content":{"rendered":"<p class=\"MsoNormal\"><span style=\"text-decoration: underline;\"><span style=\"font-size: 10pt; font-family: Arial;\">Meel\u00fc nous dit :<\/span><\/span><\/p>\n<p class=\"MsoNormal\"><span style=\"font-size: 10pt; font-family: Arial;\">\u00ab Bonjour,<br \/>\nMalgr\u00e9 toutes les vid\u00e9os, tous les trucs de maquilleurs vus sur le net, je n&rsquo;arrive toujours pas \u00e0 me faire un maquillage qui \u00ab\u00a0d\u00e9chire\u00a0\u00bb !<br \/>\n<!--[if !supportLineBreakNewLine]--><\/span><\/p>\n<p class=\"MsoNormal\"><span style=\"font-size: 10pt; font-family: Arial;\">Je suis ch\u00e2tain fonc\u00e9 aux yeux bleus et \u00e0 la peau tr\u00e8s claire et mes sourcils ont une forme pas possible !!<br \/>\n<\/span><\/p>\n<p class=\"MsoNormal\"><span style=\"font-size: 10pt; font-family: Arial;\">La 1\u00e8re photo est sans make-up&#8230; une horreur !<\/span><\/p>\n<p><img decoding=\"async\" alt=\"meelu1.jpg\" src=\"http:\/\/www.monblogdefille.com\/blog\/wp-content\/uploads\/2008\/03\/meelu1.jpg\" \/><\/p>\n<p class=\"MsoNormal\"><span style=\"font-size: 10pt; font-family: Arial;\">Et la 2\u00e8me avec le maquillage de tous les jours (palette grise de chez Shisheido, crayon noir et mascara Lash Queen de HR).<\/span><\/p>\n<p><img decoding=\"async\" alt=\"meelu2.jpg\" src=\"http:\/\/www.monblogdefille.com\/blog\/wp-content\/uploads\/2008\/03\/meelu2.jpg\" \/><\/p>\n<p class=\"MsoNormal\"><span style=\"font-size: 10pt; font-family: Arial;\">Pour le teint j&rsquo;utilise le kit bareminerales clair et je met juste du gloss parce que mes l\u00e8vres sont hyper fines donc le rouge \u00e7a me va pas&#8230; <\/span><\/p>\n<p class=\"MsoNormal\"><span style=\"font-size: 10pt; font-family: Arial;\">Pour les yeux, je cherche vraiment \u00e0 les mettre en valeur et aussi \u00e0 dompter mes sourcils que je hais !!<\/span><\/p>\n<p class=\"MsoNormal\"><img decoding=\"async\" alt=\"meelu3.jpg\" src=\"http:\/\/www.monblogdefille.com\/blog\/wp-content\/uploads\/2008\/03\/meelu3.jpg\" \/><\/p>\n<p class=\"MsoNormal\"><img decoding=\"async\" alt=\"meelu4.jpg\" src=\"http:\/\/www.monblogdefille.com\/blog\/wp-content\/uploads\/2008\/03\/meelu4.jpg\" \/><\/p>\n<p class=\"MsoNormal\"><span style=\"font-size: 10pt; font-family: Arial;\"> J&rsquo;attends vos conseils avec impatience!!<br \/>\n<\/span><\/p>\n<p class=\"MsoNormal\"><span style=\"font-size: 10pt; font-family: Arial;\">Merci ! \u00bb<\/span><\/p>\n<p><span style=\"text-decoration: underline;\"><span style=\"font-size: 10pt; font-family: Arial;\">J\u2019en dis :<\/span><\/span><br \/>\n<span style=\"font-size: 10pt; font-family: Arial;\"><br \/>\nArhhhhhhhhhhhhhhhhhh !! Des yeux de loup, sublimes sublimes !!!<br \/>\nJ\u2019ai imm\u00e9diatement pens\u00e9 \u00e0 <a href=\"http:\/\/www.monblogdefille.com\/blog\/20071207les-yeux-de-broutilles\" target=\"_blank\">Broutilles<\/a>, il faut absolument que tu regardes son maquillage, \u00e7a devrait t\u2019inspirer !<br \/>\n<\/span><\/p>\n<p class=\"MsoNormal\"><span style=\"font-size: 10pt; font-family: Arial;\">Bon t\u2019inqui\u00e8te hein, tu vas quand m\u00eame avoir des conseils rien que pour toi ;-)<br \/>\nTu pars donc avec une base hallucinante, petite veinarde, et il y a de quoi faire des choses ravissantes.<br \/>\n<\/span><\/p>\n<p class=\"MsoNormal\"><span style=\"font-size: 10pt; font-family: Arial;\">J\u2019adore ton maquillage de tous les jours, il est absolument parfait sur toi !<br \/>\nJe suis moins fan du maquillage n\u00b04, avec le trait de crayon noir dans l\u2019\u0153il. Ca durcit sans mettre ton regard en valeur, hop, \u00e0 oublier.<br \/>\n<\/span><\/p>\n<p class=\"MsoNormal\"><span style=\"font-size: 10pt; font-family: Arial;\">D\u2019une mani\u00e8re g\u00e9n\u00e9rale j\u2019essaierais de reproduire ton maquillage de tous les jours qui est vraiment adapt\u00e9 \u00e0 tes yeux, en essayant d\u2019autres couleurs pour voir ce que \u00e7a donne : \u00e9videment du taupe, et puis du brun gris\u00e9, du brun tout court, du bleu ardoise, voire peut-\u00eatre du bleu marine mais \u00e0 manier avec pr\u00e9caution ;-) Tout \u00e7a dans des fards mats, doux, jamais rouges.<br \/>\n<\/span><\/p>\n<p class=\"MsoNormal\"><span style=\"font-size: 10pt; font-family: Arial;\">Tes cils sont longs et recourb\u00e9s, si tu veux intensifier plus ton regard tu peux essayer du mascara \u00e9paississant, plusieurs couches (et noir, \u00e9videmment).<br \/>\n<\/span><\/p>\n<p class=\"MsoNormal\"><span style=\"font-size: 10pt; font-family: Arial;\">C\u00f4t\u00e9 sourcils ils sont comment aujourd\u2019hui ? Parce qu\u2019entre les photos 1 et 2, et les 3 et 4, il y a une diff\u00e9rence. Je dirais qu\u2019il faut te baser sur la photo n\u00b0 4, sourcil gauche (donc \u00e0 droite sur la photo) et reproduire a m\u00eame chose sur l\u2019autre sourcil, qui a l\u2019air plus fourni.<br \/>\n<\/span><\/p>\n<p class=\"MsoNormal\"><span style=\"font-size: 10pt; font-family: Arial;\">Ils ont l\u2019air assez longs, tu peux les brosser puis les fixer avec un peu de gel pour \u00e9viter le c\u00f4t\u00e9 fouillis (ne les coupe pas, \u00e7a n\u2019irait pas avec al douceur de ton regard).<br \/>\n<\/span><\/p>\n<p class=\"MsoNormal\"><span style=\"font-size: 10pt; font-family: Arial;\">Que t\u2019en semble ? Les filles ?<\/span><\/p>\n<p class=\"MsoNormal\">\n<p class=\"MsoNormal\"><strong><span style=\"text-decoration: underline;\"><span style=\"font-size: 10pt; font-family: Arial;\">Les essais :<\/span><\/span><\/strong><\/p>\n<p class=\"MsoNormal\"><span style=\"font-size: 10pt; font-family: Arial;\">\u00ab Voici les premiers essais : le Satin Taupe de chez M.A.C, personnellement j&rsquo;aime beaucoup !!<\/span><\/p>\n<p><img decoding=\"async\" alt=\"meelu-taupe2.jpg\" src=\"http:\/\/www.monblogdefille.com\/blog\/wp-content\/uploads\/2008\/03\/meelu-taupe2.jpg\" \/><\/p>\n<p class=\"MsoNormal\"><span style=\"font-size: 10pt; font-family: Arial;\">Ensuite le Knight Divine un gris bleut\u00e9 de chez MAC \u00e9galement&#8230;<\/span><\/p>\n<p><img decoding=\"async\" alt=\"meelu-knight-divine1.jpg\" src=\"http:\/\/www.monblogdefille.com\/blog\/wp-content\/uploads\/2008\/03\/meelu-knight-divine1.jpg\" \/><\/p>\n<p class=\"MsoNormal\"><span style=\"font-size: 10pt; font-family: Arial;\">Et enfin le bleu le plus fonc\u00e9 de la palette yeux bleus de l&rsquo;Or\u00e9al franchement pas terrible \u00e0 appliquer par rapport au 2 autres ! (Je me rend compte que mon mascara est une catastrophe j&rsquo;en ach\u00e8terais un le mois prochain je pense !)<\/span><\/p>\n<p><img decoding=\"async\" alt=\"meelu-bleu1.jpg\" src=\"http:\/\/www.monblogdefille.com\/blog\/wp-content\/uploads\/2008\/03\/meelu-bleu1.jpg\" \/><\/p>\n<p class=\"MsoNormal\"><span style=\"font-size: 10pt; font-family: Arial;\">J&rsquo;ai par contre un souci pour appliquer la m\u00eame quantit\u00e9 des 2 c\u00f4t\u00e9s !!!<\/span><\/p>\n<p><img decoding=\"async\" alt=\"meelu-bleu2.jpg\" src=\"http:\/\/www.monblogdefille.com\/blog\/wp-content\/uploads\/2008\/03\/meelu-bleu2.jpg\" \/><\/p>\n<p class=\"MsoNormal\"><span style=\"font-size: 10pt; font-family: Arial;\">Toujours le m\u00eame probl\u00e8me de sourcils, ils sont pas sym\u00e9triques !<br \/>\n<!--[if !supportLineBreakNewLine]--><!--[endif]--><\/span><\/p>\n<p class=\"MsoNormal\"><span style=\"font-size: 10pt; font-family: Arial;\">Alors, qu&rsquo;en dites-vous ?!? \u00bb<\/span><\/p>\n<p class=\"MsoNormal\"><span style=\"text-decoration: underline;\"><span style=\"font-size: 10pt; font-family: Arial;\">J\u2019en dis :<\/span><\/span><\/p>\n<p class=\"MsoNormal\"><span style=\"font-size: 10pt; font-family: Arial;\">Tout \u00e7a est ravissant, notamment le knight divine que j\u2019adore sur tes yeux (bon sang j\u2019avais oubli\u00e9 qu\u2019ils \u00e9taient aussi magnifiques !), mais tu en mets visiblement tr\u00e8s peu et on ne voit presque rien ! ;-))<br \/>\nIl faut que tu r\u00e9essayes en y allant carr\u00e9ment, tu ne risques rien, c\u2019est juste du fard \u00e0 paupi\u00e8res ;-)<br \/>\nBon cela dit il est fort possible que les photos bouffent la couleur, comme c\u2019est souvent le cas.<\/span><\/p>\n<p class=\"MsoNormal\"><span style=\"font-size: 10pt; font-family: Arial;\">J\u2019aime beaucoup la l\u00e9g\u00e8ret\u00e9 du trait de fard sous l\u2019\u0153il, on le voit \u00e0 peine mais il est l\u00e0 et en souligne la forme, c\u2019est tr\u00e8s joli.<\/span><\/p>\n<p class=\"MsoNormal\"><span style=\"font-size: 10pt; font-family: Arial;\">Pour l\u2019application in\u00e9gale sur la paupi\u00e8re sup\u00e9rieure, \u00e7a va venir avec l\u2019entra\u00eenement ;-) Tu fais \u00e7a avec un bon pinceau ?<\/span><\/p>\n<p class=\"MsoNormal\"><span style=\"font-size: 10pt; font-family: Arial;\">Je pense que tu peux \u00e9tendre un peu la zone d\u2019application, sur la paupi\u00e8re sup\u00e9rieure, et d\u00e9border l\u00e9g\u00e8rement sur la paupi\u00e8re fixe. On verra un peu plus le fard lorsque tu as l\u2019\u0153il ouvert, de cette fa\u00e7on.<\/span><\/p>\n<p class=\"MsoNormal\"><span style=\"font-size: 10pt; font-family: Arial;\">Les filles, vous en pensez quoi ?<\/span><\/p>\n<p class=\"MsoNormal\"><span style=\"text-decoration: underline;\"><strong>Encore !<\/strong><\/span><\/p>\n<p class=\"MsoNormal\">Regarde, Brigitte a rentr\u00e9 ta phto dans Taaz et t&rsquo;a maquill\u00e9 les yeux en bleu en ayant la main plus lourde que toi (et en te mettant d&rsquo;imenses faux cils), \u00e7a donne une bonne id\u00e9e de la fa\u00e7on d&rsquo;appliquer le fard :<\/p>\n<p class=\"MsoNormal\"><img decoding=\"async\" alt=\"meelu.jpg\" src=\"http:\/\/www.monblogdefille.com\/blog\/wp-content\/uploads\/2008\/03\/meelu.jpg\" \/><\/p>\n<p class=\"MsoNormal\">\n","protected":false},"excerpt":{"rendered":"<p><img decoding=\"async\" src=\"http:\/\/www.monblogdefille.com\/blog\/wp-content\/uploads\/2008\/03\/meelu2-200.jpg\" alt=\"meelu2-200.jpg\" \/><\/p>\n","protected":false},"author":3,"featured_media":123950,"comment_status":"open","ping_status":"open","sticky":false,"template":"","format":"standard","meta":{"footnotes":""},"categories":[1],"tags":[],"class_list":["post-123949","post","type-post","status-publish","format-standard","has-post-thumbnail","hentry","category-uncategorized"],"_links":{"self":[{"href":"https:\/\/www.monblogdefille.com\/blog\/wp-json\/wp\/v2\/posts\/123949","targetHints":{"allow":["GET"]}}],"collection":[{"href":"https:\/\/www.monblogdefille.com\/blog\/wp-json\/wp\/v2\/posts"}],"about":[{"href":"https:\/\/www.monblogdefille.com\/blog\/wp-json\/wp\/v2\/types\/post"}],"author":[{"embeddable":true,"href":"https:\/\/www.monblogdefille.com\/blog\/wp-json\/wp\/v2\/users\/3"}],"replies":[{"embeddable":true,"href":"https:\/\/www.monblogdefille.com\/blog\/wp-json\/wp\/v2\/comments?post=123949"}],"version-history":[{"count":0,"href":"https:\/\/www.monblogdefille.com\/blog\/wp-json\/wp\/v2\/posts\/123949\/revisions"}],"wp:featuredmedia":[{"embeddable":true,"href":"https:\/\/www.monblogdefille.com\/blog\/wp-json\/wp\/v2\/media\/123950"}],"wp:attachment":[{"href":"https:\/\/www.monblogdefille.com\/blog\/wp-json\/wp\/v2\/media?parent=123949"}],"wp:term":[{"taxonomy":"category","embeddable":true,"href":"https:\/\/www.monblogdefille.com\/blog\/wp-json\/wp\/v2\/categories?post=123949"},{"taxonomy":"post_tag","embeddable":true,"href":"https:\/\/www.monblogdefille.com\/blog\/wp-json\/wp\/v2\/tags?post=123949"}],"curies":[{"name":"wp","href":"https:\/\/api.w.org\/{rel}","templated":true}]}}