{"id":123944,"date":"2008-03-13T09:14:32","date_gmt":"2008-03-13T08:14:32","guid":{"rendered":"http:\/\/www.monblogdefille.com\/blog\/20080313stage-cosmeto-pour-vanillangel"},"modified":"2009-01-26T02:02:18","modified_gmt":"2009-01-26T01:02:18","slug":"stage-cosmeto-pour-vanillangel","status":"publish","type":"post","link":"https:\/\/www.monblogdefille.com\/blog\/stage-cosmeto-pour-vanillangel\/","title":{"rendered":"Stage cosm\u00e9to pour VanillAngel"},"content":{"rendered":"<p class=\"MsoNormal\"><span style=\"font-size: 10pt; font-family: Arial\">\u00ab Coucou les filles !<o><\/o><\/span><\/p>\n<p class=\"MsoNormal\"><span style=\"font-size: 10pt; font-family: Arial\"><o><\/o>Alors voici ma requ\u00eate :<o><\/o><\/span><\/p>\n<p class=\"MsoNormal\"><span style=\"font-size: 10pt; font-family: Arial\"><o><\/o>Je cherche un stage !!!! Pourquoi ici, me demanderez-vous ? Parce que je cherche un stage dans le domaine des cosm\u00e9tiques ! Vu que je voue une folle passion au maquillage, au parfum et autres cr\u00e8mes, j\u2019ai d\u00e9cid\u00e9 que j\u2019allais les fabriquer, mes com\u00e9tiques !<o><\/o><\/span><\/p>\n<p class=\"MsoNormal\"><span style=\"font-size: 10pt; font-family: Arial\"><o><\/o>Et peut-\u00eatre que toi, lectrice (ou lecteur), tu exerces le m\u00e9tier de mes r\u00eaves et tu as besoin de moi, jeune stagiaire surmotiv\u00e9e !<o><\/o><\/span><\/p>\n<p class=\"MsoNormal\"><span style=\"font-size: 10pt; font-family: Arial\"><o><\/o>Alors si l\u2019une d\u2019entre vous a des contacts, voire travaille dans une entreprise qui fabrique des cosm\u00e9tiques ou des produits utilis\u00e9s par l\u2019industrie cosm\u00e9tique (pigments par exemple), ce serait super de me donner un petit coup de pouce !<o><\/o><\/span><\/p>\n<p class=\"MsoNormal\"><span style=\"font-size: 10pt; font-family: Arial\"><o><\/o>En r\u00e9sum\u00e9: je suis en deuxi\u00e8me ann\u00e9e ing\u00e9nieur en \u00e9cole de chimie, je cherche un stage ing\u00e9nieur de trois mois (d\u00e9but mi juin) en formulation. Je peux aller dans n\u2019importe quelle ville, et aller \u00e0 l\u2019\u00e9tranger ne me d\u00e9rangerait pas du tout, bien au contraire (je parle anglais et espagnol). <span> <\/span>Tous les d\u00e9tails sur mon CV !<o><\/o><\/span><\/p>\n<p class=\"MsoNormal\"><span style=\"font-size: 10pt; font-family: Arial\"><o><\/o>Merci \u00e0 toutes !<o><\/o><br \/>\nMerci H\u00e9l\u00e8ne !<o><\/o><\/span>\n<\/p>\n<p class=\"MsoNormal\"><span style=\"font-size: 10pt; font-family: Arial\">Sign\u00e9 : VanillAngel \u00bb<\/span><\/p>\n","protected":false},"excerpt":{"rendered":"<p>\u00ab Coucou les filles ! Alors voici ma requ\u00eate : Je cherche un stage !!!! Pourquoi ici, me demanderez-vous ? Parce que je cherche un stage dans le domaine des cosm\u00e9tiques ! Vu que je&#8230;<br \/> <a class=\"read-more\" href=\"https:\/\/www.monblogdefille.com\/blog\/stage-cosmeto-pour-vanillangel\/\">Lire la suite \u00bb<\/a><\/p>\n","protected":false},"author":3,"featured_media":0,"comment_status":"open","ping_status":"open","sticky":false,"template":"","format":"standard","meta":{"footnotes":""},"categories":[20012,1502],"tags":[],"class_list":["post-123944","post","type-post","status-publish","format-standard","hentry","category-brol-divers","category-wanted"],"_links":{"self":[{"href":"https:\/\/www.monblogdefille.com\/blog\/wp-json\/wp\/v2\/posts\/123944","targetHints":{"allow":["GET"]}}],"collection":[{"href":"https:\/\/www.monblogdefille.com\/blog\/wp-json\/wp\/v2\/posts"}],"about":[{"href":"https:\/\/www.monblogdefille.com\/blog\/wp-json\/wp\/v2\/types\/post"}],"author":[{"embeddable":true,"href":"https:\/\/www.monblogdefille.com\/blog\/wp-json\/wp\/v2\/users\/3"}],"replies":[{"embeddable":true,"href":"https:\/\/www.monblogdefille.com\/blog\/wp-json\/wp\/v2\/comments?post=123944"}],"version-history":[{"count":0,"href":"https:\/\/www.monblogdefille.com\/blog\/wp-json\/wp\/v2\/posts\/123944\/revisions"}],"wp:attachment":[{"href":"https:\/\/www.monblogdefille.com\/blog\/wp-json\/wp\/v2\/media?parent=123944"}],"wp:term":[{"taxonomy":"category","embeddable":true,"href":"https:\/\/www.monblogdefille.com\/blog\/wp-json\/wp\/v2\/categories?post=123944"},{"taxonomy":"post_tag","embeddable":true,"href":"https:\/\/www.monblogdefille.com\/blog\/wp-json\/wp\/v2\/tags?post=123944"}],"curies":[{"name":"wp","href":"https:\/\/api.w.org\/{rel}","templated":true}]}}