{"id":120280,"date":"2007-01-12T16:05:28","date_gmt":"2007-01-12T15:05:28","guid":{"rendered":"http:\/\/localhost\/wordpress\/?p=120280"},"modified":"2012-03-02T19:33:22","modified_gmt":"2012-03-02T18:33:22","slug":"creme-pas-grasse-pour-cecile-de-brest","status":"publish","type":"post","link":"https:\/\/www.monblogdefille.com\/blog\/creme-pas-grasse-pour-cecile-de-brest\/","title":{"rendered":"Cr\u00e8me pas grasse pour C\u00e9cile de Brest"},"content":{"rendered":"<p class=\"MsoNormal\"><img loading=\"lazy\" decoding=\"async\" src=\"wp-content\/themes\/default\/images\/wanted3.jpg\" width=\"166\" align=\"left\" border=\"0\" height=\"200\" \/><span style=\"font-size: 10pt; font-family: Arial\">\u00ab Bonjour les filles ;-)<\/span><\/p>\n<p class=\"MsoNormal\"><span style=\"font-size: 10pt; font-family: Arial\">Je suis \u00e0 la recherche d&rsquo;une cr\u00e8me pour les mains. L&rsquo;eau calcaire de la r\u00e9gion parisienne (\u00e0 laquelle mon d\u00e9licat \u00e9piderme de Bretonne n&rsquo;est pas habitu\u00e9) et le froid<br \/>\nhivernal rendent mes mains r\u00eaches et parfois tr\u00e8s s\u00e8ches notamment autour des<br \/>\nongles, pas top girly ;-)))<\/span><\/p>\n<p class=\"MsoNormal\"><span style=\"font-size: 10pt; font-family: Arial\">J&rsquo;ai d\u00e9j\u00e0 essay\u00e9 la cr\u00e8me Neutrogena, celle \u00e0 l&rsquo;huile de phoque et au beurre de caribou<br \/>\ndu Grand Nord que m\u00eame les marins norv\u00e9giens n&rsquo;utilisent que \u00e7a, et bien je n&rsquo;aime pas du tout ! Je trouve qu&rsquo;elle p\u00e9n\u00e8tre tr\u00e8s mal et surtout je ne supporte pas son parfum.<\/span>\n<\/p>\n<p class=\"MsoNormal\"><strong><span style=\"font-size: 10pt; font-family: Arial\">Je voudrais une cr\u00e8me l\u00e9g\u00e8re mais efficace, pr\u00e9sent\u00e9e en flacon-pompe (pour la facilit\u00e9 d&rsquo;utilisation) et que je puisse utiliser toute la journ\u00e9e, apr\u00e8s chaque lavage de mains.<\/span><\/strong><\/p>\n<p class=\"MsoNormal\"><span style=\"font-size: 10pt; font-family: Arial\">Alors je compte sur vous pour me conseiller LA cr\u00e8me, celle qui hydrate \u00e0 fond, qui sent bon et qui ne co\u00fbte pas un rein.<\/span><\/p>\n<p class=\"MsoNormal\"><span style=\"font-size: 10pt; font-family: Arial\">Merci d&rsquo;avance !<\/span><\/p>\n<p class=\"MsoNormal\"><span style=\"font-size: 10pt; font-family: Arial\">Sign\u00e9 : C\u00e9cile de Brest \u00bb<\/span><\/p>\n","protected":false},"excerpt":{"rendered":"<p>\u00ab Bonjour les filles ;-) Je suis \u00e0 la recherche d&rsquo;une cr\u00e8me pour les mains. L&rsquo;eau calcaire de la r\u00e9gion parisienne (\u00e0 laquelle mon d\u00e9licat \u00e9piderme de Bretonne n&rsquo;est pas habitu\u00e9) et le froid hivernal&#8230;<br \/> <a class=\"read-more\" href=\"https:\/\/www.monblogdefille.com\/blog\/creme-pas-grasse-pour-cecile-de-brest\/\">Lire la suite \u00bb<\/a><\/p>\n","protected":false},"author":3,"featured_media":0,"comment_status":"open","ping_status":"open","sticky":false,"template":"","format":"standard","meta":{"footnotes":""},"categories":[20009,1489,1502],"tags":[20089],"class_list":["post-120280","post","type-post","status-publish","format-standard","hentry","category-beaute","category-le-soin","category-wanted","tag-hydratation"],"_links":{"self":[{"href":"https:\/\/www.monblogdefille.com\/blog\/wp-json\/wp\/v2\/posts\/120280","targetHints":{"allow":["GET"]}}],"collection":[{"href":"https:\/\/www.monblogdefille.com\/blog\/wp-json\/wp\/v2\/posts"}],"about":[{"href":"https:\/\/www.monblogdefille.com\/blog\/wp-json\/wp\/v2\/types\/post"}],"author":[{"embeddable":true,"href":"https:\/\/www.monblogdefille.com\/blog\/wp-json\/wp\/v2\/users\/3"}],"replies":[{"embeddable":true,"href":"https:\/\/www.monblogdefille.com\/blog\/wp-json\/wp\/v2\/comments?post=120280"}],"version-history":[{"count":0,"href":"https:\/\/www.monblogdefille.com\/blog\/wp-json\/wp\/v2\/posts\/120280\/revisions"}],"wp:attachment":[{"href":"https:\/\/www.monblogdefille.com\/blog\/wp-json\/wp\/v2\/media?parent=120280"}],"wp:term":[{"taxonomy":"category","embeddable":true,"href":"https:\/\/www.monblogdefille.com\/blog\/wp-json\/wp\/v2\/categories?post=120280"},{"taxonomy":"post_tag","embeddable":true,"href":"https:\/\/www.monblogdefille.com\/blog\/wp-json\/wp\/v2\/tags?post=120280"}],"curies":[{"name":"wp","href":"https:\/\/api.w.org\/{rel}","templated":true}]}}