{"id":111706,"date":"2007-01-12T15:10:02","date_gmt":"2007-01-12T14:10:02","guid":{"rendered":"http:\/\/localhost\/wordpress\/?p=111706"},"modified":"2009-01-26T01:59:53","modified_gmt":"2009-01-26T00:59:53","slug":"probleme-de-sourcils-pour-marietta-a-paris","status":"publish","type":"post","link":"https:\/\/www.monblogdefille.com\/blog\/probleme-de-sourcils-pour-marietta-a-paris\/","title":{"rendered":"Probl\u00e8me de sourcils pour Marietta \u00e0 Paris"},"content":{"rendered":"<p class=\"MsoNormal\"><img loading=\"lazy\" decoding=\"async\" src=\"wp-content\/themes\/default\/images\/wanted3.jpg\" border=\"0\" alt=\"\" width=\"166\" height=\"200\" align=\"right\" \/><span style=\"font-size: 10pt; font-family: Arial;\">\u00ab Bonjour !<\/span><\/p>\n<p class=\"MsoNormal\"><span style=\"font-size: 10pt; font-family: Arial;\">Je voudrais vous demander un conseil : j&rsquo;ai eu quelques d\u00e9boires avec un maquillage<br \/>\npermanent des sourcils mal effectu\u00e9 (trop \u00e9pil\u00e9s, il me manque presque la moiti\u00e9 de chaque sourcil&#8230;vous imaginez les d\u00e9g\u00e2ts&#8230;) : l&rsquo;esth\u00e9ticienne non seulement avait selon moi mal fait son travail (les traits simulant les poils de sourcils \u00e9taient beaucoup trop \u00e9cart\u00e9s les uns des autres) mais en plus les pigments qu&rsquo;elle avait utilis\u00e9 ont tr\u00e8s vite vir\u00e9 au \u00ab\u00a0rouss\u00e2tre\u00a0\u00bb (je suis moi-m\u00eame plut\u00f4t brune). <\/span>\n<\/p>\n<p class=\"MsoNormal\"><span style=\"font-size: 10pt; font-family: Arial;\">Que pensez-vous de la technique du maquillage permanent ? Peut-\u00eatre connaissez-vous un institut sp\u00e9cialis\u00e9 dans cette technique et dont le travail serait impeccable (j&rsquo;habite \u00e0 Paris) ?<\/span><\/p>\n<p>Merci beaucoup !<br \/>\n<!--[if !supportLineBreakNewLine]--><br \/>\n<!--[endif]-->Sign\u00e9 : Marietta \u00bb<\/p>\n","protected":false},"excerpt":{"rendered":"<p>\u00ab Bonjour ! Je voudrais vous demander un conseil : j&rsquo;ai eu quelques d\u00e9boires avec un maquillage permanent des sourcils mal effectu\u00e9 (trop \u00e9pil\u00e9s, il me manque presque la moiti\u00e9 de chaque sourcil&#8230;vous imaginez les&#8230;<br \/> <a class=\"read-more\" href=\"https:\/\/www.monblogdefille.com\/blog\/probleme-de-sourcils-pour-marietta-a-paris\/\">Lire la suite \u00bb<\/a><\/p>\n","protected":false},"author":3,"featured_media":0,"comment_status":"open","ping_status":"open","sticky":false,"template":"","format":"standard","meta":{"footnotes":""},"categories":[20009,1502],"tags":[19997],"class_list":["post-111706","post","type-post","status-publish","format-standard","hentry","category-beaute","category-wanted","tag-sourcils"],"_links":{"self":[{"href":"https:\/\/www.monblogdefille.com\/blog\/wp-json\/wp\/v2\/posts\/111706","targetHints":{"allow":["GET"]}}],"collection":[{"href":"https:\/\/www.monblogdefille.com\/blog\/wp-json\/wp\/v2\/posts"}],"about":[{"href":"https:\/\/www.monblogdefille.com\/blog\/wp-json\/wp\/v2\/types\/post"}],"author":[{"embeddable":true,"href":"https:\/\/www.monblogdefille.com\/blog\/wp-json\/wp\/v2\/users\/3"}],"replies":[{"embeddable":true,"href":"https:\/\/www.monblogdefille.com\/blog\/wp-json\/wp\/v2\/comments?post=111706"}],"version-history":[{"count":0,"href":"https:\/\/www.monblogdefille.com\/blog\/wp-json\/wp\/v2\/posts\/111706\/revisions"}],"wp:attachment":[{"href":"https:\/\/www.monblogdefille.com\/blog\/wp-json\/wp\/v2\/media?parent=111706"}],"wp:term":[{"taxonomy":"category","embeddable":true,"href":"https:\/\/www.monblogdefille.com\/blog\/wp-json\/wp\/v2\/categories?post=111706"},{"taxonomy":"post_tag","embeddable":true,"href":"https:\/\/www.monblogdefille.com\/blog\/wp-json\/wp\/v2\/tags?post=111706"}],"curies":[{"name":"wp","href":"https:\/\/api.w.org\/{rel}","templated":true}]}}