{"id":110992,"date":"2008-01-10T09:56:58","date_gmt":"2008-01-10T08:56:58","guid":{"rendered":"http:\/\/localhost\/wordpress\/?p=110992"},"modified":"2011-12-31T18:40:00","modified_gmt":"2011-12-31T17:40:00","slug":"plus-de-tabac-yeeeaaaaaaaaaahhh","status":"publish","type":"post","link":"https:\/\/www.monblogdefille.com\/blog\/plus-de-tabac-yeeeaaaaaaaaaahhh\/","title":{"rendered":"Plus de tabac, yeeeaaaaaaaaaahhh !!!!!!!!!!!!!!!!"},"content":{"rendered":"<p class=\"MsoNormal\"><img loading=\"lazy\" decoding=\"async\" src=\"wp-content\/themes\/default\/images\/non_fumeur2.jpg\" align=\"right\" border=\"0\" height=\"250\" width=\"250\" \/><span style=\"font-size: 10pt; font-family: Arial\">J\u2019arrive pas \u00e0 y croire.<br \/>\n<font face=\"arial,helvetica,sans-serif\">A chaque fois que j\u2019entre dans un bar, un resto, un tabac (oui le tabac o\u00f9 j\u2019ach\u00e8te mes timbres est non fumeur !! J\u2019en reviens pas !), je suis sci\u00e9e : la clope est enfin interdite l\u00e0 o\u00f9 d\u2019autres que les fumeurs respirent.<br \/>\n<\/font><\/span><font face=\"arial,helvetica,sans-serif\"><br \/>\nEnfin l\u2019air est normal (pollu\u00e9 quoi, on est quand m\u00eame \u00e0 Paris ;-), mes fringues ne sentent pas le cendrier mort en sortant du resto, mes yeux ne br\u00fblent pas au bout d\u2019une<br \/>\nheure, je ne tousse plus d\u00e8s le milieu de la soir\u00e9e, je n\u2019ai pas l\u2019impression de respirer la t\u00eate directement coll\u00e9e \u00e0 un pot d\u2019\u00e9chappement !<br \/>\nC\u2019est la joie pour de bon, je suis hyper sensible \u00e0 l\u2019odeur et aux effets de la fum\u00e9e de cigarette et cette mesure me change r\u00e9ellement la vie : je suis all\u00e9e au<br \/>\nmoins deux fois dans des caf\u00e9s cette semaine ! Des troquets parisiens de base. Je n\u2019y foutais plus les pieds depuis des ann\u00e9es tellement je supportais pas l\u2019air enfum\u00e9.<br \/>\nLimite je vais recommencer \u00e0 sortir dans les bars et les boites! Non mais vous vous rendez compte ? Je sais pas si c\u2019est moi qui suis un peu ravie de la cr\u00e8che sur ce coup-l\u00e0, mais \u00e0 chaque nouvel \u00e9tablissement que je d\u00e9couvre non fumeur, j\u2019hallucine (et je m\u2019extasie).<\/font><br \/>\n<span style=\"font-size: 10pt; font-family: Arial\"><\/span><\/p>\n<p class=\"MsoNormal\"><span style=\"font-size: 10pt; font-family: Arial\">Le fait que certains fument m\u2019est strictement indiff\u00e9rent ; je ne consid\u00e8re pas \u00e7a comme un p\u00e9ch\u00e9 mais comme une vraie drogue dure dont il est affreusement difficile de se d\u00e9faire.<br \/>\nSi vraiment on me demande de penser quelque chose des fumeurs je dirais que je les plains, mais rien de plus n\u00e9gatif.<\/span><\/p>\n<p class=\"MsoNormal\"><span style=\"font-size: 10pt; font-family: Arial\">En revanche je ne suis pas du tout d\u2019accord avec le fait que les autres soient oblig\u00e9s de respirer \u00e7a aussi.<br \/>\nOn a le droit de se d\u00e9zinguer la sant\u00e9 mais on ne touche pas \u00e0 celle des voisins si on peut faire autrement.<br \/>\nJe me suis toujours mise \u00e0 la place des serveurs dans les bars, les boites et certains restos, qui vivent dans la fum\u00e9e \u00e0 longueur de journ\u00e9e et \u00e0 qui on n\u2019a pourtant pas \u00e9crit \u00ab cancer possible \u00bb en petites lettres au bas de leur contrat de travail. <\/span><\/p>\n<p class=\"MsoNormal\"><span style=\"font-size: 10pt; font-family: Arial\">J\u2019en ai interrog\u00e9 pas mal ces derniers jours, ils sont vachement contents de bosser enfin dans un air normal. M\u00eame les fumeurs (c\u2019est comme dans les anciens trains finalement, quand il y avait des wagons fumeurs : m\u00eame les fumeurs r\u00e9servaient leur place en non fumeur et allaient s\u2019en griller une dans le wagon fumeur de temps en temps).<br \/>\nEt les clients n\u2019ont pas l\u2019air trop malheureux de cloper sur le trottoir.<br \/>\nSi \u00e7a se trouve \u00e7a va devenir comme en Angleterre o\u00f9 c\u2019est devenu l\u2019endroit id\u00e9al pour draguer ;-)<\/span>\n<\/p>\n<p class=\"MsoNormal\"><span style=\"font-size: 10pt; font-family: Arial\">En attendant je respire, et \u00e7a fait du bien.<\/span><\/p>\n","protected":false},"excerpt":{"rendered":"<p>J\u2019arrive pas \u00e0 y croire. A chaque fois que j\u2019entre dans un bar, un resto, un tabac (oui le tabac o\u00f9 j\u2019ach\u00e8te mes timbres est non fumeur !! J\u2019en reviens pas !), je suis sci\u00e9e&#8230;<br \/> <a class=\"read-more\" href=\"https:\/\/www.monblogdefille.com\/blog\/plus-de-tabac-yeeeaaaaaaaaaahhh\/\">Lire la suite \u00bb<\/a><\/p>\n","protected":false},"author":3,"featured_media":0,"comment_status":"open","ping_status":"open","sticky":false,"template":"","format":"standard","meta":{"footnotes":""},"categories":[1475],"tags":[],"class_list":["post-110992","post","type-post","status-publish","format-standard","hentry","category-divers"],"_links":{"self":[{"href":"https:\/\/www.monblogdefille.com\/blog\/wp-json\/wp\/v2\/posts\/110992","targetHints":{"allow":["GET"]}}],"collection":[{"href":"https:\/\/www.monblogdefille.com\/blog\/wp-json\/wp\/v2\/posts"}],"about":[{"href":"https:\/\/www.monblogdefille.com\/blog\/wp-json\/wp\/v2\/types\/post"}],"author":[{"embeddable":true,"href":"https:\/\/www.monblogdefille.com\/blog\/wp-json\/wp\/v2\/users\/3"}],"replies":[{"embeddable":true,"href":"https:\/\/www.monblogdefille.com\/blog\/wp-json\/wp\/v2\/comments?post=110992"}],"version-history":[{"count":0,"href":"https:\/\/www.monblogdefille.com\/blog\/wp-json\/wp\/v2\/posts\/110992\/revisions"}],"wp:attachment":[{"href":"https:\/\/www.monblogdefille.com\/blog\/wp-json\/wp\/v2\/media?parent=110992"}],"wp:term":[{"taxonomy":"category","embeddable":true,"href":"https:\/\/www.monblogdefille.com\/blog\/wp-json\/wp\/v2\/categories?post=110992"},{"taxonomy":"post_tag","embeddable":true,"href":"https:\/\/www.monblogdefille.com\/blog\/wp-json\/wp\/v2\/tags?post=110992"}],"curies":[{"name":"wp","href":"https:\/\/api.w.org\/{rel}","templated":true}]}}