{"id":110539,"date":"2008-01-08T09:23:12","date_gmt":"2008-01-08T09:23:12","guid":{"rendered":"http:\/\/localhost\/wordpress\/?p=110539"},"modified":"2008-03-27T16:45:18","modified_gmt":"2008-03-27T15:45:18","slug":"resolutions","status":"publish","type":"post","link":"https:\/\/www.monblogdefille.com\/blog\/resolutions\/","title":{"rendered":"R\u00e9solutions ?"},"content":{"rendered":"<p class=\"MsoNormal\"><img loading=\"lazy\" decoding=\"async\" src=\"wp-content\/themes\/default\/images\/diamant_legumes.jpg\" align=\"left\" border=\"0\" height=\"188\" hspace=\"5\" width=\"250\" \/><span style=\"font-size: 10pt; font-family: Arial\">Or donc le <u><a href=\"http:\/\/monblogdefille.mabulle.com\/index.php\/2007\/01\/01\/36821-finalement-je-vais-prendre-des-resolutions\" target=\"_blank\" rel=\"noopener\">1<sup>er<\/sup> janvier 2007<\/a><\/u> j\u2019avais pris des r\u00e9solutions, ce que je ne fais jamais. Je m\u2019en vais donc si voulvoul, faire le point sous vos yeux \u00e9blouis sur ce qui a \u00e9t\u00e9 tenu ou pas en 2007, histoire qu\u2019on sache si \u00e7a vaut le coup de remettre \u00e7a cette ann\u00e9e.<\/span><\/p>\n<p class=\"MsoNormal\"><em><span style=\"font-size: 10pt; font-family: Arial\">En 2007 j\u2019aurai des rides. Elles se marquent de plus en plus au coin de mes yeux, et m\u00eame si je trouve dommage de ne plus avoir 18 ans de ce point de vue, je les laisserai vivre (je ne jure pas, en revanche, de ne pas c\u00e9der \u00e0 une petite envie de botox dans la ride du lion).<\/span><\/em><br \/>\n<span style=\"font-size: 10pt; font-family: Arial\">Tenu, pour les rides et pour le botox ;-)<\/span><\/p>\n<p class=\"MsoNormal\"><em><span style=\"font-size: 10pt; font-family: Arial\">En 2007 je ne perdrai pas un gramme. Parce que sinon il faudra que je change toute ma garde robe, et je pr\u00e9f\u00e8re consacrer mes sous \u00e0 autre chose (sans compter que mes fringues taille 46, je les aime).<\/span><\/em><br \/>\n<span style=\"font-size: 10pt; font-family: Arial\">Tenu, j\u2019ai pris 6 kilos. Et attention, en seulement 5 mois ! (mais non je suis pas enceinte, dieu m\u2019en pr\u00e9serve, j\u2019ai juste v\u00e9cu des trucs tr\u00e8s tristes).<\/span><\/p>\n<p class=\"MsoNormal\"><em><span style=\"font-size: 10pt; font-family: Arial\">En 2007 j\u2019irai plus souvent au spa ou au hammam, je ne me suis pas assez fait de bien ces derniers mois.<\/span><\/em><br \/>\n<span style=\"font-size: 10pt; font-family: Arial\">Non tenu, pas eu le temps.<\/span><\/p>\n<p class=\"MsoNormal\"><em><span style=\"font-size: 10pt; font-family: Arial\">En 2007 j\u2019ach\u00e8terai un tr\u00e8s beau truc en soldes. Au hasard un sac en cuir marron. Ben quoi, je cherche toujours le sac de mes r\u00eaves ;-).<\/span><\/em><br \/>\n<span style=\"font-size: 10pt; font-family: Arial\">A moiti\u00e9 tenu, j\u2019en ai achet\u00e9 un beau, mais noir et hors soldes ;-)<\/span><\/p>\n<p class=\"MsoNormal\"><em><span style=\"font-size: 10pt; font-family: Arial\">En 2007 je tenterai d\u2019\u00eatre une fille bien avec mes amies, \u00e7a me co\u00fbte pas.<\/span><\/em><br \/>\n<span style=\"font-size: 10pt; font-family: Arial\">Moyennement tenu, j\u2019ai pas \u00e9t\u00e9 une fille super. Mais j\u2019avais des m\u00e9ga circonstances att\u00e9nuantes que les vrais<br \/>\npersonnes bienveillantes ont su comprendre avec douceur et empathie. Pour les autres, le tri est salutaire.<\/span><\/p>\n<p class=\"MsoNormal\"><em><span style=\"font-size: 10pt; font-family: Arial\">En 2007 j&rsquo;irai plus souvent voir la mer en Bretagne, \u00e7a me manque trop.<\/span><\/em><br \/>\n<span style=\"font-size: 10pt; font-family: Arial\">Pas assez tenu, une seule fois !<br \/>\n<!--[endif]--><\/span><\/p>\n<p class=\"MsoNormal\"><em><span style=\"font-size: 10pt; font-family: Arial\">En 2007 j\u2019essaierai d\u2019avancer un peu plus vite c\u00f4t\u00e9 professionnel, et \u00e0 cesser d\u2019avoir peur. La peur, \u00e7a paralyse, c\u2019est ce qui existe de pire.<\/span><\/em><br \/>\n<span style=\"font-size: 10pt; font-family: Arial\">Tenu, \u00e7a a bien dropp\u00e9 de ce c\u00f4t\u00e9.<\/span><\/p>\n<p class=\"MsoNormal\"><em><span style=\"font-size: 10pt; font-family: Arial\">En 2007 je garderai mes cheveux hyper courts, parce que j\u2019adore \u00e7a et que \u00e7a me va mieux que tout. Je me ficherai pas mal que \u00e7a soit pas la mode.<\/span><\/em><br \/>\n<span style=\"font-size: 10pt; font-family: Arial\">Non tenu, je les laisse pousser ;-) Mais juste un petit peu, ils resteront quand m\u00eame courts ;-)<\/span><\/p>\n<p class=\"MsoNormal\"><em><span style=\"font-size: 10pt; font-family: Arial\">En 2007 je continuerai de penser \u00e0 moi d\u2019abord, parce que \u00e7a permet de mieux penser aux autres ensuite.<\/span><\/em><br \/>\n<span style=\"font-size: 10pt; font-family: Arial\">Tenu, j\u2019ai m\u00eame \u00e9crit un bouquin l\u00e0-dessus ;-)<\/span><\/p>\n<p class=\"MsoNormal\"><em><span style=\"font-size: 10pt; font-family: Arial\">En 2007 j\u2019irai plus souvent me faire manucurer les ongles chez les dames chinoises en bas de chez moi, vu comme j\u2019ai la flemme de faire \u00e7a moi-m\u00eame.<\/span><\/em><br \/>\n<span style=\"font-size: 10pt; font-family: Arial\">Non tenu, mais c\u2019est parce qu\u2019entre temps j\u2019ai d\u00e9couvert Mavala qui est vachement mieux.<\/span><\/p>\n<p class=\"MsoNormal\"><em><span style=\"font-size: 10pt; font-family: Arial\">En 2007 je ne l\u00e2cherai pas, \u00e0 mon \u00e9chelle, le combat f\u00e9ministe : il y a encore malheureusement du boulot.<\/span><\/em><br \/>\n<span style=\"font-size: 10pt; font-family: Arial\">Tenu, h\u00e9las.<\/span><\/p>\n<p class=\"MsoNormal\"><em><span style=\"font-size: 10pt; font-family: Arial\">En 2007 j\u2019irai voter, histoire que les nanas d\u2019avant-guerre se soient pas \u00e9chin\u00e9es pour rien, et qu\u2019on se retrouve pas dans vingt ans avec un statut de r\u00e9publique banani\u00e8re.<\/span><\/em><br \/>\n<span style=\"font-size: 10pt; font-family: Arial\">Tenu, en m\u00eame temps \u00e7a a servi \u00e0 rien ;-)<\/span><\/p>\n<p class=\"MsoNormal\"><em><span style=\"font-size: 10pt; font-family: Arial\">En 2007 je gagnerai le concours du Festival de Romans, gr\u00e2ce \u00e0 vos votes (oui, c\u2019est de l\u2019humour).<\/span><\/em><br \/>\n<span style=\"font-size: 10pt; font-family: Arial\">Non tenu, mais je participe \u00e0 nouveau cette ann\u00e9e ;-)<\/span><\/p>\n<p class=\"MsoNormal\"><span style=\"font-size: 10pt; font-family: Arial\">Et pour 2008 ?<br \/>\nEuhhhh, <strong>manger des l\u00e9gumes<\/strong> ? Histoire de pas p\u00e9rir pr\u00e9matur\u00e9ment d\u2019un scorbut foudroyant ?<br \/>\nOu beaucoup plus fun, <strong>investir dans la pierre<\/strong> (trad = acheter des diamants) !<\/span><\/p>\n","protected":false},"excerpt":{"rendered":"<p>Or donc le 1er janvier 2007 j\u2019avais pris des r\u00e9solutions, ce que je ne fais jamais. Je m\u2019en vais donc si voulvoul, faire le point sous vos yeux \u00e9blouis sur ce qui a \u00e9t\u00e9 tenu&#8230;<br \/> <a class=\"read-more\" href=\"https:\/\/www.monblogdefille.com\/blog\/resolutions\/\">Lire la suite \u00bb<\/a><\/p>\n","protected":false},"author":3,"featured_media":0,"comment_status":"open","ping_status":"open","sticky":false,"template":"","format":"standard","meta":{"footnotes":""},"categories":[1475],"tags":[],"class_list":["post-110539","post","type-post","status-publish","format-standard","hentry","category-divers"],"_links":{"self":[{"href":"https:\/\/www.monblogdefille.com\/blog\/wp-json\/wp\/v2\/posts\/110539","targetHints":{"allow":["GET"]}}],"collection":[{"href":"https:\/\/www.monblogdefille.com\/blog\/wp-json\/wp\/v2\/posts"}],"about":[{"href":"https:\/\/www.monblogdefille.com\/blog\/wp-json\/wp\/v2\/types\/post"}],"author":[{"embeddable":true,"href":"https:\/\/www.monblogdefille.com\/blog\/wp-json\/wp\/v2\/users\/3"}],"replies":[{"embeddable":true,"href":"https:\/\/www.monblogdefille.com\/blog\/wp-json\/wp\/v2\/comments?post=110539"}],"version-history":[{"count":0,"href":"https:\/\/www.monblogdefille.com\/blog\/wp-json\/wp\/v2\/posts\/110539\/revisions"}],"wp:attachment":[{"href":"https:\/\/www.monblogdefille.com\/blog\/wp-json\/wp\/v2\/media?parent=110539"}],"wp:term":[{"taxonomy":"category","embeddable":true,"href":"https:\/\/www.monblogdefille.com\/blog\/wp-json\/wp\/v2\/categories?post=110539"},{"taxonomy":"post_tag","embeddable":true,"href":"https:\/\/www.monblogdefille.com\/blog\/wp-json\/wp\/v2\/tags?post=110539"}],"curies":[{"name":"wp","href":"https:\/\/api.w.org\/{rel}","templated":true}]}}