{"id":108028,"date":"2007-12-23T12:04:16","date_gmt":"2007-12-23T12:04:16","guid":{"rendered":"http:\/\/localhost\/wordpress\/?p=108028"},"modified":"2008-03-17T14:23:45","modified_gmt":"2008-03-17T13:23:45","slug":"la-culture-mystique-de-noel-et-nous-par-broutilles","status":"publish","type":"post","link":"https:\/\/www.monblogdefille.com\/blog\/la-culture-mystique-de-noel-et-nous-par-broutilles\/","title":{"rendered":"La Culture Mystique de No\u00ebl et nous, par Broutilles"},"content":{"rendered":"<p style=\"text-align: left\" class=\"MsoBodyText\" align=\"left\"><img loading=\"lazy\" decoding=\"async\" src=\"wp-content\/themes\/default\/images\/tanjore_ecolieres.jpg\" align=\"right\" border=\"0\" height=\"188\" width=\"250\" \/><span style=\"font-size: 10pt\"><font face=\"arial,helvetica,sans-serif\">\u00ab C&rsquo;est un fait, dans ma famille, on est ath\u00e9e complet. Pas une once de bondieuserie dans notre \u00e9ducation, et \u00e7a remonte \u00e0 bien loin dans la lign\u00e9e de mon p\u00e8re au moins. Du c\u00f4t\u00e9 de ma m\u00e8re, jusqu&rsquo;\u00e0 la g\u00e9n\u00e9ration de mes grands-parents, on se pliait aux coutumes sans en faire un fromage. Ma m\u00e8re s&rsquo;est ensuite appliqu\u00e9e \u00e0 renverser les traditions en accompagnant (en cachette) sa copine au \u00ab\u00a0cat\u00e9chisme des protestants\u00a0\u00bb (\u00e7a doit avoir un autre nom, mais je suis bien incapable de trouver lequel). \u00c7a lui a permis de se rendre compte de quelques contradictions qui l&rsquo;ont laiss\u00e9e perplexe, puis carr\u00e9ment affranchie de toute croyance religieuse.<\/font> <\/span><\/p>\n<p class=\"MsoNormal\"><span style=\"font-size: 10pt; font-family: Arial\">Pour ma part, j&rsquo;ai bien eu une p\u00e9riode mystique, entre 7 et 9 ans. Je voyais tous mes copains aller au cat\u00e9chisme et en revenir avec force anecdotes plus myst\u00e9rieuses les unes que les autres. Du coup, je me visualisais comme une petite fourmi t\u00e9l\u00e9guid\u00e9e par un gros doigt (celui de Dieu en personne) et \u00e7a ne me plaisait pas du tout. D&rsquo;un autre c\u00f4t\u00e9, je le \u00ab\u00a0priais\u00a0\u00bb avec ferveur \u00e0 chaque veille d&rsquo;interro, des fois qu&rsquo;il aurait eu l&rsquo;id\u00e9e de lorgner ma copie d&rsquo;un \u0153il bienveillant&#8230; <\/span><\/p>\n<p class=\"MsoNormal\"><span style=\"font-size: 10pt; font-family: Arial\">Je me rappelle aussi de mon institutrice de CM1 qui nous avait demand\u00e9 si on \u00e9tait \u00ab\u00a0pratiquant\u00a0\u00bb dans nos familles (quand j&rsquo;y pense !!! Une telle question dans une \u00e9cole la\u00efque serait aujourd&rsquo;hui passible d&rsquo;un bl\u00e2me de premi\u00e8re classe !). Elle nous avait expos\u00e9 la chose ainsi : le Monde se divise en deux cat\u00e9gories, soit on est catholique, soit on est protestant (point de musulman dans son monde&#8230; Quant aux ath\u00e9es&#8230; Bref.) Que je sache, je n&rsquo;avais jamais entendu dire \u00e0 la maison qu&rsquo;on \u00e9tait catholique (ni m\u00eame qu&rsquo;on n&rsquo;\u00e9tait pas tr\u00e8s catholique !). On devait donc \u00eatre protestant. Et moi, je trouvais \u00e7a g\u00e9nial d&rsquo;\u00eatre protestante ! \u00c7a voulait dire qu&rsquo;on \u00e9tait des gens qui protestaient, qu&rsquo;on \u00e9tait contre le syst\u00e8me et tout \u00e7a, qu&rsquo;on \u00e9tait des gens qui ne se laissaient pas faire&#8230; Remugles sans doute des grands discours de mon grand-p\u00e8re paternel qui ne ratait pas une occasion de r\u00e2ler&#8230; Ouais, j&rsquo;\u00e9tais protestante !!! Et fi\u00e8re de l&rsquo;\u00eatre ! En tous cas, c&rsquo;est ce que j&rsquo;ai dit \u00e0 mon instit&rsquo;, de mon air le plus d\u00e9termin\u00e9 possible&#8230; Le doute s&rsquo;est install\u00e9 quand elle m&rsquo;a demand\u00e9 si on allait \u00ab\u00a0au temple\u00a0\u00bb&#8230; J&rsquo;ai dit oui sans trop savoir \u00e0 quoi je r\u00e9pondais. Et j&rsquo;ai quand m\u00eame demand\u00e9 confirmation le soir \u00e0 la maison&#8230; D\u00e9solation&#8230; Ah bon ? On n&rsquo;est pas protestant dans la famille ? Mais pourtant, Papy&#8230;<\/span><\/p>\n<p class=\"MsoNormal\"><span style=\"font-size: 10pt; font-family: Arial\">Bref, tout \u00e7a \u00e9tait bien confus dans ma t\u00eate et en Dieu, j&rsquo;y croyais quand \u00e7a m&rsquo;arrangeait, jusqu&rsquo;au jour o\u00f9 ma m\u00e8re m&rsquo;a offert la Bible en bande dessin\u00e9e, pour que je me fasse ma propre id\u00e9e. A la suite de \u00e7a, j&rsquo;ai essay\u00e9 de marcher<br \/>\nsur l&rsquo;eau du bassin de la piscine municipale, j&rsquo;ai bien vu que ce n&rsquo;\u00e9tait pas possible&#8230;<br \/>\nD\u00e9j\u00e0 que j&rsquo;avais du mal \u00e0 croire \u00e0 la r\u00e9alit\u00e9 des personnages des dessins anim\u00e9s qui dansaient pour parler !&#8230; \u00c7a m&rsquo;aga\u00e7ait, moi, toutes ces Dysniaiseries, \u00e7a g\u00e2chait mon plaisir, ces digressions com\u00e9die-musicalesques.<br \/>\nM\u00eame enfant, il faut croire que j&rsquo;\u00e9tais cart\u00e9sienne. Les dessins anim\u00e9s ne me plaisaient pas parce qu&rsquo;ils nous racontaient tous que des trucs m\u00eame pas possibles dans la vraie vie (enfin, je dois dire quand m\u00eame que quand la maman de Bambi est morte, j&rsquo;ai pleur\u00e9 comme une Madeleine !). <\/span><\/p>\n<p class=\"MsoNormal\"><span style=\"font-size: 10pt; font-family: Arial\">Mais revenons \u00e0 nos moutons (de Panurge)&#8230; Cette lecture de la Bible en bande dessin\u00e9e m&rsquo;a d\u00e9finitivement mise du c\u00f4t\u00e9 des ath\u00e9es, Bambi ou pas&#8230; Pas agnostique pour deux sous non plus. Rien de rien, je ne crois en rien de<br \/>\nmystique. Oui, je sais, vous trouvez peut-\u00eatre \u00e7a triste, mais \u00e0 moi, \u00e7a ne me p\u00e8se pas du tout. Cela dit, je comprends que parfois, \u00e7a doit aider, de croire au moins un peu \u00e0 tout \u00e7a, mais bon&#8230; Pour moi, la mort, c&rsquo;est la fin de la vie. Point. Et la vie, c&rsquo;est nous qui la menons, ni Dieu, ni le Destin ou la Fatalit\u00e9, c&rsquo;est nous. <\/span><\/p>\n<p class=\"MsoNormal\"><span style=\"font-size: 10pt; font-family: Arial\">Alors No\u00ebl ??? Que reste-t-il de No\u00ebl dans tout \u00e7a ? Eh bien, le P\u00e8re No\u00ebl, bien s\u00fbr, et aussi l&rsquo;occasion de tous se retrouver autour d&rsquo;une bonne table&#8230; (et accessoirement de massacrer des desserts en cuisine, mais rappellez-moi de vous raconter \u00e7a une autre fois&#8230;)<br \/>\nEt puis les jolies vitrines, les \u00e9clairages&#8230; Et les festivit\u00e9s et autres march\u00e9s&#8230;<\/span><\/p>\n<p class=\"MsoNormal\"><span style=\"font-size: 10pt; font-family: Arial\">R\u00e9cemment, ma s\u0153ur est all\u00e9e en famille au march\u00e9 de No\u00ebl avec le secret espoir d&rsquo;y rencontrer le P\u00e8re No\u00ebl. Je pr\u00e9cise juste que ma s\u0153ur est aussi ath\u00e9e que moi, et que sa culture biblique est au m\u00eame niveau que le mien, c&rsquo;est-\u00e0-dire proche d&rsquo;une abyssale ignorance. Autre pr\u00e9cision qui a son importance dans ce qui va suivre : elle s&rsquo;appelle C\u00e9cile, et son mari se pr\u00e9nomme Joseph&#8230;<br \/>\nDans l&rsquo;\u00e9glise du village se pr\u00e9parait le concert du soir&#8230; Des Gospels&#8230; Porte entrouverte&#8230; Ma ni\u00e8ce (6 ans) se faufile \u00e0 l&rsquo;int\u00e9rieur et appelle ses parents&#8230;<br \/>\n&#8211; Venez voir l\u00e0 comme c&rsquo;est beau !<br \/>\n&#8211; Ah oui, c&rsquo;est la cr\u00e8che de No\u00ebl\u2026<br \/>\nMa ni\u00e8ce, pointant du doigt l&rsquo;enfant endormi dans sa paille :<br \/>\n&#8211; Et oui&#8230; et l\u00e0 c&rsquo;est J\u00e9sus !<br \/>\nConsternation de ma s\u0153ur : elle sait \u00e7a, elle ???<br \/>\n&#8211; Et comment tu sais \u00e7a ?<br \/>\n&#8211; C&rsquo;est M\u00e9mette qui me l&rsquo;a dit ! (NDLR : M\u00e9mette, c&rsquo;est ma m\u00e8re, la grand-m\u00e8re de ma ni\u00e8ce donc !)<br \/>\nAffliction&#8230;<br \/>\nMa s\u0153ur encha\u00eene donc en d\u00e9signant l&rsquo;homme barbu pench\u00e9 sur le petit J\u00e9sus :<br \/>\n&#8211; Et l\u00e0, c&rsquo;est qui ?<br \/>\n&#8211; Joseph !!!<br \/>\nC\u00e9cile est quelque peu stup\u00e9faite par la culture biblique de sa fille&#8230; Elle poursuit en d\u00e9signant alors la femme pench\u00e9e sur le petit J\u00e9sus&#8230;<br \/>\n&#8211; Et l\u00e0, c&rsquo;est qui ??<br \/>\n&#8211; L\u00e0 ? Mais c\u2019est CECILE !!!!!!<\/span>\n<\/p>\n<p class=\"MsoNormal\"><span style=\"font-size: 10pt; font-family: Arial\">Voil\u00e0&#8230; un dr\u00f4le de conte de No\u00ebl \u00e0 raconter tr\u00e8s bient\u00f4t !<\/span><\/p>\n<p class=\"MsoNormal\"><span style=\"font-size: 10pt; font-family: Arial\">Sign\u00e9 : Broutilles \u00bb<\/span><\/p>\n","protected":false},"excerpt":{"rendered":"<p>\u00ab C&rsquo;est un fait, dans ma famille, on est ath\u00e9e complet. Pas une once de bondieuserie dans notre \u00e9ducation, et \u00e7a remonte \u00e0 bien loin dans la lign\u00e9e de mon p\u00e8re au moins. Du c\u00f4t\u00e9&#8230;<br \/> <a class=\"read-more\" href=\"https:\/\/www.monblogdefille.com\/blog\/la-culture-mystique-de-noel-et-nous-par-broutilles\/\">Lire la suite \u00bb<\/a><\/p>\n","protected":false},"author":3,"featured_media":0,"comment_status":"open","ping_status":"open","sticky":false,"template":"","format":"standard","meta":{"footnotes":""},"categories":[5377],"tags":[],"class_list":["post-108028","post","type-post","status-publish","format-standard","hentry","category-o-toi-lectrice"],"_links":{"self":[{"href":"https:\/\/www.monblogdefille.com\/blog\/wp-json\/wp\/v2\/posts\/108028","targetHints":{"allow":["GET"]}}],"collection":[{"href":"https:\/\/www.monblogdefille.com\/blog\/wp-json\/wp\/v2\/posts"}],"about":[{"href":"https:\/\/www.monblogdefille.com\/blog\/wp-json\/wp\/v2\/types\/post"}],"author":[{"embeddable":true,"href":"https:\/\/www.monblogdefille.com\/blog\/wp-json\/wp\/v2\/users\/3"}],"replies":[{"embeddable":true,"href":"https:\/\/www.monblogdefille.com\/blog\/wp-json\/wp\/v2\/comments?post=108028"}],"version-history":[{"count":0,"href":"https:\/\/www.monblogdefille.com\/blog\/wp-json\/wp\/v2\/posts\/108028\/revisions"}],"wp:attachment":[{"href":"https:\/\/www.monblogdefille.com\/blog\/wp-json\/wp\/v2\/media?parent=108028"}],"wp:term":[{"taxonomy":"category","embeddable":true,"href":"https:\/\/www.monblogdefille.com\/blog\/wp-json\/wp\/v2\/categories?post=108028"},{"taxonomy":"post_tag","embeddable":true,"href":"https:\/\/www.monblogdefille.com\/blog\/wp-json\/wp\/v2\/tags?post=108028"}],"curies":[{"name":"wp","href":"https:\/\/api.w.org\/{rel}","templated":true}]}}