{"id":107598,"date":"2007-12-20T13:34:15","date_gmt":"2007-12-20T13:34:15","guid":{"rendered":"http:\/\/localhost\/wordpress\/?p=107598"},"modified":"2008-05-25T17:08:00","modified_gmt":"2008-05-25T15:08:00","slug":"les-yeux-bleus-dernier-appel","status":"publish","type":"post","link":"https:\/\/www.monblogdefille.com\/blog\/les-yeux-bleus-dernier-appel\/","title":{"rendered":"Les yeux bleus, dernier appel !"},"content":{"rendered":"<p><img loading=\"lazy\" decoding=\"async\" src=\"wp-content\/themes\/default\/images\/assurer_sourcils.jpg\" align=\"left\" border=\"0\" height=\"228\" hspace=\"5\" width=\"250\" \/><font face=\"arial,helvetica,sans-serif\">Les z&rsquo;enfants je vous rappelle que vous avez jusqu&rsquo;\u00e0 ce soir minuit (le cachet d&rsquo;Outlook faisant foi) pour m&rsquo;envoyer <u><a href=\"http:\/\/monblogdefille.mabulle.com\/index.php\/2007\/12\/06\/104699-les-yeux-bleus\" target=\"_blank\" rel=\"noopener\">la photo de vos yeux maquill\u00e9s de bleu<\/a><\/u>. Apr\u00e8s maccache, impossible de participer (je sais, on gagne rien, mais quand m\u00eame).<\/font><\/p>\n<p><font face=\"arial,helvetica,sans-serif\">J&rsquo;insiste sur les 500 px de large minimum, si c&rsquo;est plus petit on ne peut pas en faire grand chose&#8230;<\/font><\/p>\n<p><font face=\"arial,helvetica,sans-serif\">Allez hop, au boulot ! <\/font><\/p>\n<p><font face=\"arial,helvetica,sans-serif\"><strong>Edit de 14h10 :<\/strong> j&rsquo;ai \u00e9t\u00e9 un peu trop imp\u00e9rative avec mon histoire de lumi\u00e8re naturelle, vous pouvez tout \u00e0 fait faire les photos en lumi\u00e8re artificielle, c&rsquo;est pas grave tant que c&rsquo;est pas trop moche ;-)) <\/font><\/p>\n","protected":false},"excerpt":{"rendered":"<p>Les z&rsquo;enfants je vous rappelle que vous avez jusqu&rsquo;\u00e0 ce soir minuit (le cachet d&rsquo;Outlook faisant foi) pour m&rsquo;envoyer la photo de vos yeux maquill\u00e9s de bleu. Apr\u00e8s maccache, impossible de participer (je sais, on&#8230;<br \/> <a class=\"read-more\" href=\"https:\/\/www.monblogdefille.com\/blog\/les-yeux-bleus-dernier-appel\/\">Lire la suite \u00bb<\/a><\/p>\n","protected":false},"author":3,"featured_media":0,"comment_status":"open","ping_status":"open","sticky":false,"template":"","format":"standard","meta":{"footnotes":""},"categories":[1485],"tags":[19939],"class_list":["post-107598","post","type-post","status-publish","format-standard","hentry","category-le-maquillage","tag-fard-a-paupieres"],"_links":{"self":[{"href":"https:\/\/www.monblogdefille.com\/blog\/wp-json\/wp\/v2\/posts\/107598","targetHints":{"allow":["GET"]}}],"collection":[{"href":"https:\/\/www.monblogdefille.com\/blog\/wp-json\/wp\/v2\/posts"}],"about":[{"href":"https:\/\/www.monblogdefille.com\/blog\/wp-json\/wp\/v2\/types\/post"}],"author":[{"embeddable":true,"href":"https:\/\/www.monblogdefille.com\/blog\/wp-json\/wp\/v2\/users\/3"}],"replies":[{"embeddable":true,"href":"https:\/\/www.monblogdefille.com\/blog\/wp-json\/wp\/v2\/comments?post=107598"}],"version-history":[{"count":0,"href":"https:\/\/www.monblogdefille.com\/blog\/wp-json\/wp\/v2\/posts\/107598\/revisions"}],"wp:attachment":[{"href":"https:\/\/www.monblogdefille.com\/blog\/wp-json\/wp\/v2\/media?parent=107598"}],"wp:term":[{"taxonomy":"category","embeddable":true,"href":"https:\/\/www.monblogdefille.com\/blog\/wp-json\/wp\/v2\/categories?post=107598"},{"taxonomy":"post_tag","embeddable":true,"href":"https:\/\/www.monblogdefille.com\/blog\/wp-json\/wp\/v2\/tags?post=107598"}],"curies":[{"name":"wp","href":"https:\/\/api.w.org\/{rel}","templated":true}]}}